{"id":602603,"date":"2025-05-13T16:53:12","date_gmt":"2025-05-13T14:53:12","guid":{"rendered":"https:\/\/funzine.hu\/?p=602603"},"modified":"2025-05-13T16:53:12","modified_gmt":"2025-05-13T14:53:12","slug":"madzarski-pravljicni-vrt-vrtnic-odpira-svoja-vrata-maja","status":"publish","type":"post","link":"https:\/\/funzine.hu\/sl\/2025\/05\/13\/potovanje\/madzarski-pravljicni-vrt-vrtnic-odpira-svoja-vrata-maja\/","title":{"rendered":"Mad\u017earski pravlji\u010dni vrt vrtnic odpira svoja vrata maja"},"content":{"rendered":"<p>\u010carobni vrt vrtnic Czir\u00e1ky Margit v gradu Esterh\u00e1zy v Fert\u0151du bo svoja vrata odprl 17. maja, kjer boste lahko ob\u010dudovali pogled na skoraj 8000 rastlin vrtnic.<\/p>\n<p>Impresivni vrt vrtnic gradu Esterh\u00e1zy je bil prvotno ustvarjen leta 1908 in je bil leta 2015 o\u017eivljen na podlagi sodobnih opisov in fotografij. Vrt je zgradil IV. Zamislila si ga je grofica Margit Czir\u00e1ky, \u017eena kneza Mikl\u00f3sa Esterh\u00e1zyja, ki bi bila zagotovo zadovoljna s skoraj 8000 tam posajenimi grmi vrtnic.<\/p>\n<figure id=\"attachment_602604\" aria-describedby=\"caption-attachment-602604\" style=\"width: 850px\" class=\"wp-caption aligncenter\"><img decoding=\"async\" class=\"size-funzine-large wp-image-602604\" src=\"https:\/\/funzine.hu\/wp-content\/uploads\/2025\/05\/rose-123312_1280-1200x900.jpg\" alt=\"\" width=\"850\" height=\"638\" srcset=\"https:\/\/funzine.hu\/wp-content\/uploads\/2025\/05\/rose-123312_1280-1200x900.jpg 1200w, https:\/\/funzine.hu\/wp-content\/uploads\/2025\/05\/rose-123312_1280-300x225.jpg 300w, https:\/\/funzine.hu\/wp-content\/uploads\/2025\/05\/rose-123312_1280-1024x768.jpg 1024w, https:\/\/funzine.hu\/wp-content\/uploads\/2025\/05\/rose-123312_1280-768x576.jpg 768w, https:\/\/funzine.hu\/wp-content\/uploads\/2025\/05\/rose-123312_1280-500x375.jpg 500w, https:\/\/funzine.hu\/wp-content\/uploads\/2025\/05\/rose-123312_1280.jpg 1280w\" sizes=\"(max-width: 850px) 100vw, 850px\" \/><figcaption id=\"caption-attachment-602604\" class=\"wp-caption-text\">ilustracija &#8211; pixabay.com<\/figcaption><\/figure>\n<p>Vzdol\u017e stotin metrov vijugastih lopov lahko ob\u010dudujemo vrtnice, od maslene do ro\u017enate, ognjeno rde\u010de, temno bordo, rumene in celo oran\u017ene barve, ve\u010dina teh je mad\u017earskih sort vrtnic, dopolnjujejo pa jih nem\u0161ki in angle\u0161ki vzorci. Vrt v polnem sijaju zasije maja in junija.<\/p>\n<p>Glede na objavo gradu Esterh\u00e1zy na Facebooku si lahko \u010darobno cvetje ogledate kadar koli od 17. maja v \u010dasu odprtja, od torka do nedelje med 10. in 17. uro.<\/p>\n<p>V prijetnih poletnih ve\u010derih je postalo skoraj tradicija, da romanti\u010dni vrt gosti sprehode po ro\u017enem vrtu in koncerte klasi\u010dne glasbe v kombinaciji s pikniki. O leto\u0161njih programih se lahko seznanite na Facebook strani gradu.<\/p>\n<p>Vrt vrtnic Czir\u00e1ky Margit<br \/>\n9431 Fert\u0151d, ulica Josepha Haydna 2.<br \/>\nDelovni \u010das: od torka do nedelje od 10.00 do 17.00<\/p>\n","protected":false},"excerpt":{"rendered":"<p>\u010carobni vrt vrtnic Czir\u00e1ky Margit v gradu Esterh\u00e1zy v Fert\u0151du bo svoja vrata odprl 17. maja, kjer<\/p>\n","protected":false},"author":391,"featured_media":602604,"comment_status":"closed","ping_status":"closed","sticky":false,"template":"","format":"standard","meta":{"_acf_changed":false,"wprm-recipe-roundup-name":"","wprm-recipe-roundup-description":"","ngg_post_thumbnail":0,"footnotes":""},"categories":[14345],"tags":[],"post_places":[],"class_list":["post-602603","post","type-post","status-publish","format-standard","has-post-thumbnail","hentry","category-potovanje"],"acf":{"connected_places":"","del_image":""},"yoast_head":"<!-- This site is optimized with the Yoast SEO plugin v27.2 - https:\/\/yoast.com\/product\/yoast-seo-wordpress\/ -->\n<title>Mad\u017earski pravlji\u010dni vrt vrtnic odpira svoja vrata maja<\/title>\n<meta name=\"robots\" content=\"index, follow, max-snippet:-1, max-image-preview:large, max-video-preview:-1\" \/>\n<link rel=\"canonical\" href=\"https:\/\/funzine.hu\/sl\/2025\/05\/13\/potovanje\/madzarski-pravljicni-vrt-vrtnic-odpira-svoja-vrata-maja\/\" \/>\n<meta property=\"og:locale\" content=\"sl_SI\" \/>\n<meta property=\"og:type\" content=\"article\" \/>\n<meta property=\"og:title\" content=\"Mad\u017earski pravlji\u010dni vrt vrtnic odpira svoja vrata maja\" \/>\n<meta property=\"og:description\" content=\"\u010carobni vrt vrtnic Czir\u00e1ky Margit v gradu Esterh\u00e1zy v Fert\u0151du bo svoja vrata odprl 17. maja, kjer\" \/>\n<meta property=\"og:url\" content=\"https:\/\/funzine.hu\/sl\/2025\/05\/13\/potovanje\/madzarski-pravljicni-vrt-vrtnic-odpira-svoja-vrata-maja\/\" \/>\n<meta property=\"og:site_name\" content=\"Funzine\" \/>\n<meta property=\"article:publisher\" content=\"https:\/\/www.facebook.com\/funzine\/\" \/>\n<meta property=\"article:published_time\" content=\"2025-05-13T14:53:12+00:00\" \/>\n<meta property=\"og:image\" content=\"https:\/\/funzine.hu\/wp-content\/uploads\/2025\/05\/rose-123312_1280.jpg\" \/>\n\t<meta property=\"og:image:width\" content=\"1280\" \/>\n\t<meta property=\"og:image:height\" content=\"960\" \/>\n\t<meta property=\"og:image:type\" content=\"image\/jpeg\" \/>\n<meta name=\"author\" content=\"Bodn\u00e1r Zsuzsa\" \/>\n<meta name=\"twitter:card\" content=\"summary_large_image\" \/>\n<meta name=\"twitter:creator\" content=\"@funzine\" \/>\n<meta name=\"twitter:site\" content=\"@funzine\" \/>\n<meta name=\"twitter:label1\" content=\"Written by\" \/>\n\t<meta name=\"twitter:data1\" content=\"Bodn\u00e1r Zsuzsa\" \/>\n\t<meta name=\"twitter:label2\" content=\"Est. reading time\" \/>\n\t<meta name=\"twitter:data2\" content=\"2 minuti\" \/>\n<script type=\"application\/ld+json\" class=\"yoast-schema-graph\">{\"@context\":\"https:\/\/schema.org\",\"@graph\":[{\"@type\":\"NewsArticle\",\"@id\":\"https:\/\/funzine.hu\/sl\/2025\/05\/13\/potovanje\/madzarski-pravljicni-vrt-vrtnic-odpira-svoja-vrata-maja\/#article\",\"isPartOf\":{\"@id\":\"https:\/\/funzine.hu\/sl\/2025\/05\/13\/potovanje\/madzarski-pravljicni-vrt-vrtnic-odpira-svoja-vrata-maja\/\"},\"author\":{\"name\":\"Bodn\u00e1r Zsuzsa\",\"@id\":\"https:\/\/funzine.hu\/#\/schema\/person\/f3864a88f41183e8c3af70534ac28bb4\"},\"headline\":\"Mad\u017earski pravlji\u010dni vrt vrtnic odpira svoja vrata maja\",\"datePublished\":\"2025-05-13T14:53:12+00:00\",\"mainEntityOfPage\":{\"@id\":\"https:\/\/funzine.hu\/sl\/2025\/05\/13\/potovanje\/madzarski-pravljicni-vrt-vrtnic-odpira-svoja-vrata-maja\/\"},\"wordCount\":235,\"image\":{\"@id\":\"https:\/\/funzine.hu\/sl\/2025\/05\/13\/potovanje\/madzarski-pravljicni-vrt-vrtnic-odpira-svoja-vrata-maja\/#primaryimage\"},\"thumbnailUrl\":\"https:\/\/funzine.hu\/wp-content\/uploads\/2025\/05\/rose-123312_1280.jpg\",\"articleSection\":[\"Potovanje\"],\"inLanguage\":\"sl-SI\"},{\"@type\":\"WebPage\",\"@id\":\"https:\/\/funzine.hu\/sl\/2025\/05\/13\/potovanje\/madzarski-pravljicni-vrt-vrtnic-odpira-svoja-vrata-maja\/\",\"url\":\"https:\/\/funzine.hu\/sl\/2025\/05\/13\/potovanje\/madzarski-pravljicni-vrt-vrtnic-odpira-svoja-vrata-maja\/\",\"name\":\"Mad\u017earski pravlji\u010dni vrt vrtnic odpira svoja vrata maja\",\"isPartOf\":{\"@id\":\"https:\/\/funzine.hu\/#website\"},\"primaryImageOfPage\":{\"@id\":\"https:\/\/funzine.hu\/sl\/2025\/05\/13\/potovanje\/madzarski-pravljicni-vrt-vrtnic-odpira-svoja-vrata-maja\/#primaryimage\"},\"image\":{\"@id\":\"https:\/\/funzine.hu\/sl\/2025\/05\/13\/potovanje\/madzarski-pravljicni-vrt-vrtnic-odpira-svoja-vrata-maja\/#primaryimage\"},\"thumbnailUrl\":\"https:\/\/funzine.hu\/wp-content\/uploads\/2025\/05\/rose-123312_1280.jpg\",\"datePublished\":\"2025-05-13T14:53:12+00:00\",\"author\":{\"@id\":\"https:\/\/funzine.hu\/#\/schema\/person\/f3864a88f41183e8c3af70534ac28bb4\"},\"breadcrumb\":{\"@id\":\"https:\/\/funzine.hu\/sl\/2025\/05\/13\/potovanje\/madzarski-pravljicni-vrt-vrtnic-odpira-svoja-vrata-maja\/#breadcrumb\"},\"inLanguage\":\"sl-SI\",\"potentialAction\":[{\"@type\":\"ReadAction\",\"target\":[\"https:\/\/funzine.hu\/sl\/2025\/05\/13\/potovanje\/madzarski-pravljicni-vrt-vrtnic-odpira-svoja-vrata-maja\/\"]}]},{\"@type\":\"ImageObject\",\"inLanguage\":\"sl-SI\",\"@id\":\"https:\/\/funzine.hu\/sl\/2025\/05\/13\/potovanje\/madzarski-pravljicni-vrt-vrtnic-odpira-svoja-vrata-maja\/#primaryimage\",\"url\":\"https:\/\/funzine.hu\/wp-content\/uploads\/2025\/05\/rose-123312_1280.jpg\",\"contentUrl\":\"https:\/\/funzine.hu\/wp-content\/uploads\/2025\/05\/rose-123312_1280.jpg\",\"width\":1280,\"height\":960,\"caption\":\"ilustracija - pixabay.com\"},{\"@type\":\"BreadcrumbList\",\"@id\":\"https:\/\/funzine.hu\/sl\/2025\/05\/13\/potovanje\/madzarski-pravljicni-vrt-vrtnic-odpira-svoja-vrata-maja\/#breadcrumb\",\"itemListElement\":[{\"@type\":\"ListItem\",\"position\":1,\"name\":\"Home\",\"item\":\"https:\/\/funzine.hu\/sl\/\"},{\"@type\":\"ListItem\",\"position\":2,\"name\":\"Mad\u017earski pravlji\u010dni vrt vrtnic odpira svoja vrata maja\"}]},{\"@type\":\"WebSite\",\"@id\":\"https:\/\/funzine.hu\/#website\",\"url\":\"https:\/\/funzine.hu\/\",\"name\":\"Funzine\",\"description\":\"\",\"potentialAction\":[{\"@type\":\"SearchAction\",\"target\":{\"@type\":\"EntryPoint\",\"urlTemplate\":\"https:\/\/funzine.hu\/?s={search_term_string}\"},\"query-input\":{\"@type\":\"PropertyValueSpecification\",\"valueRequired\":true,\"valueName\":\"search_term_string\"}}],\"inLanguage\":\"sl-SI\"},{\"@type\":\"Person\",\"@id\":\"https:\/\/funzine.hu\/#\/schema\/person\/f3864a88f41183e8c3af70534ac28bb4\",\"name\":\"Bodn\u00e1r Zsuzsa\",\"image\":{\"@type\":\"ImageObject\",\"inLanguage\":\"sl-SI\",\"@id\":\"https:\/\/secure.gravatar.com\/avatar\/3dac04a042bfb0c015d0f893ef5eb9cca9d966bb5795039862dafd8d2ab5d410?s=96&d=mm&r=g\",\"url\":\"https:\/\/secure.gravatar.com\/avatar\/3dac04a042bfb0c015d0f893ef5eb9cca9d966bb5795039862dafd8d2ab5d410?s=96&d=mm&r=g\",\"contentUrl\":\"https:\/\/secure.gravatar.com\/avatar\/3dac04a042bfb0c015d0f893ef5eb9cca9d966bb5795039862dafd8d2ab5d410?s=96&d=mm&r=g\",\"caption\":\"Bodn\u00e1r Zsuzsa\"},\"url\":\"https:\/\/funzine.hu\/sl\/author\/bodnar-zsuzsa-1984\/\"}]}<\/script>\n<!-- \/ Yoast SEO plugin. -->","yoast_head_json":{"title":"Mad\u017earski pravlji\u010dni vrt vrtnic odpira svoja vrata maja","robots":{"index":"index","follow":"follow","max-snippet":"max-snippet:-1","max-image-preview":"max-image-preview:large","max-video-preview":"max-video-preview:-1"},"canonical":"https:\/\/funzine.hu\/sl\/2025\/05\/13\/potovanje\/madzarski-pravljicni-vrt-vrtnic-odpira-svoja-vrata-maja\/","og_locale":"sl_SI","og_type":"article","og_title":"Mad\u017earski pravlji\u010dni vrt vrtnic odpira svoja vrata maja","og_description":"\u010carobni vrt vrtnic Czir\u00e1ky Margit v gradu Esterh\u00e1zy v Fert\u0151du bo svoja vrata odprl 17. maja, kjer","og_url":"https:\/\/funzine.hu\/sl\/2025\/05\/13\/potovanje\/madzarski-pravljicni-vrt-vrtnic-odpira-svoja-vrata-maja\/","og_site_name":"Funzine","article_publisher":"https:\/\/www.facebook.com\/funzine\/","article_published_time":"2025-05-13T14:53:12+00:00","og_image":[{"width":1280,"height":960,"url":"https:\/\/funzine.hu\/wp-content\/uploads\/2025\/05\/rose-123312_1280.jpg","type":"image\/jpeg"}],"author":"Bodn\u00e1r Zsuzsa","twitter_card":"summary_large_image","twitter_creator":"@funzine","twitter_site":"@funzine","twitter_misc":{"Written by":"Bodn\u00e1r Zsuzsa","Est. reading time":"2 minuti"},"schema":{"@context":"https:\/\/schema.org","@graph":[{"@type":"NewsArticle","@id":"https:\/\/funzine.hu\/sl\/2025\/05\/13\/potovanje\/madzarski-pravljicni-vrt-vrtnic-odpira-svoja-vrata-maja\/#article","isPartOf":{"@id":"https:\/\/funzine.hu\/sl\/2025\/05\/13\/potovanje\/madzarski-pravljicni-vrt-vrtnic-odpira-svoja-vrata-maja\/"},"author":{"name":"Bodn\u00e1r Zsuzsa","@id":"https:\/\/funzine.hu\/#\/schema\/person\/f3864a88f41183e8c3af70534ac28bb4"},"headline":"Mad\u017earski pravlji\u010dni vrt vrtnic odpira svoja vrata maja","datePublished":"2025-05-13T14:53:12+00:00","mainEntityOfPage":{"@id":"https:\/\/funzine.hu\/sl\/2025\/05\/13\/potovanje\/madzarski-pravljicni-vrt-vrtnic-odpira-svoja-vrata-maja\/"},"wordCount":235,"image":{"@id":"https:\/\/funzine.hu\/sl\/2025\/05\/13\/potovanje\/madzarski-pravljicni-vrt-vrtnic-odpira-svoja-vrata-maja\/#primaryimage"},"thumbnailUrl":"https:\/\/funzine.hu\/wp-content\/uploads\/2025\/05\/rose-123312_1280.jpg","articleSection":["Potovanje"],"inLanguage":"sl-SI"},{"@type":"WebPage","@id":"https:\/\/funzine.hu\/sl\/2025\/05\/13\/potovanje\/madzarski-pravljicni-vrt-vrtnic-odpira-svoja-vrata-maja\/","url":"https:\/\/funzine.hu\/sl\/2025\/05\/13\/potovanje\/madzarski-pravljicni-vrt-vrtnic-odpira-svoja-vrata-maja\/","name":"Mad\u017earski pravlji\u010dni vrt vrtnic odpira svoja vrata maja","isPartOf":{"@id":"https:\/\/funzine.hu\/#website"},"primaryImageOfPage":{"@id":"https:\/\/funzine.hu\/sl\/2025\/05\/13\/potovanje\/madzarski-pravljicni-vrt-vrtnic-odpira-svoja-vrata-maja\/#primaryimage"},"image":{"@id":"https:\/\/funzine.hu\/sl\/2025\/05\/13\/potovanje\/madzarski-pravljicni-vrt-vrtnic-odpira-svoja-vrata-maja\/#primaryimage"},"thumbnailUrl":"https:\/\/funzine.hu\/wp-content\/uploads\/2025\/05\/rose-123312_1280.jpg","datePublished":"2025-05-13T14:53:12+00:00","author":{"@id":"https:\/\/funzine.hu\/#\/schema\/person\/f3864a88f41183e8c3af70534ac28bb4"},"breadcrumb":{"@id":"https:\/\/funzine.hu\/sl\/2025\/05\/13\/potovanje\/madzarski-pravljicni-vrt-vrtnic-odpira-svoja-vrata-maja\/#breadcrumb"},"inLanguage":"sl-SI","potentialAction":[{"@type":"ReadAction","target":["https:\/\/funzine.hu\/sl\/2025\/05\/13\/potovanje\/madzarski-pravljicni-vrt-vrtnic-odpira-svoja-vrata-maja\/"]}]},{"@type":"ImageObject","inLanguage":"sl-SI","@id":"https:\/\/funzine.hu\/sl\/2025\/05\/13\/potovanje\/madzarski-pravljicni-vrt-vrtnic-odpira-svoja-vrata-maja\/#primaryimage","url":"https:\/\/funzine.hu\/wp-content\/uploads\/2025\/05\/rose-123312_1280.jpg","contentUrl":"https:\/\/funzine.hu\/wp-content\/uploads\/2025\/05\/rose-123312_1280.jpg","width":1280,"height":960,"caption":"ilustracija - pixabay.com"},{"@type":"BreadcrumbList","@id":"https:\/\/funzine.hu\/sl\/2025\/05\/13\/potovanje\/madzarski-pravljicni-vrt-vrtnic-odpira-svoja-vrata-maja\/#breadcrumb","itemListElement":[{"@type":"ListItem","position":1,"name":"Home","item":"https:\/\/funzine.hu\/sl\/"},{"@type":"ListItem","position":2,"name":"Mad\u017earski pravlji\u010dni vrt vrtnic odpira svoja vrata maja"}]},{"@type":"WebSite","@id":"https:\/\/funzine.hu\/#website","url":"https:\/\/funzine.hu\/","name":"Funzine","description":"","potentialAction":[{"@type":"SearchAction","target":{"@type":"EntryPoint","urlTemplate":"https:\/\/funzine.hu\/?s={search_term_string}"},"query-input":{"@type":"PropertyValueSpecification","valueRequired":true,"valueName":"search_term_string"}}],"inLanguage":"sl-SI"},{"@type":"Person","@id":"https:\/\/funzine.hu\/#\/schema\/person\/f3864a88f41183e8c3af70534ac28bb4","name":"Bodn\u00e1r Zsuzsa","image":{"@type":"ImageObject","inLanguage":"sl-SI","@id":"https:\/\/secure.gravatar.com\/avatar\/3dac04a042bfb0c015d0f893ef5eb9cca9d966bb5795039862dafd8d2ab5d410?s=96&d=mm&r=g","url":"https:\/\/secure.gravatar.com\/avatar\/3dac04a042bfb0c015d0f893ef5eb9cca9d966bb5795039862dafd8d2ab5d410?s=96&d=mm&r=g","contentUrl":"https:\/\/secure.gravatar.com\/avatar\/3dac04a042bfb0c015d0f893ef5eb9cca9d966bb5795039862dafd8d2ab5d410?s=96&d=mm&r=g","caption":"Bodn\u00e1r Zsuzsa"},"url":"https:\/\/funzine.hu\/sl\/author\/bodnar-zsuzsa-1984\/"}]}},"amp_enabled":true,"_links":{"self":[{"href":"https:\/\/funzine.hu\/sl\/wp-json\/wp\/v2\/posts\/602603","targetHints":{"allow":["GET"]}}],"collection":[{"href":"https:\/\/funzine.hu\/sl\/wp-json\/wp\/v2\/posts"}],"about":[{"href":"https:\/\/funzine.hu\/sl\/wp-json\/wp\/v2\/types\/post"}],"author":[{"embeddable":true,"href":"https:\/\/funzine.hu\/sl\/wp-json\/wp\/v2\/users\/391"}],"replies":[{"embeddable":true,"href":"https:\/\/funzine.hu\/sl\/wp-json\/wp\/v2\/comments?post=602603"}],"version-history":[{"count":1,"href":"https:\/\/funzine.hu\/sl\/wp-json\/wp\/v2\/posts\/602603\/revisions"}],"predecessor-version":[{"id":602605,"href":"https:\/\/funzine.hu\/sl\/wp-json\/wp\/v2\/posts\/602603\/revisions\/602605"}],"wp:featuredmedia":[{"embeddable":true,"href":"https:\/\/funzine.hu\/sl\/wp-json\/wp\/v2\/media\/602604"}],"wp:attachment":[{"href":"https:\/\/funzine.hu\/sl\/wp-json\/wp\/v2\/media?parent=602603"}],"wp:term":[{"taxonomy":"category","embeddable":true,"href":"https:\/\/funzine.hu\/sl\/wp-json\/wp\/v2\/categories?post=602603"},{"taxonomy":"post_tag","embeddable":true,"href":"https:\/\/funzine.hu\/sl\/wp-json\/wp\/v2\/tags?post=602603"},{"taxonomy":"post_places","embeddable":true,"href":"https:\/\/funzine.hu\/sl\/wp-json\/wp\/v2\/post_places?post=602603"}],"curies":[{"name":"wp","href":"https:\/\/api.w.org\/{rel}","templated":true}]}}