{"id":601111,"date":"2025-04-08T16:57:34","date_gmt":"2025-04-08T14:57:34","guid":{"rendered":"https:\/\/funzine.hu\/?p=601111"},"modified":"2025-04-08T16:57:34","modified_gmt":"2025-04-08T14:57:34","slug":"art-deco-zaklad-na-obali-blatnega-jezera-zgodba-o-vili-maria-gyorgy","status":"publish","type":"post","link":"https:\/\/funzine.hu\/sl\/2025\/04\/08\/potovanje\/art-deco-zaklad-na-obali-blatnega-jezera-zgodba-o-vili-maria-gyorgy\/","title":{"rendered":"Art deco zaklad na obali Blatnega jezera: zgodba o vili M\u00e1ria Gy\u00f6rgy"},"content":{"rendered":"<p>\u010ce se z odprtimi o\u010dmi sprehodimo po obali Blatnega jezera, lahko odkrijemo ve\u010d \u010dudovitih stavb kot kdaj koli prej, in medtem ko so vile s preloma stoletja dele\u017ene najve\u010d pozornosti, so predstavljena tudi \u0161tevilna druga obdobja. Ni\u010d druga\u010de ni v primeru vznemirljive stavbe v Balatonalm\u00e1diju, katere hi\u0161ni napis skriva romanti\u010dno zgodbo.<\/p>\n<figure id=\"attachment_601112\" aria-describedby=\"caption-attachment-601112\" style=\"width: 959px\" class=\"wp-caption aligncenter\"><img decoding=\"async\" class=\"size-full wp-image-601112\" src=\"https:\/\/funzine.hu\/wp-content\/uploads\/2025\/04\/lake-balaton-4842757_1280.jpg\" alt=\"\" width=\"959\" height=\"1280\" srcset=\"https:\/\/funzine.hu\/wp-content\/uploads\/2025\/04\/lake-balaton-4842757_1280.jpg 959w, https:\/\/funzine.hu\/wp-content\/uploads\/2025\/04\/lake-balaton-4842757_1280-225x300.jpg 225w, https:\/\/funzine.hu\/wp-content\/uploads\/2025\/04\/lake-balaton-4842757_1280-767x1024.jpg 767w, https:\/\/funzine.hu\/wp-content\/uploads\/2025\/04\/lake-balaton-4842757_1280-768x1025.jpg 768w\" sizes=\"(max-width: 959px) 100vw, 959px\" \/><figcaption id=\"caption-attachment-601112\" class=\"wp-caption-text\">ilustracija &#8211; pixabay.com<\/figcaption><\/figure>\n<p>Blatno jezero je do tridesetih let prej\u0161njega stoletja postalo izjemno priljubljena po\u010ditni\u0161ka destinacija, saj je dr\u017eava po Trianonu izgubila obalo in nekdanja letovi\u0161\u010da, velika depresija pa je dodatno zmanj\u0161ala mo\u017enost tujih potovanj. Sprememba doma\u010dega turizma je bistveno spremenila kakovost gradnje po\u010ditni\u0161kih hi\u0161, saj si je veliko ljudi \u017eelelo \u010dim prej imeti svoj dom na mad\u017earski obali, zato so si v mnogih primerih prizadevali, da bi svoje po\u010ditni\u0161ke hi\u0161e zgradili nekvalificirani projektanti, lokalni mojstri in tesarji.<\/p>\n<p>Val neregulirane gradnje po\u010ditni\u0161kih hi\u0161 in posledi\u010dna \u0161koda na balatonski pokrajini je dosegla tak\u0161ne razse\u017enosti, da je bil ustanovljen odbor za upravljanje Balatona, katerega naloga je bila s pozitivnimi primeri, strokovnimi spoznanji in razstavami, ki oblikujejo odnos, razlo\u017eiti pravilen proces in videz gradnje po\u010ditni\u0161kih hi\u0161.<\/p>\n<p>Sodobni zaklad Blatnega jezera Pozitiven primer te dobe je Dr. Na ulici \u00d3v\u00e1ri Ferenc 53 je tudi vila, katere nenavadno zunanjost je oblikoval mladeni\u010d. Oblikoval J\u00e1nos Tak\u00e1cs. Vznemirljiva fasada, ukrivljen vogal in ogromna vrsta oken ka\u017eejo blagovne znamke gibanja Bauhaus, tako kot pisava sugestivnega napisa M\u00e1ria Gy\u00f6rgy in barve stavbe.<\/p>\n<p>Stavba je tudi odli\u010den primer poenostavljenega modernega sloga: veja gibanja art deco, za katero so zna\u010dilne oblike, ki jih navdihuje modernizem in stroji, od katerih so igrive linije vile odli\u010den primer.<\/p>\n<p>Vilo, zgrajeno leta 1933, je zgradil dr. Gy\u00f6rgy Ny\u00e1r\u00e1dy, pravnik, ekonomist, glavni vladni svetovalec, akademski redni profesor in vodja oddelka. Z \u017eeno M\u00e1rio Mohl v stavbo nista potovala le na po\u010ditnice, ampak sta v hi\u0161i, ki je imela tudi velik vrt, pre\u017eivela veliko \u010dasa med letom, nato pa sta se vanjo vselila. S tem se odstranjuje tudi tan\u010dica z napisa, ki krasi pro\u010delje hi\u0161e, saj tako kot mnoge druge stavbe na Blatnem jezeru tudi hi\u0161a nosi ime graditeljev, redko pa se pojavita dve imeni. Gy\u00f6rgy se je kasneje ponovno poro\u010dil in umrl, stavba je bila nacionalizirana, njegovi drugi \u017eeni in vdovi pa je bilo dovoljeno obdr\u017eati le del prvega nadstropja.<\/p>\n<p>V 1970-ih in 1980-ih je bil poletni dom poljske tovarne Kom\u00e1rom, trenutno pa je v zasebni lasti. Kljub prenovi v preteklih letih njegova posebna podoba in prepoznaven napis \u0161e vedno spominjata na nekdanji sijaj.<\/p>\n","protected":false},"excerpt":{"rendered":"<p>\u010ce se z odprtimi o\u010dmi sprehodimo po obali Blatnega jezera, lahko odkrijemo ve\u010d \u010dudovitih stavb kot<\/p>\n","protected":false},"author":391,"featured_media":601112,"comment_status":"closed","ping_status":"closed","sticky":false,"template":"","format":"standard","meta":{"_acf_changed":false,"wprm-recipe-roundup-name":"","wprm-recipe-roundup-description":"","ngg_post_thumbnail":0,"footnotes":""},"categories":[14345],"tags":[],"post_places":[],"class_list":["post-601111","post","type-post","status-publish","format-standard","has-post-thumbnail","hentry","category-potovanje"],"acf":{"connected_places":"","del_image":""},"yoast_head":"<!-- This site is optimized with the Yoast SEO plugin v27.2 - https:\/\/yoast.com\/product\/yoast-seo-wordpress\/ -->\n<title>Art deco zaklad na obali Blatnega jezera: zgodba o vili M\u00e1ria Gy\u00f6rgy<\/title>\n<meta name=\"robots\" content=\"index, follow, max-snippet:-1, max-image-preview:large, max-video-preview:-1\" \/>\n<link rel=\"canonical\" href=\"https:\/\/funzine.hu\/sl\/2025\/04\/08\/potovanje\/art-deco-zaklad-na-obali-blatnega-jezera-zgodba-o-vili-maria-gyorgy\/\" \/>\n<meta property=\"og:locale\" content=\"sl_SI\" \/>\n<meta property=\"og:type\" content=\"article\" \/>\n<meta property=\"og:title\" content=\"Art deco zaklad na obali Blatnega jezera: zgodba o vili M\u00e1ria Gy\u00f6rgy\" \/>\n<meta property=\"og:description\" content=\"\u010ce se z odprtimi o\u010dmi sprehodimo po obali Blatnega jezera, lahko odkrijemo ve\u010d \u010dudovitih stavb kot\" \/>\n<meta property=\"og:url\" content=\"https:\/\/funzine.hu\/sl\/2025\/04\/08\/potovanje\/art-deco-zaklad-na-obali-blatnega-jezera-zgodba-o-vili-maria-gyorgy\/\" \/>\n<meta property=\"og:site_name\" content=\"Funzine\" \/>\n<meta property=\"article:publisher\" content=\"https:\/\/www.facebook.com\/funzine\/\" \/>\n<meta property=\"article:published_time\" content=\"2025-04-08T14:57:34+00:00\" \/>\n<meta property=\"og:image\" content=\"https:\/\/funzine.hu\/wp-content\/uploads\/2025\/04\/lake-balaton-4842757_1280.jpg\" \/>\n\t<meta property=\"og:image:width\" content=\"959\" \/>\n\t<meta property=\"og:image:height\" content=\"1280\" \/>\n\t<meta property=\"og:image:type\" content=\"image\/jpeg\" \/>\n<meta name=\"author\" content=\"Bodn\u00e1r Zsuzsa\" \/>\n<meta name=\"twitter:card\" content=\"summary_large_image\" \/>\n<meta name=\"twitter:creator\" content=\"@funzine\" \/>\n<meta name=\"twitter:site\" content=\"@funzine\" \/>\n<meta name=\"twitter:label1\" content=\"Written by\" \/>\n\t<meta name=\"twitter:data1\" content=\"Bodn\u00e1r Zsuzsa\" \/>\n\t<meta name=\"twitter:label2\" content=\"Est. reading time\" \/>\n\t<meta name=\"twitter:data2\" content=\"3 minute\" \/>\n<script type=\"application\/ld+json\" class=\"yoast-schema-graph\">{\"@context\":\"https:\/\/schema.org\",\"@graph\":[{\"@type\":\"NewsArticle\",\"@id\":\"https:\/\/funzine.hu\/sl\/2025\/04\/08\/potovanje\/art-deco-zaklad-na-obali-blatnega-jezera-zgodba-o-vili-maria-gyorgy\/#article\",\"isPartOf\":{\"@id\":\"https:\/\/funzine.hu\/sl\/2025\/04\/08\/potovanje\/art-deco-zaklad-na-obali-blatnega-jezera-zgodba-o-vili-maria-gyorgy\/\"},\"author\":{\"name\":\"Bodn\u00e1r Zsuzsa\",\"@id\":\"https:\/\/funzine.hu\/#\/schema\/person\/f3864a88f41183e8c3af70534ac28bb4\"},\"headline\":\"Art deco zaklad na obali Blatnega jezera: zgodba o vili M\u00e1ria Gy\u00f6rgy\",\"datePublished\":\"2025-04-08T14:57:34+00:00\",\"mainEntityOfPage\":{\"@id\":\"https:\/\/funzine.hu\/sl\/2025\/04\/08\/potovanje\/art-deco-zaklad-na-obali-blatnega-jezera-zgodba-o-vili-maria-gyorgy\/\"},\"wordCount\":471,\"image\":{\"@id\":\"https:\/\/funzine.hu\/sl\/2025\/04\/08\/potovanje\/art-deco-zaklad-na-obali-blatnega-jezera-zgodba-o-vili-maria-gyorgy\/#primaryimage\"},\"thumbnailUrl\":\"https:\/\/funzine.hu\/wp-content\/uploads\/2025\/04\/lake-balaton-4842757_1280.jpg\",\"articleSection\":[\"Potovanje\"],\"inLanguage\":\"sl-SI\"},{\"@type\":\"WebPage\",\"@id\":\"https:\/\/funzine.hu\/sl\/2025\/04\/08\/potovanje\/art-deco-zaklad-na-obali-blatnega-jezera-zgodba-o-vili-maria-gyorgy\/\",\"url\":\"https:\/\/funzine.hu\/sl\/2025\/04\/08\/potovanje\/art-deco-zaklad-na-obali-blatnega-jezera-zgodba-o-vili-maria-gyorgy\/\",\"name\":\"Art deco zaklad na obali Blatnega jezera: zgodba o vili M\u00e1ria Gy\u00f6rgy\",\"isPartOf\":{\"@id\":\"https:\/\/funzine.hu\/#website\"},\"primaryImageOfPage\":{\"@id\":\"https:\/\/funzine.hu\/sl\/2025\/04\/08\/potovanje\/art-deco-zaklad-na-obali-blatnega-jezera-zgodba-o-vili-maria-gyorgy\/#primaryimage\"},\"image\":{\"@id\":\"https:\/\/funzine.hu\/sl\/2025\/04\/08\/potovanje\/art-deco-zaklad-na-obali-blatnega-jezera-zgodba-o-vili-maria-gyorgy\/#primaryimage\"},\"thumbnailUrl\":\"https:\/\/funzine.hu\/wp-content\/uploads\/2025\/04\/lake-balaton-4842757_1280.jpg\",\"datePublished\":\"2025-04-08T14:57:34+00:00\",\"author\":{\"@id\":\"https:\/\/funzine.hu\/#\/schema\/person\/f3864a88f41183e8c3af70534ac28bb4\"},\"breadcrumb\":{\"@id\":\"https:\/\/funzine.hu\/sl\/2025\/04\/08\/potovanje\/art-deco-zaklad-na-obali-blatnega-jezera-zgodba-o-vili-maria-gyorgy\/#breadcrumb\"},\"inLanguage\":\"sl-SI\",\"potentialAction\":[{\"@type\":\"ReadAction\",\"target\":[\"https:\/\/funzine.hu\/sl\/2025\/04\/08\/potovanje\/art-deco-zaklad-na-obali-blatnega-jezera-zgodba-o-vili-maria-gyorgy\/\"]}]},{\"@type\":\"ImageObject\",\"inLanguage\":\"sl-SI\",\"@id\":\"https:\/\/funzine.hu\/sl\/2025\/04\/08\/potovanje\/art-deco-zaklad-na-obali-blatnega-jezera-zgodba-o-vili-maria-gyorgy\/#primaryimage\",\"url\":\"https:\/\/funzine.hu\/wp-content\/uploads\/2025\/04\/lake-balaton-4842757_1280.jpg\",\"contentUrl\":\"https:\/\/funzine.hu\/wp-content\/uploads\/2025\/04\/lake-balaton-4842757_1280.jpg\",\"width\":959,\"height\":1280,\"caption\":\"ilustracija - pixabay.com\"},{\"@type\":\"BreadcrumbList\",\"@id\":\"https:\/\/funzine.hu\/sl\/2025\/04\/08\/potovanje\/art-deco-zaklad-na-obali-blatnega-jezera-zgodba-o-vili-maria-gyorgy\/#breadcrumb\",\"itemListElement\":[{\"@type\":\"ListItem\",\"position\":1,\"name\":\"Home\",\"item\":\"https:\/\/funzine.hu\/sl\/\"},{\"@type\":\"ListItem\",\"position\":2,\"name\":\"Art deco zaklad na obali Blatnega jezera: zgodba o vili M\u00e1ria Gy\u00f6rgy\"}]},{\"@type\":\"WebSite\",\"@id\":\"https:\/\/funzine.hu\/#website\",\"url\":\"https:\/\/funzine.hu\/\",\"name\":\"Funzine\",\"description\":\"\",\"potentialAction\":[{\"@type\":\"SearchAction\",\"target\":{\"@type\":\"EntryPoint\",\"urlTemplate\":\"https:\/\/funzine.hu\/?s={search_term_string}\"},\"query-input\":{\"@type\":\"PropertyValueSpecification\",\"valueRequired\":true,\"valueName\":\"search_term_string\"}}],\"inLanguage\":\"sl-SI\"},{\"@type\":\"Person\",\"@id\":\"https:\/\/funzine.hu\/#\/schema\/person\/f3864a88f41183e8c3af70534ac28bb4\",\"name\":\"Bodn\u00e1r Zsuzsa\",\"image\":{\"@type\":\"ImageObject\",\"inLanguage\":\"sl-SI\",\"@id\":\"https:\/\/secure.gravatar.com\/avatar\/3dac04a042bfb0c015d0f893ef5eb9cca9d966bb5795039862dafd8d2ab5d410?s=96&d=mm&r=g\",\"url\":\"https:\/\/secure.gravatar.com\/avatar\/3dac04a042bfb0c015d0f893ef5eb9cca9d966bb5795039862dafd8d2ab5d410?s=96&d=mm&r=g\",\"contentUrl\":\"https:\/\/secure.gravatar.com\/avatar\/3dac04a042bfb0c015d0f893ef5eb9cca9d966bb5795039862dafd8d2ab5d410?s=96&d=mm&r=g\",\"caption\":\"Bodn\u00e1r Zsuzsa\"},\"url\":\"https:\/\/funzine.hu\/sl\/author\/bodnar-zsuzsa-1984\/\"}]}<\/script>\n<!-- \/ Yoast SEO plugin. -->","yoast_head_json":{"title":"Art deco zaklad na obali Blatnega jezera: zgodba o vili M\u00e1ria Gy\u00f6rgy","robots":{"index":"index","follow":"follow","max-snippet":"max-snippet:-1","max-image-preview":"max-image-preview:large","max-video-preview":"max-video-preview:-1"},"canonical":"https:\/\/funzine.hu\/sl\/2025\/04\/08\/potovanje\/art-deco-zaklad-na-obali-blatnega-jezera-zgodba-o-vili-maria-gyorgy\/","og_locale":"sl_SI","og_type":"article","og_title":"Art deco zaklad na obali Blatnega jezera: zgodba o vili M\u00e1ria Gy\u00f6rgy","og_description":"\u010ce se z odprtimi o\u010dmi sprehodimo po obali Blatnega jezera, lahko odkrijemo ve\u010d \u010dudovitih stavb kot","og_url":"https:\/\/funzine.hu\/sl\/2025\/04\/08\/potovanje\/art-deco-zaklad-na-obali-blatnega-jezera-zgodba-o-vili-maria-gyorgy\/","og_site_name":"Funzine","article_publisher":"https:\/\/www.facebook.com\/funzine\/","article_published_time":"2025-04-08T14:57:34+00:00","og_image":[{"width":959,"height":1280,"url":"https:\/\/funzine.hu\/wp-content\/uploads\/2025\/04\/lake-balaton-4842757_1280.jpg","type":"image\/jpeg"}],"author":"Bodn\u00e1r Zsuzsa","twitter_card":"summary_large_image","twitter_creator":"@funzine","twitter_site":"@funzine","twitter_misc":{"Written by":"Bodn\u00e1r Zsuzsa","Est. reading time":"3 minute"},"schema":{"@context":"https:\/\/schema.org","@graph":[{"@type":"NewsArticle","@id":"https:\/\/funzine.hu\/sl\/2025\/04\/08\/potovanje\/art-deco-zaklad-na-obali-blatnega-jezera-zgodba-o-vili-maria-gyorgy\/#article","isPartOf":{"@id":"https:\/\/funzine.hu\/sl\/2025\/04\/08\/potovanje\/art-deco-zaklad-na-obali-blatnega-jezera-zgodba-o-vili-maria-gyorgy\/"},"author":{"name":"Bodn\u00e1r Zsuzsa","@id":"https:\/\/funzine.hu\/#\/schema\/person\/f3864a88f41183e8c3af70534ac28bb4"},"headline":"Art deco zaklad na obali Blatnega jezera: zgodba o vili M\u00e1ria Gy\u00f6rgy","datePublished":"2025-04-08T14:57:34+00:00","mainEntityOfPage":{"@id":"https:\/\/funzine.hu\/sl\/2025\/04\/08\/potovanje\/art-deco-zaklad-na-obali-blatnega-jezera-zgodba-o-vili-maria-gyorgy\/"},"wordCount":471,"image":{"@id":"https:\/\/funzine.hu\/sl\/2025\/04\/08\/potovanje\/art-deco-zaklad-na-obali-blatnega-jezera-zgodba-o-vili-maria-gyorgy\/#primaryimage"},"thumbnailUrl":"https:\/\/funzine.hu\/wp-content\/uploads\/2025\/04\/lake-balaton-4842757_1280.jpg","articleSection":["Potovanje"],"inLanguage":"sl-SI"},{"@type":"WebPage","@id":"https:\/\/funzine.hu\/sl\/2025\/04\/08\/potovanje\/art-deco-zaklad-na-obali-blatnega-jezera-zgodba-o-vili-maria-gyorgy\/","url":"https:\/\/funzine.hu\/sl\/2025\/04\/08\/potovanje\/art-deco-zaklad-na-obali-blatnega-jezera-zgodba-o-vili-maria-gyorgy\/","name":"Art deco zaklad na obali Blatnega jezera: zgodba o vili M\u00e1ria Gy\u00f6rgy","isPartOf":{"@id":"https:\/\/funzine.hu\/#website"},"primaryImageOfPage":{"@id":"https:\/\/funzine.hu\/sl\/2025\/04\/08\/potovanje\/art-deco-zaklad-na-obali-blatnega-jezera-zgodba-o-vili-maria-gyorgy\/#primaryimage"},"image":{"@id":"https:\/\/funzine.hu\/sl\/2025\/04\/08\/potovanje\/art-deco-zaklad-na-obali-blatnega-jezera-zgodba-o-vili-maria-gyorgy\/#primaryimage"},"thumbnailUrl":"https:\/\/funzine.hu\/wp-content\/uploads\/2025\/04\/lake-balaton-4842757_1280.jpg","datePublished":"2025-04-08T14:57:34+00:00","author":{"@id":"https:\/\/funzine.hu\/#\/schema\/person\/f3864a88f41183e8c3af70534ac28bb4"},"breadcrumb":{"@id":"https:\/\/funzine.hu\/sl\/2025\/04\/08\/potovanje\/art-deco-zaklad-na-obali-blatnega-jezera-zgodba-o-vili-maria-gyorgy\/#breadcrumb"},"inLanguage":"sl-SI","potentialAction":[{"@type":"ReadAction","target":["https:\/\/funzine.hu\/sl\/2025\/04\/08\/potovanje\/art-deco-zaklad-na-obali-blatnega-jezera-zgodba-o-vili-maria-gyorgy\/"]}]},{"@type":"ImageObject","inLanguage":"sl-SI","@id":"https:\/\/funzine.hu\/sl\/2025\/04\/08\/potovanje\/art-deco-zaklad-na-obali-blatnega-jezera-zgodba-o-vili-maria-gyorgy\/#primaryimage","url":"https:\/\/funzine.hu\/wp-content\/uploads\/2025\/04\/lake-balaton-4842757_1280.jpg","contentUrl":"https:\/\/funzine.hu\/wp-content\/uploads\/2025\/04\/lake-balaton-4842757_1280.jpg","width":959,"height":1280,"caption":"ilustracija - pixabay.com"},{"@type":"BreadcrumbList","@id":"https:\/\/funzine.hu\/sl\/2025\/04\/08\/potovanje\/art-deco-zaklad-na-obali-blatnega-jezera-zgodba-o-vili-maria-gyorgy\/#breadcrumb","itemListElement":[{"@type":"ListItem","position":1,"name":"Home","item":"https:\/\/funzine.hu\/sl\/"},{"@type":"ListItem","position":2,"name":"Art deco zaklad na obali Blatnega jezera: zgodba o vili M\u00e1ria Gy\u00f6rgy"}]},{"@type":"WebSite","@id":"https:\/\/funzine.hu\/#website","url":"https:\/\/funzine.hu\/","name":"Funzine","description":"","potentialAction":[{"@type":"SearchAction","target":{"@type":"EntryPoint","urlTemplate":"https:\/\/funzine.hu\/?s={search_term_string}"},"query-input":{"@type":"PropertyValueSpecification","valueRequired":true,"valueName":"search_term_string"}}],"inLanguage":"sl-SI"},{"@type":"Person","@id":"https:\/\/funzine.hu\/#\/schema\/person\/f3864a88f41183e8c3af70534ac28bb4","name":"Bodn\u00e1r Zsuzsa","image":{"@type":"ImageObject","inLanguage":"sl-SI","@id":"https:\/\/secure.gravatar.com\/avatar\/3dac04a042bfb0c015d0f893ef5eb9cca9d966bb5795039862dafd8d2ab5d410?s=96&d=mm&r=g","url":"https:\/\/secure.gravatar.com\/avatar\/3dac04a042bfb0c015d0f893ef5eb9cca9d966bb5795039862dafd8d2ab5d410?s=96&d=mm&r=g","contentUrl":"https:\/\/secure.gravatar.com\/avatar\/3dac04a042bfb0c015d0f893ef5eb9cca9d966bb5795039862dafd8d2ab5d410?s=96&d=mm&r=g","caption":"Bodn\u00e1r Zsuzsa"},"url":"https:\/\/funzine.hu\/sl\/author\/bodnar-zsuzsa-1984\/"}]}},"amp_enabled":true,"_links":{"self":[{"href":"https:\/\/funzine.hu\/sl\/wp-json\/wp\/v2\/posts\/601111","targetHints":{"allow":["GET"]}}],"collection":[{"href":"https:\/\/funzine.hu\/sl\/wp-json\/wp\/v2\/posts"}],"about":[{"href":"https:\/\/funzine.hu\/sl\/wp-json\/wp\/v2\/types\/post"}],"author":[{"embeddable":true,"href":"https:\/\/funzine.hu\/sl\/wp-json\/wp\/v2\/users\/391"}],"replies":[{"embeddable":true,"href":"https:\/\/funzine.hu\/sl\/wp-json\/wp\/v2\/comments?post=601111"}],"version-history":[{"count":1,"href":"https:\/\/funzine.hu\/sl\/wp-json\/wp\/v2\/posts\/601111\/revisions"}],"predecessor-version":[{"id":601113,"href":"https:\/\/funzine.hu\/sl\/wp-json\/wp\/v2\/posts\/601111\/revisions\/601113"}],"wp:featuredmedia":[{"embeddable":true,"href":"https:\/\/funzine.hu\/sl\/wp-json\/wp\/v2\/media\/601112"}],"wp:attachment":[{"href":"https:\/\/funzine.hu\/sl\/wp-json\/wp\/v2\/media?parent=601111"}],"wp:term":[{"taxonomy":"category","embeddable":true,"href":"https:\/\/funzine.hu\/sl\/wp-json\/wp\/v2\/categories?post=601111"},{"taxonomy":"post_tag","embeddable":true,"href":"https:\/\/funzine.hu\/sl\/wp-json\/wp\/v2\/tags?post=601111"},{"taxonomy":"post_places","embeddable":true,"href":"https:\/\/funzine.hu\/sl\/wp-json\/wp\/v2\/post_places?post=601111"}],"curies":[{"name":"wp","href":"https:\/\/api.w.org\/{rel}","templated":true}]}}