{"id":601020,"date":"2025-04-07T15:58:08","date_gmt":"2025-04-07T13:58:08","guid":{"rendered":"https:\/\/funzine.hu\/?p=601020"},"modified":"2025-04-07T15:58:08","modified_gmt":"2025-04-07T13:58:08","slug":"bartokova-pomlad-caka-ljubitelje-kulture-z-navdusujocimi-programi","status":"publish","type":"post","link":"https:\/\/funzine.hu\/sl\/2025\/04\/07\/potovanje\/bartokova-pomlad-caka-ljubitelje-kulture-z-navdusujocimi-programi\/","title":{"rendered":"Bart\u00f3kova pomlad \u010daka ljubitelje kulture z navdu\u0161ujo\u010dimi programi"},"content":{"rendered":"<p>Festival ki je letos ponovno postal nacionalni, vse do sredine maja pri\u010dakuje ljubitelje kulture s svetovnimi zvezdami, navdu\u0161ujo\u010dimi produkcijami in nezgre\u0161ljivimi sodelovanji, saj so v okviru Bart\u00f3kove pomladi poleg Budimpe\u0161te izjemni programi organizirani \u0161e v Gy\u0151ru, P\u00e9csu in Miskolcu.<\/p>\n<figure id=\"attachment_601021\" aria-describedby=\"caption-attachment-601021\" style=\"width: 850px\" class=\"wp-caption aligncenter\"><img decoding=\"async\" class=\"size-funzine-large wp-image-601021\" src=\"https:\/\/funzine.hu\/wp-content\/uploads\/2025\/04\/man-7833617_1280-1200x1200.jpg\" alt=\"\" width=\"850\" height=\"850\" srcset=\"https:\/\/funzine.hu\/wp-content\/uploads\/2025\/04\/man-7833617_1280-1200x1200.jpg 1200w, https:\/\/funzine.hu\/wp-content\/uploads\/2025\/04\/man-7833617_1280-300x300.jpg 300w, https:\/\/funzine.hu\/wp-content\/uploads\/2025\/04\/man-7833617_1280-1024x1024.jpg 1024w, https:\/\/funzine.hu\/wp-content\/uploads\/2025\/04\/man-7833617_1280-150x150.jpg 150w, https:\/\/funzine.hu\/wp-content\/uploads\/2025\/04\/man-7833617_1280-768x768.jpg 768w, https:\/\/funzine.hu\/wp-content\/uploads\/2025\/04\/man-7833617_1280-500x500.jpg 500w, https:\/\/funzine.hu\/wp-content\/uploads\/2025\/04\/man-7833617_1280.jpg 1280w\" sizes=\"(max-width: 850px) 100vw, 850px\" \/><figcaption id=\"caption-attachment-601021\" class=\"wp-caption-text\">ilustracija &#8211; pixabay.com<\/figcaption><\/figure>\n<p>4. aprila bodo Bart\u00f3kovi pomladni mednarodni tedni umetnosti \u017ee peti\u010d odprli svoja vrata s prvim koncertom M\u00fcnchenskih filharmonikov v Budimpe\u0161ti. Barnab\u00e1s Kelemen bo solist simfoni\u010dnega orkestra, ki bo izvajal dela Bart\u00f3ka, Mendelssohna in Schumanna.<\/p>\n<p>Ljubitelje klasi\u010dne glasbe spomladi \u010daka ne\u0161teto izjemnih trenutkov: Diana Damrau in Jonas Kaufmann bosta izvedla skupni pesemski recital, Orkester dobe razsvetljenstva bo v veliki dvorani Akademije za glasbo izvedel Bachov veliki oratorij Matejev pasijon, prihaja pa tudi Kammerorchester Basel, s katerim bomo lahko sli\u0161ali igranje enega najbolj nadarjenih mad\u017earskih violinistov na\u0161ega \u010dasa, Julija Pu\u0161ker.<\/p>\n<p>Nastop Magdi R\u00fazse in J\u00e1nosa Bal\u00e1zsa obljublja zlitje dveh razli\u010dnih glasbenih stilov, Mad\u017earsko glasbeno hi\u0161o bo napolnil eksoti\u010dni glasbeni svet grammyjevca Arooja Aftaba, Jazz at Lincoln Center Orchestra pod vodstvom Wyntona Marsalisa pa bo v M\u00fcpi predstavil najve\u010dje soliste in orkestrske glasbenike na\u0161ega \u010dasa. Na Bart\u00f3kovo pomlad bosta prispela eden najvplivnej\u0161ih evropskih jazzovskih saksofonistov Jan Garbarek in indijski tolkalec Trilok Gurtu, ki bosta s svojo neponovljivo odrsko prezenco osupnila ob\u010dinstvo.<\/p>\n<p>Budapest Ritmo \u017ee deseti\u010d pri\u010dakuje zainteresirane s koncerti, sodelovanji in strokovno konferenco. Pravzaprav bodo letos prvi\u010d predstavljeni tudi Budimpe\u0161tanski filmski dnevi Ritmo kot lo\u010den program. Mednarodni in doma\u010di izvajalci zabavne glasbe bodo med 4. in 10. aprilom na Pomladni terasi Akv\u00e1rium predstavili intimni svet kantavtorskega \u017eanra.<\/p>\n<p>Poleg predstave Mar\u00ede Pag\u00e9s Compa\u00f1ia De Scheherezade si lahko gledalci ogledajo plesno predstavo Mez\u0151s\u00e9g\u2013Mikrokosmosz, Mad\u017earski dr\u017eavni folklorni ansambel in balet Gy\u0151r bosta o\u017eivela vseumetni\u0161ko vizijo Tiszta forr\u00e1s (\u010cisti vir), gala z naslovom Hommage \u00e0 Jeszenszky pa bo pla\u010dala poklon spominu na Endreja Jeszenszkega.<\/p>\n<p>V programu ne sme manjkati likovna umetnost in knji\u017eevnost. Mad\u017earska Narodna galerija na razstavi z naslovom Umetnost \u017eivljenja predstavlja razvoj \u017eanra plakata. Spomladanski literarni festival Marg\u00f3 ponovno pri\u010dakuje ljubitelje knjig z najbolj znanimi imeni mad\u017earskega literarnega \u017eivljenja.<\/p>\n<p>Med 24. aprilom in 18. majem se bodo programu Bart\u00f3kova pomlad pridru\u017eili tudi Gy\u0151r, P\u00e9cs in Miskolc s posebnimi koncerti in predstavami ter nenavadnimi javnimi dogodki. Po Budimpe\u0161ti svetovno znani umetniki BANDALOOP zdaj osvajajo ikoni\u010dne stavbe v Miskolcu in P\u00e9csu. Epohalni nemi film General z glasbo Apora Sz\u0171tsa in dirigentom R\u00f3bertom Farkasom bo o\u017eivel v izvedbi Gy\u0151rskega filharmoni\u010dnega orkestra, Panonskega filharmoni\u010dnega orkestra in Simfoni\u010dnega orkestra iz Miskolca.<\/p>\n<p>Ritmo PIKNIK obiskovalce v vseh treh mestih pri\u010dakuje z ustvarjalnimi otro\u0161kimi in dru\u017einskimi programi ter pop-up koncerti svetovne in narodnozabavne glasbe. Balet Hisp\u00e1nico se s predstavo Carmen.maquia poklanja Carmen, ki je bila premierno uprizorjena pred 150 leti v Narodnem gledali\u0161\u010du Miskolc. Balet Gy\u0151r pripoveduje misti\u010dno zgodbo GisL v centru Kod\u00e1ly v P\u00e9csu, za\u010dinjeno z zna\u010dilno glasbo F\u00e9lixa Lajk\u00f3ja.<\/p>\n<p>Eden najbolj znanih osebnosti javne in skupnostne umetnosti Olivier Grosset\u00eate bo to pomlad poleg Budimpe\u0161te obiskal Gy\u0151r, kjer bo obnovil leta 1895 poru\u0161eni po\u017earni stolp.<\/p>\n","protected":false},"excerpt":{"rendered":"<p>Festival ki je letos ponovno postal nacionalni, vse do sredine maja pri\u010dakuje ljubitelje kulture s<\/p>\n","protected":false},"author":391,"featured_media":601021,"comment_status":"closed","ping_status":"closed","sticky":false,"template":"","format":"standard","meta":{"_acf_changed":false,"wprm-recipe-roundup-name":"","wprm-recipe-roundup-description":"","ngg_post_thumbnail":0,"footnotes":""},"categories":[14345],"tags":[],"post_places":[],"class_list":["post-601020","post","type-post","status-publish","format-standard","has-post-thumbnail","hentry","category-potovanje"],"acf":{"connected_places":"","del_image":""},"yoast_head":"<!-- This site is optimized with the Yoast SEO plugin v27.2 - https:\/\/yoast.com\/product\/yoast-seo-wordpress\/ -->\n<title>Bart\u00f3kova pomlad \u010daka ljubitelje kulture z navdu\u0161ujo\u010dimi programi<\/title>\n<meta name=\"robots\" content=\"index, follow, max-snippet:-1, max-image-preview:large, max-video-preview:-1\" \/>\n<link rel=\"canonical\" href=\"https:\/\/funzine.hu\/sl\/2025\/04\/07\/potovanje\/bartokova-pomlad-caka-ljubitelje-kulture-z-navdusujocimi-programi\/\" \/>\n<meta property=\"og:locale\" content=\"sl_SI\" \/>\n<meta property=\"og:type\" content=\"article\" \/>\n<meta property=\"og:title\" content=\"Bart\u00f3kova pomlad \u010daka ljubitelje kulture z navdu\u0161ujo\u010dimi programi\" \/>\n<meta property=\"og:description\" content=\"Festival ki je letos ponovno postal nacionalni, vse do sredine maja pri\u010dakuje ljubitelje kulture s\" \/>\n<meta property=\"og:url\" content=\"https:\/\/funzine.hu\/sl\/2025\/04\/07\/potovanje\/bartokova-pomlad-caka-ljubitelje-kulture-z-navdusujocimi-programi\/\" \/>\n<meta property=\"og:site_name\" content=\"Funzine\" \/>\n<meta property=\"article:publisher\" content=\"https:\/\/www.facebook.com\/funzine\/\" \/>\n<meta property=\"article:published_time\" content=\"2025-04-07T13:58:08+00:00\" \/>\n<meta property=\"og:image\" content=\"https:\/\/funzine.hu\/wp-content\/uploads\/2025\/04\/man-7833617_1280.jpg\" \/>\n\t<meta property=\"og:image:width\" content=\"1280\" \/>\n\t<meta property=\"og:image:height\" content=\"1280\" \/>\n\t<meta property=\"og:image:type\" content=\"image\/jpeg\" \/>\n<meta name=\"author\" content=\"Bodn\u00e1r Zsuzsa\" \/>\n<meta name=\"twitter:card\" content=\"summary_large_image\" \/>\n<meta name=\"twitter:creator\" content=\"@funzine\" \/>\n<meta name=\"twitter:site\" content=\"@funzine\" \/>\n<meta name=\"twitter:label1\" content=\"Written by\" \/>\n\t<meta name=\"twitter:data1\" content=\"Bodn\u00e1r Zsuzsa\" \/>\n\t<meta name=\"twitter:label2\" content=\"Est. reading time\" \/>\n\t<meta name=\"twitter:data2\" content=\"3 minute\" \/>\n<script type=\"application\/ld+json\" class=\"yoast-schema-graph\">{\"@context\":\"https:\/\/schema.org\",\"@graph\":[{\"@type\":\"NewsArticle\",\"@id\":\"https:\/\/funzine.hu\/sl\/2025\/04\/07\/potovanje\/bartokova-pomlad-caka-ljubitelje-kulture-z-navdusujocimi-programi\/#article\",\"isPartOf\":{\"@id\":\"https:\/\/funzine.hu\/sl\/2025\/04\/07\/potovanje\/bartokova-pomlad-caka-ljubitelje-kulture-z-navdusujocimi-programi\/\"},\"author\":{\"name\":\"Bodn\u00e1r Zsuzsa\",\"@id\":\"https:\/\/funzine.hu\/#\/schema\/person\/f3864a88f41183e8c3af70534ac28bb4\"},\"headline\":\"Bart\u00f3kova pomlad \u010daka ljubitelje kulture z navdu\u0161ujo\u010dimi programi\",\"datePublished\":\"2025-04-07T13:58:08+00:00\",\"mainEntityOfPage\":{\"@id\":\"https:\/\/funzine.hu\/sl\/2025\/04\/07\/potovanje\/bartokova-pomlad-caka-ljubitelje-kulture-z-navdusujocimi-programi\/\"},\"wordCount\":575,\"image\":{\"@id\":\"https:\/\/funzine.hu\/sl\/2025\/04\/07\/potovanje\/bartokova-pomlad-caka-ljubitelje-kulture-z-navdusujocimi-programi\/#primaryimage\"},\"thumbnailUrl\":\"https:\/\/funzine.hu\/wp-content\/uploads\/2025\/04\/man-7833617_1280.jpg\",\"articleSection\":[\"Potovanje\"],\"inLanguage\":\"sl-SI\"},{\"@type\":\"WebPage\",\"@id\":\"https:\/\/funzine.hu\/sl\/2025\/04\/07\/potovanje\/bartokova-pomlad-caka-ljubitelje-kulture-z-navdusujocimi-programi\/\",\"url\":\"https:\/\/funzine.hu\/sl\/2025\/04\/07\/potovanje\/bartokova-pomlad-caka-ljubitelje-kulture-z-navdusujocimi-programi\/\",\"name\":\"Bart\u00f3kova pomlad \u010daka ljubitelje kulture z navdu\u0161ujo\u010dimi programi\",\"isPartOf\":{\"@id\":\"https:\/\/funzine.hu\/#website\"},\"primaryImageOfPage\":{\"@id\":\"https:\/\/funzine.hu\/sl\/2025\/04\/07\/potovanje\/bartokova-pomlad-caka-ljubitelje-kulture-z-navdusujocimi-programi\/#primaryimage\"},\"image\":{\"@id\":\"https:\/\/funzine.hu\/sl\/2025\/04\/07\/potovanje\/bartokova-pomlad-caka-ljubitelje-kulture-z-navdusujocimi-programi\/#primaryimage\"},\"thumbnailUrl\":\"https:\/\/funzine.hu\/wp-content\/uploads\/2025\/04\/man-7833617_1280.jpg\",\"datePublished\":\"2025-04-07T13:58:08+00:00\",\"author\":{\"@id\":\"https:\/\/funzine.hu\/#\/schema\/person\/f3864a88f41183e8c3af70534ac28bb4\"},\"breadcrumb\":{\"@id\":\"https:\/\/funzine.hu\/sl\/2025\/04\/07\/potovanje\/bartokova-pomlad-caka-ljubitelje-kulture-z-navdusujocimi-programi\/#breadcrumb\"},\"inLanguage\":\"sl-SI\",\"potentialAction\":[{\"@type\":\"ReadAction\",\"target\":[\"https:\/\/funzine.hu\/sl\/2025\/04\/07\/potovanje\/bartokova-pomlad-caka-ljubitelje-kulture-z-navdusujocimi-programi\/\"]}]},{\"@type\":\"ImageObject\",\"inLanguage\":\"sl-SI\",\"@id\":\"https:\/\/funzine.hu\/sl\/2025\/04\/07\/potovanje\/bartokova-pomlad-caka-ljubitelje-kulture-z-navdusujocimi-programi\/#primaryimage\",\"url\":\"https:\/\/funzine.hu\/wp-content\/uploads\/2025\/04\/man-7833617_1280.jpg\",\"contentUrl\":\"https:\/\/funzine.hu\/wp-content\/uploads\/2025\/04\/man-7833617_1280.jpg\",\"width\":1280,\"height\":1280,\"caption\":\"ilustracija - pixabay.com\"},{\"@type\":\"BreadcrumbList\",\"@id\":\"https:\/\/funzine.hu\/sl\/2025\/04\/07\/potovanje\/bartokova-pomlad-caka-ljubitelje-kulture-z-navdusujocimi-programi\/#breadcrumb\",\"itemListElement\":[{\"@type\":\"ListItem\",\"position\":1,\"name\":\"Home\",\"item\":\"https:\/\/funzine.hu\/sl\/\"},{\"@type\":\"ListItem\",\"position\":2,\"name\":\"Bart\u00f3kova pomlad \u010daka ljubitelje kulture z navdu\u0161ujo\u010dimi programi\"}]},{\"@type\":\"WebSite\",\"@id\":\"https:\/\/funzine.hu\/#website\",\"url\":\"https:\/\/funzine.hu\/\",\"name\":\"Funzine\",\"description\":\"\",\"potentialAction\":[{\"@type\":\"SearchAction\",\"target\":{\"@type\":\"EntryPoint\",\"urlTemplate\":\"https:\/\/funzine.hu\/?s={search_term_string}\"},\"query-input\":{\"@type\":\"PropertyValueSpecification\",\"valueRequired\":true,\"valueName\":\"search_term_string\"}}],\"inLanguage\":\"sl-SI\"},{\"@type\":\"Person\",\"@id\":\"https:\/\/funzine.hu\/#\/schema\/person\/f3864a88f41183e8c3af70534ac28bb4\",\"name\":\"Bodn\u00e1r Zsuzsa\",\"image\":{\"@type\":\"ImageObject\",\"inLanguage\":\"sl-SI\",\"@id\":\"https:\/\/secure.gravatar.com\/avatar\/3dac04a042bfb0c015d0f893ef5eb9cca9d966bb5795039862dafd8d2ab5d410?s=96&d=mm&r=g\",\"url\":\"https:\/\/secure.gravatar.com\/avatar\/3dac04a042bfb0c015d0f893ef5eb9cca9d966bb5795039862dafd8d2ab5d410?s=96&d=mm&r=g\",\"contentUrl\":\"https:\/\/secure.gravatar.com\/avatar\/3dac04a042bfb0c015d0f893ef5eb9cca9d966bb5795039862dafd8d2ab5d410?s=96&d=mm&r=g\",\"caption\":\"Bodn\u00e1r Zsuzsa\"},\"url\":\"https:\/\/funzine.hu\/sl\/author\/bodnar-zsuzsa-1984\/\"}]}<\/script>\n<!-- \/ Yoast SEO plugin. -->","yoast_head_json":{"title":"Bart\u00f3kova pomlad \u010daka ljubitelje kulture z navdu\u0161ujo\u010dimi programi","robots":{"index":"index","follow":"follow","max-snippet":"max-snippet:-1","max-image-preview":"max-image-preview:large","max-video-preview":"max-video-preview:-1"},"canonical":"https:\/\/funzine.hu\/sl\/2025\/04\/07\/potovanje\/bartokova-pomlad-caka-ljubitelje-kulture-z-navdusujocimi-programi\/","og_locale":"sl_SI","og_type":"article","og_title":"Bart\u00f3kova pomlad \u010daka ljubitelje kulture z navdu\u0161ujo\u010dimi programi","og_description":"Festival ki je letos ponovno postal nacionalni, vse do sredine maja pri\u010dakuje ljubitelje kulture s","og_url":"https:\/\/funzine.hu\/sl\/2025\/04\/07\/potovanje\/bartokova-pomlad-caka-ljubitelje-kulture-z-navdusujocimi-programi\/","og_site_name":"Funzine","article_publisher":"https:\/\/www.facebook.com\/funzine\/","article_published_time":"2025-04-07T13:58:08+00:00","og_image":[{"width":1280,"height":1280,"url":"https:\/\/funzine.hu\/wp-content\/uploads\/2025\/04\/man-7833617_1280.jpg","type":"image\/jpeg"}],"author":"Bodn\u00e1r Zsuzsa","twitter_card":"summary_large_image","twitter_creator":"@funzine","twitter_site":"@funzine","twitter_misc":{"Written by":"Bodn\u00e1r Zsuzsa","Est. reading time":"3 minute"},"schema":{"@context":"https:\/\/schema.org","@graph":[{"@type":"NewsArticle","@id":"https:\/\/funzine.hu\/sl\/2025\/04\/07\/potovanje\/bartokova-pomlad-caka-ljubitelje-kulture-z-navdusujocimi-programi\/#article","isPartOf":{"@id":"https:\/\/funzine.hu\/sl\/2025\/04\/07\/potovanje\/bartokova-pomlad-caka-ljubitelje-kulture-z-navdusujocimi-programi\/"},"author":{"name":"Bodn\u00e1r Zsuzsa","@id":"https:\/\/funzine.hu\/#\/schema\/person\/f3864a88f41183e8c3af70534ac28bb4"},"headline":"Bart\u00f3kova pomlad \u010daka ljubitelje kulture z navdu\u0161ujo\u010dimi programi","datePublished":"2025-04-07T13:58:08+00:00","mainEntityOfPage":{"@id":"https:\/\/funzine.hu\/sl\/2025\/04\/07\/potovanje\/bartokova-pomlad-caka-ljubitelje-kulture-z-navdusujocimi-programi\/"},"wordCount":575,"image":{"@id":"https:\/\/funzine.hu\/sl\/2025\/04\/07\/potovanje\/bartokova-pomlad-caka-ljubitelje-kulture-z-navdusujocimi-programi\/#primaryimage"},"thumbnailUrl":"https:\/\/funzine.hu\/wp-content\/uploads\/2025\/04\/man-7833617_1280.jpg","articleSection":["Potovanje"],"inLanguage":"sl-SI"},{"@type":"WebPage","@id":"https:\/\/funzine.hu\/sl\/2025\/04\/07\/potovanje\/bartokova-pomlad-caka-ljubitelje-kulture-z-navdusujocimi-programi\/","url":"https:\/\/funzine.hu\/sl\/2025\/04\/07\/potovanje\/bartokova-pomlad-caka-ljubitelje-kulture-z-navdusujocimi-programi\/","name":"Bart\u00f3kova pomlad \u010daka ljubitelje kulture z navdu\u0161ujo\u010dimi programi","isPartOf":{"@id":"https:\/\/funzine.hu\/#website"},"primaryImageOfPage":{"@id":"https:\/\/funzine.hu\/sl\/2025\/04\/07\/potovanje\/bartokova-pomlad-caka-ljubitelje-kulture-z-navdusujocimi-programi\/#primaryimage"},"image":{"@id":"https:\/\/funzine.hu\/sl\/2025\/04\/07\/potovanje\/bartokova-pomlad-caka-ljubitelje-kulture-z-navdusujocimi-programi\/#primaryimage"},"thumbnailUrl":"https:\/\/funzine.hu\/wp-content\/uploads\/2025\/04\/man-7833617_1280.jpg","datePublished":"2025-04-07T13:58:08+00:00","author":{"@id":"https:\/\/funzine.hu\/#\/schema\/person\/f3864a88f41183e8c3af70534ac28bb4"},"breadcrumb":{"@id":"https:\/\/funzine.hu\/sl\/2025\/04\/07\/potovanje\/bartokova-pomlad-caka-ljubitelje-kulture-z-navdusujocimi-programi\/#breadcrumb"},"inLanguage":"sl-SI","potentialAction":[{"@type":"ReadAction","target":["https:\/\/funzine.hu\/sl\/2025\/04\/07\/potovanje\/bartokova-pomlad-caka-ljubitelje-kulture-z-navdusujocimi-programi\/"]}]},{"@type":"ImageObject","inLanguage":"sl-SI","@id":"https:\/\/funzine.hu\/sl\/2025\/04\/07\/potovanje\/bartokova-pomlad-caka-ljubitelje-kulture-z-navdusujocimi-programi\/#primaryimage","url":"https:\/\/funzine.hu\/wp-content\/uploads\/2025\/04\/man-7833617_1280.jpg","contentUrl":"https:\/\/funzine.hu\/wp-content\/uploads\/2025\/04\/man-7833617_1280.jpg","width":1280,"height":1280,"caption":"ilustracija - pixabay.com"},{"@type":"BreadcrumbList","@id":"https:\/\/funzine.hu\/sl\/2025\/04\/07\/potovanje\/bartokova-pomlad-caka-ljubitelje-kulture-z-navdusujocimi-programi\/#breadcrumb","itemListElement":[{"@type":"ListItem","position":1,"name":"Home","item":"https:\/\/funzine.hu\/sl\/"},{"@type":"ListItem","position":2,"name":"Bart\u00f3kova pomlad \u010daka ljubitelje kulture z navdu\u0161ujo\u010dimi programi"}]},{"@type":"WebSite","@id":"https:\/\/funzine.hu\/#website","url":"https:\/\/funzine.hu\/","name":"Funzine","description":"","potentialAction":[{"@type":"SearchAction","target":{"@type":"EntryPoint","urlTemplate":"https:\/\/funzine.hu\/?s={search_term_string}"},"query-input":{"@type":"PropertyValueSpecification","valueRequired":true,"valueName":"search_term_string"}}],"inLanguage":"sl-SI"},{"@type":"Person","@id":"https:\/\/funzine.hu\/#\/schema\/person\/f3864a88f41183e8c3af70534ac28bb4","name":"Bodn\u00e1r Zsuzsa","image":{"@type":"ImageObject","inLanguage":"sl-SI","@id":"https:\/\/secure.gravatar.com\/avatar\/3dac04a042bfb0c015d0f893ef5eb9cca9d966bb5795039862dafd8d2ab5d410?s=96&d=mm&r=g","url":"https:\/\/secure.gravatar.com\/avatar\/3dac04a042bfb0c015d0f893ef5eb9cca9d966bb5795039862dafd8d2ab5d410?s=96&d=mm&r=g","contentUrl":"https:\/\/secure.gravatar.com\/avatar\/3dac04a042bfb0c015d0f893ef5eb9cca9d966bb5795039862dafd8d2ab5d410?s=96&d=mm&r=g","caption":"Bodn\u00e1r Zsuzsa"},"url":"https:\/\/funzine.hu\/sl\/author\/bodnar-zsuzsa-1984\/"}]}},"amp_enabled":true,"_links":{"self":[{"href":"https:\/\/funzine.hu\/sl\/wp-json\/wp\/v2\/posts\/601020","targetHints":{"allow":["GET"]}}],"collection":[{"href":"https:\/\/funzine.hu\/sl\/wp-json\/wp\/v2\/posts"}],"about":[{"href":"https:\/\/funzine.hu\/sl\/wp-json\/wp\/v2\/types\/post"}],"author":[{"embeddable":true,"href":"https:\/\/funzine.hu\/sl\/wp-json\/wp\/v2\/users\/391"}],"replies":[{"embeddable":true,"href":"https:\/\/funzine.hu\/sl\/wp-json\/wp\/v2\/comments?post=601020"}],"version-history":[{"count":1,"href":"https:\/\/funzine.hu\/sl\/wp-json\/wp\/v2\/posts\/601020\/revisions"}],"predecessor-version":[{"id":601022,"href":"https:\/\/funzine.hu\/sl\/wp-json\/wp\/v2\/posts\/601020\/revisions\/601022"}],"wp:featuredmedia":[{"embeddable":true,"href":"https:\/\/funzine.hu\/sl\/wp-json\/wp\/v2\/media\/601021"}],"wp:attachment":[{"href":"https:\/\/funzine.hu\/sl\/wp-json\/wp\/v2\/media?parent=601020"}],"wp:term":[{"taxonomy":"category","embeddable":true,"href":"https:\/\/funzine.hu\/sl\/wp-json\/wp\/v2\/categories?post=601020"},{"taxonomy":"post_tag","embeddable":true,"href":"https:\/\/funzine.hu\/sl\/wp-json\/wp\/v2\/tags?post=601020"},{"taxonomy":"post_places","embeddable":true,"href":"https:\/\/funzine.hu\/sl\/wp-json\/wp\/v2\/post_places?post=601020"}],"curies":[{"name":"wp","href":"https:\/\/api.w.org\/{rel}","templated":true}]}}