{"id":600920,"date":"2025-04-04T12:14:21","date_gmt":"2025-04-04T10:14:21","guid":{"rendered":"https:\/\/funzine.hu\/?p=600920"},"modified":"2025-04-04T12:14:21","modified_gmt":"2025-04-04T10:14:21","slug":"15-edinstvenih-pomladnih-festivalov-v-budimpesti-za-april-ce-iscete-nekaj-vznemirljivega","status":"publish","type":"post","link":"https:\/\/funzine.hu\/sl\/2025\/04\/04\/kulture\/15-edinstvenih-pomladnih-festivalov-v-budimpesti-za-april-ce-iscete-nekaj-vznemirljivega\/","title":{"rendered":"15 edinstvenih pomladnih festivalov v Budimpe\u0161ti za april, \u010de i\u0161\u010dete nekaj vznemirljivega"},"content":{"rendered":"<p>Pomladna festivalska sezona ponuja raznolike programe za vse starosti, pa naj gre za sodobno umetnost, vznemirljive filmske projekcije ali glasbene izku\u0161nje na prostem.<\/p>\n<figure id=\"attachment_600922\" aria-describedby=\"caption-attachment-600922\" style=\"width: 850px\" class=\"wp-caption aligncenter\"><img decoding=\"async\" class=\"size-funzine-large wp-image-600922\" src=\"https:\/\/funzine.hu\/wp-content\/uploads\/2025\/04\/ai-generated-9248047_1280-1200x1200.jpg\" alt=\"\" width=\"850\" height=\"850\" srcset=\"https:\/\/funzine.hu\/wp-content\/uploads\/2025\/04\/ai-generated-9248047_1280-1200x1200.jpg 1200w, https:\/\/funzine.hu\/wp-content\/uploads\/2025\/04\/ai-generated-9248047_1280-300x300.jpg 300w, https:\/\/funzine.hu\/wp-content\/uploads\/2025\/04\/ai-generated-9248047_1280-1024x1024.jpg 1024w, https:\/\/funzine.hu\/wp-content\/uploads\/2025\/04\/ai-generated-9248047_1280-150x150.jpg 150w, https:\/\/funzine.hu\/wp-content\/uploads\/2025\/04\/ai-generated-9248047_1280-768x768.jpg 768w, https:\/\/funzine.hu\/wp-content\/uploads\/2025\/04\/ai-generated-9248047_1280-500x500.jpg 500w, https:\/\/funzine.hu\/wp-content\/uploads\/2025\/04\/ai-generated-9248047_1280.jpg 1280w\" sizes=\"(max-width: 850px) 100vw, 850px\" \/><figcaption id=\"caption-attachment-600922\" class=\"wp-caption-text\">ilustracija &#8211; pixabay.com<\/figcaption><\/figure>\n<p>Essentia Artis \/\/ Pesti Vigad\u00f3 (ves mesec) V sklopu razstave Essentia Artis, ki predstavlja ve\u010d kot 400 sodobnih umetnikov, obiskovalce v Pesti Vigad\u00f3 \u010dakajo \u0161tevilni razburljivi brezpla\u010dni programi. Razstavo si lahko ogledate tudi v aprilu, v sklopu dogodkov pa bodo tudi vodeni ogledi, predstavitev knjige in ognjeni \u0161ov. Razstavni in programski niz se bo zaklju\u010dil 10. maja z dejavnostmi za otroke, vodenim ogledom in koncertom J\u00e1vorkai Tria in Boros Misi.<\/p>\n<p>Budapest GipsyFest \/\/ G\u00f6d\u00f6r Klub (3.-5. april 2025) Festival na edinstven na\u010din predstavlja raznolikost romske glasbe, ki zdru\u017euje produkcije tradicionalnih in sodobnih romskih izvajalcev. 3.-5. april. Med 10.00 in 12.00 bo na dveh kultnih budimpe\u0161tanskih prizori\u0161\u010dih, Ladji A38 in G\u00f6d\u00f6r Clubu, nastopilo 20 skupin, ki bodo poskrbele za nepozabno vzdu\u0161je.<\/p>\n<p>Filmski dnevi Budimpe\u0161te Ritmo \/\/ Kino Toldi (4.\u20135. april 2025) Filmske dneve Ritmo v Budimpe\u0161ti spremljajo razprave in prodaja plo\u0161\u010d, ki v kinu Toldi predstavljajo zdru\u017eeno magijo filma in glasbe. V petek bo na sporedu leto\u0161nji film Ritmo, v katerem Ilka Kisgy\u00f6rgy v sodelovanju s prima J\u00e1nosom Bang\u00f3jem in njegovim orkestrom pomaga ponovno odkriti pesmi, ki jih re\u017eira \u00c1ron M\u00e1ty\u00e1ssy. V soboto se obetata dva selekcijska bloka: ta dan bodo predstavljeni video posnetki MOME Open in glasbeno obarvani kratki filmi mednarodnega festivala kratkega filma Sve\u017ee meso.<\/p>\n<p>Pomladni literarni festival Marg\u00f3 \/\/ Krist\u00e1ly (4.\u20136. april 2025) Trije dnevi, \u0161tirje odri, ve\u010d kot trideset programov \u2013 literarne obletnice, nove knjige, neobi\u010dajni programi in umetni\u0161ka do\u017eivetja vas \u010dakajo od 4. do 6. aprila. med na Crystal Stage! Aurevoir bo na festivalu nastopil kot duo. iz skupine M\u00e1rton Ag\u00f3cs &amp; Mih\u00e1ly Fej\u00e9r, Laci Sallai in No\u00e9 Saya.<\/p>\n<p>Sre\u010danje National Dance House Meeting \/\/ Papp L\u00e1szl\u00f3 Budapest Sports Arena (4.-6. april 2025) Letos bo potekalo \u017ee 44. od 4. do 6. aprila. med sejmom National Dance House Meeting and Landing Fair, najve\u010djim \u017eivim ljudskim umetni\u0161kim dogodkom v Karpatskem bazenu. Vseumetnostni festival \u017eive ljudske umetnosti organizira Dru\u0161tvo Hi\u0161a plesa s \u0161irokim strokovnim sodelovanjem. Osrednje prizori\u0161\u010de bo tudi tokrat \u0161portna arena Papp L\u00e1szl\u00f3 Budapest, kjer bo v areni vrve\u017e izmenjujo\u010dih se plesnih dvoran in sejma ljudske umetnosti ter ve\u010dernih gala predstav, a tudi vse druge manj\u0161e in ve\u010dje dvorane bodo prizori\u0161\u010da pestrega programa.<\/p>\n<p>Spomladanska terasa Aquarium (4.\u201310. april 2025) Ob prihodu pomladi bo Klub Akv\u00e1rium tudi letos odprl svojo teraso, tokrat na prijetnem prizori\u0161\u010du se bo sre\u010dala mednarodna in doma\u010da pop glasbena produkcija ter predstavila bogat in raznolik svet kantavtorskega \u017eanra. Med ciklom dogodkov lahko v \u017eivo prisluhnete mednarodnim zvezdam, kot so Daniel Docherty, Gizmo Varillas in nem\u0161ki duo Tanga Elektra, ekipo doma\u010dih izvajalcev pa med drugim sestavljajo M\u00e1rk J\u00e1rai, Soma N\u00f3v\u00e9, Platon Karataev in Co Lee.<\/p>\n<p>Bart\u00f3kova pomlad \/\/ ve\u010d lokacij (4. \u2013 13. april 2025) Med 4. in 13. aprilom bodo v okviru Bart\u00f3kove pomladi ne\u0161teti \u017eanri, odli\u010dne produkcije in kakovostne predstave ponovno obujale duha in neiz\u010drpno ustvarjalnost B\u00e9le Bart\u00f3ka. Na festivalu so predstavljena najbolj\u0161a dela mad\u017earske in mednarodne umetni\u0161ke scene, od sodobne klasi\u010dne glasbe, glasbe sveta, jazza, plesne in pop glasbe. Dogodek, ki ga organizira M\u00fcpa, bo gostil na ve\u010d lokacijah v Budimpe\u0161ti.<\/p>\n<p>Budapest Ritmo \/\/ ve\u010d lokacij (10.-12. april 2025) Budapest Ritmo, ki letos praznuje obletnico, bo potekal med 10. in 12. aprilom. Ta serija programov, navdihujo\u010da v vsakem trenutku, bo ponovno vodila tiste, ki so razpolo\u017eeni za odkrivanje, skozi mno\u017eico redko sli\u0161anih instrumentov, sodobnih zvokov, starodavnih tradicij in vznemirljivih \u017eanrov.<\/p>\n<p>Razstava oldtimerjev \/\/ Park zgodovine mad\u017earskih \u017eeleznic (12.\u201313. april 2025) Park zgodovine mad\u017earskih \u017eeleznic je dom 20. stoletja. Oldtimer Show od 12. do 13. aprila. Ogledamo si lahko 500 izbranih starodobnih vozil tujih razstavljavcev, poleg razstave starodobnih vozil pa obiskovalce \u010daka tudi pester interaktivni dru\u017einski program. Potepamo se lahko med lokomotivami, motorji, vagoni, konjsko \u017eeleznico, vrtno \u017eeleznico, razstavo parnih lokomotiv in cisternami, z veljavno vstopnico pa lahko sodelujemo tudi v nagradni igri!<\/p>\n<p>Otvoritveni vikend Budimpe\u0161tanskega parka (24.\u201326. april 2025) Najbolj priljubljeno prizori\u0161\u010de zabave na prostem v dr\u017eavi, legendarni Budimpe\u0161tanski park, bo leta 2025 ponovno odprl svoja vrata. Organizatorji pripravljajo obi\u010dajno parkovsko pester program, kavalkado glasbenih stilov, najbolj vro\u010de no\u010dne zabave in veliko novosti. AWS pri\u010dakuje tiste, ki si \u017eelijo zabave 24., HIPERKARMA 25. in Kr\u00fabi 26. Nekaj je gotovo: zadnji vikend v aprilu lahko ponovno do\u017eivite pravo Parkosovo vzdu\u0161je s pisano glasbeno paleto in razburljivimi programi.<\/p>\n<p>I bike Budapest (26. april 2025) \u010ce menite, da je ustvarjanje varnih razmer za kolesarjenje v prestolnici pomembna tema, kolesarite z ekipo I bike Budapest! Kolesarska parada se za\u010dne iz parka Mestne hi\u0161e, nato vodi \u010dez Erzs\u00e9betov most proti Sz\u00e9chenyijevemu trgu, preko Trga herojev in vse do Margaretinega otoka. Pohod bo odprla D\u00e9sir\u00e9e Bonis, veleposlanica Kraljevine Nizozemske na Mad\u017earskem, saj dr\u017eava z najve\u010d kolesarji \u017ee ve\u010d kot 15 let podpira razvoj mad\u017earskega kolesarstva.<\/p>\n<p>Wekerle Garage Sale Festival (26.-27. april 2025) Pomlad ne mine brez Wekerle Garage Fair Festivala \u2013 to bo \u017ee 20. sejem po vrsti! Med 26. in 27. aprilom bo ve\u010d kot 250 prodajalcev ponujalo svoje izdelke na 60 dvori\u0161\u010dih, tako da bo ta vikend namenjen lovu na zaklade in odkrivanju. Obiskovalce \u010dakajo igre, knjige, retro predmeti in posebne raritete, za vzdu\u0161je pa poskrbijo hoduljarji, uli\u010dni glasbeniki in DJ-ji. Sejem Gara\u017ee prina\u0161a presene\u010denja za staro in mlado &#8211; vredno ga je obiskati z odprtimi o\u010dmi in pogledati v vsako dvori\u0161\u010de!<\/p>\n<p>Budapest Dance Festival \/\/ National Dance Theatre (26.-27. april 2025) 25. Budapest Dance Festival bo svoja vrata odprl 26. in 27. aprila ob 19. uri. s posebno predstavo v Narodnem plesnem teatru. Akram Khan Company na Mad\u017earskem prvi\u010d predstavlja svojo dru\u017einam prijazno predstavo Chotto Desh, ki pripoveduje zgodbo o potovanju londonskega banglade\u0161kega plesalca in koreografa iz Velike Britanije v Banglade\u0161. Me\u0161anica klasi\u010dnega indijskega kathaka in sodobnega plesa, sanjske animacije in \u010darobne glasbe obljubljajo nepozabno do\u017eivetje.<\/p>\n<p>JazzFest Budapest \/\/ ve\u010d lokacij (27. april \u2013 14. maj 2025) JazzFest Budapest bo tudi letos na razli\u010dna prizori\u0161\u010da v prestolnici pripeljal najbolj\u0161e doma\u010de in mednarodne jazzovske izvajalce, ki bodo vsem ljubiteljem glasbe ponudili neprimerljiva do\u017eivetja. Festival poteka od 27. aprila do 14. maja in slavi raznolikost \u017eanra jazza.<\/p>\n<p>Mednarodni dan jazza \/\/ Budimpe\u0161tanski jazz klub (30. april 2025) Novembra 2011 se je UNESCO odlo\u010dil, da vsako leto 30. april praznuje kot mednarodni dan jazza kot priznanje dejstvu, da jazz spodbuja dialog in razumevanje med kulturami ter zbli\u017euje ljudi z vsega sveta. Doma je epicenter prazni\u010dnega niza vsako leto Budimpe\u0161tanski jazz klub, kjer ob\u010dinstvo 30. aprila ponovno povabijo na brezpla\u010dne glasbene programe. Ob 20. uri bo Szakcsi Jr. Trio feat. Nastopila bosta Kriszta Pocsai in S\u00e1ndor Soso Lakatos, nato pa bo po koncertu za Jam Session \u010dakal trio J\u00f3zsefa Bal\u00e1zsa.<\/p>\n","protected":false},"excerpt":{"rendered":"<p>Pomladna festivalska sezona ponuja raznolike programe za vse starosti, pa naj gre za sodobno<\/p>\n","protected":false},"author":391,"featured_media":600922,"comment_status":"closed","ping_status":"closed","sticky":false,"template":"","format":"standard","meta":{"_acf_changed":false,"wprm-recipe-roundup-name":"","wprm-recipe-roundup-description":"","ngg_post_thumbnail":0,"footnotes":""},"categories":[14346],"tags":[],"post_places":[],"class_list":["post-600920","post","type-post","status-publish","format-standard","has-post-thumbnail","hentry","category-kulture"],"acf":{"connected_places":"","del_image":""},"yoast_head":"<!-- This site is optimized with the Yoast SEO plugin v27.2 - https:\/\/yoast.com\/product\/yoast-seo-wordpress\/ -->\n<title>15 edinstvenih pomladnih festivalov v Budimpe\u0161ti za april, \u010de i\u0161\u010dete nekaj vznemirljivega<\/title>\n<meta name=\"robots\" content=\"index, follow, max-snippet:-1, max-image-preview:large, max-video-preview:-1\" \/>\n<link rel=\"canonical\" href=\"https:\/\/funzine.hu\/sl\/2025\/04\/04\/kulture\/15-edinstvenih-pomladnih-festivalov-v-budimpesti-za-april-ce-iscete-nekaj-vznemirljivega\/\" \/>\n<meta property=\"og:locale\" content=\"sl_SI\" \/>\n<meta property=\"og:type\" content=\"article\" \/>\n<meta property=\"og:title\" content=\"15 edinstvenih pomladnih festivalov v Budimpe\u0161ti za april, \u010de i\u0161\u010dete nekaj vznemirljivega\" \/>\n<meta property=\"og:description\" content=\"Pomladna festivalska sezona ponuja raznolike programe za vse starosti, pa naj gre za sodobno\" \/>\n<meta property=\"og:url\" content=\"https:\/\/funzine.hu\/sl\/2025\/04\/04\/kulture\/15-edinstvenih-pomladnih-festivalov-v-budimpesti-za-april-ce-iscete-nekaj-vznemirljivega\/\" \/>\n<meta property=\"og:site_name\" content=\"Funzine\" \/>\n<meta property=\"article:publisher\" content=\"https:\/\/www.facebook.com\/funzine\/\" \/>\n<meta property=\"article:published_time\" content=\"2025-04-04T10:14:21+00:00\" \/>\n<meta property=\"og:image\" content=\"https:\/\/funzine.hu\/wp-content\/uploads\/2025\/04\/ai-generated-9248047_1280.jpg\" \/>\n\t<meta property=\"og:image:width\" content=\"1280\" \/>\n\t<meta property=\"og:image:height\" content=\"1280\" \/>\n\t<meta property=\"og:image:type\" content=\"image\/jpeg\" \/>\n<meta name=\"author\" content=\"Bodn\u00e1r Zsuzsa\" \/>\n<meta name=\"twitter:card\" content=\"summary_large_image\" \/>\n<meta name=\"twitter:creator\" content=\"@funzine\" \/>\n<meta name=\"twitter:site\" content=\"@funzine\" \/>\n<meta name=\"twitter:label1\" content=\"Written by\" \/>\n\t<meta name=\"twitter:data1\" content=\"Bodn\u00e1r Zsuzsa\" \/>\n\t<meta name=\"twitter:label2\" content=\"Est. reading time\" \/>\n\t<meta name=\"twitter:data2\" content=\"7 minut\" \/>\n<script type=\"application\/ld+json\" class=\"yoast-schema-graph\">{\"@context\":\"https:\/\/schema.org\",\"@graph\":[{\"@type\":\"NewsArticle\",\"@id\":\"https:\/\/funzine.hu\/sl\/2025\/04\/04\/kulture\/15-edinstvenih-pomladnih-festivalov-v-budimpesti-za-april-ce-iscete-nekaj-vznemirljivega\/#article\",\"isPartOf\":{\"@id\":\"https:\/\/funzine.hu\/sl\/2025\/04\/04\/kulture\/15-edinstvenih-pomladnih-festivalov-v-budimpesti-za-april-ce-iscete-nekaj-vznemirljivega\/\"},\"author\":{\"name\":\"Bodn\u00e1r Zsuzsa\",\"@id\":\"https:\/\/funzine.hu\/#\/schema\/person\/f3864a88f41183e8c3af70534ac28bb4\"},\"headline\":\"15 edinstvenih pomladnih festivalov v Budimpe\u0161ti za april, \u010de i\u0161\u010dete nekaj vznemirljivega\",\"datePublished\":\"2025-04-04T10:14:21+00:00\",\"mainEntityOfPage\":{\"@id\":\"https:\/\/funzine.hu\/sl\/2025\/04\/04\/kulture\/15-edinstvenih-pomladnih-festivalov-v-budimpesti-za-april-ce-iscete-nekaj-vznemirljivega\/\"},\"wordCount\":1163,\"image\":{\"@id\":\"https:\/\/funzine.hu\/sl\/2025\/04\/04\/kulture\/15-edinstvenih-pomladnih-festivalov-v-budimpesti-za-april-ce-iscete-nekaj-vznemirljivega\/#primaryimage\"},\"thumbnailUrl\":\"https:\/\/funzine.hu\/wp-content\/uploads\/2025\/04\/ai-generated-9248047_1280.jpg\",\"articleSection\":[\"Kulture\"],\"inLanguage\":\"sl-SI\"},{\"@type\":\"WebPage\",\"@id\":\"https:\/\/funzine.hu\/sl\/2025\/04\/04\/kulture\/15-edinstvenih-pomladnih-festivalov-v-budimpesti-za-april-ce-iscete-nekaj-vznemirljivega\/\",\"url\":\"https:\/\/funzine.hu\/sl\/2025\/04\/04\/kulture\/15-edinstvenih-pomladnih-festivalov-v-budimpesti-za-april-ce-iscete-nekaj-vznemirljivega\/\",\"name\":\"15 edinstvenih pomladnih festivalov v Budimpe\u0161ti za april, \u010de i\u0161\u010dete nekaj vznemirljivega\",\"isPartOf\":{\"@id\":\"https:\/\/funzine.hu\/#website\"},\"primaryImageOfPage\":{\"@id\":\"https:\/\/funzine.hu\/sl\/2025\/04\/04\/kulture\/15-edinstvenih-pomladnih-festivalov-v-budimpesti-za-april-ce-iscete-nekaj-vznemirljivega\/#primaryimage\"},\"image\":{\"@id\":\"https:\/\/funzine.hu\/sl\/2025\/04\/04\/kulture\/15-edinstvenih-pomladnih-festivalov-v-budimpesti-za-april-ce-iscete-nekaj-vznemirljivega\/#primaryimage\"},\"thumbnailUrl\":\"https:\/\/funzine.hu\/wp-content\/uploads\/2025\/04\/ai-generated-9248047_1280.jpg\",\"datePublished\":\"2025-04-04T10:14:21+00:00\",\"author\":{\"@id\":\"https:\/\/funzine.hu\/#\/schema\/person\/f3864a88f41183e8c3af70534ac28bb4\"},\"breadcrumb\":{\"@id\":\"https:\/\/funzine.hu\/sl\/2025\/04\/04\/kulture\/15-edinstvenih-pomladnih-festivalov-v-budimpesti-za-april-ce-iscete-nekaj-vznemirljivega\/#breadcrumb\"},\"inLanguage\":\"sl-SI\",\"potentialAction\":[{\"@type\":\"ReadAction\",\"target\":[\"https:\/\/funzine.hu\/sl\/2025\/04\/04\/kulture\/15-edinstvenih-pomladnih-festivalov-v-budimpesti-za-april-ce-iscete-nekaj-vznemirljivega\/\"]}]},{\"@type\":\"ImageObject\",\"inLanguage\":\"sl-SI\",\"@id\":\"https:\/\/funzine.hu\/sl\/2025\/04\/04\/kulture\/15-edinstvenih-pomladnih-festivalov-v-budimpesti-za-april-ce-iscete-nekaj-vznemirljivega\/#primaryimage\",\"url\":\"https:\/\/funzine.hu\/wp-content\/uploads\/2025\/04\/ai-generated-9248047_1280.jpg\",\"contentUrl\":\"https:\/\/funzine.hu\/wp-content\/uploads\/2025\/04\/ai-generated-9248047_1280.jpg\",\"width\":1280,\"height\":1280,\"caption\":\"ilustracija - pixabay.com\"},{\"@type\":\"BreadcrumbList\",\"@id\":\"https:\/\/funzine.hu\/sl\/2025\/04\/04\/kulture\/15-edinstvenih-pomladnih-festivalov-v-budimpesti-za-april-ce-iscete-nekaj-vznemirljivega\/#breadcrumb\",\"itemListElement\":[{\"@type\":\"ListItem\",\"position\":1,\"name\":\"Home\",\"item\":\"https:\/\/funzine.hu\/sl\/\"},{\"@type\":\"ListItem\",\"position\":2,\"name\":\"15 edinstvenih pomladnih festivalov v Budimpe\u0161ti za april, \u010de i\u0161\u010dete nekaj vznemirljivega\"}]},{\"@type\":\"WebSite\",\"@id\":\"https:\/\/funzine.hu\/#website\",\"url\":\"https:\/\/funzine.hu\/\",\"name\":\"Funzine\",\"description\":\"\",\"potentialAction\":[{\"@type\":\"SearchAction\",\"target\":{\"@type\":\"EntryPoint\",\"urlTemplate\":\"https:\/\/funzine.hu\/?s={search_term_string}\"},\"query-input\":{\"@type\":\"PropertyValueSpecification\",\"valueRequired\":true,\"valueName\":\"search_term_string\"}}],\"inLanguage\":\"sl-SI\"},{\"@type\":\"Person\",\"@id\":\"https:\/\/funzine.hu\/#\/schema\/person\/f3864a88f41183e8c3af70534ac28bb4\",\"name\":\"Bodn\u00e1r Zsuzsa\",\"image\":{\"@type\":\"ImageObject\",\"inLanguage\":\"sl-SI\",\"@id\":\"https:\/\/secure.gravatar.com\/avatar\/3dac04a042bfb0c015d0f893ef5eb9cca9d966bb5795039862dafd8d2ab5d410?s=96&d=mm&r=g\",\"url\":\"https:\/\/secure.gravatar.com\/avatar\/3dac04a042bfb0c015d0f893ef5eb9cca9d966bb5795039862dafd8d2ab5d410?s=96&d=mm&r=g\",\"contentUrl\":\"https:\/\/secure.gravatar.com\/avatar\/3dac04a042bfb0c015d0f893ef5eb9cca9d966bb5795039862dafd8d2ab5d410?s=96&d=mm&r=g\",\"caption\":\"Bodn\u00e1r Zsuzsa\"},\"url\":\"https:\/\/funzine.hu\/sl\/author\/bodnar-zsuzsa-1984\/\"}]}<\/script>\n<!-- \/ Yoast SEO plugin. -->","yoast_head_json":{"title":"15 edinstvenih pomladnih festivalov v Budimpe\u0161ti za april, \u010de i\u0161\u010dete nekaj vznemirljivega","robots":{"index":"index","follow":"follow","max-snippet":"max-snippet:-1","max-image-preview":"max-image-preview:large","max-video-preview":"max-video-preview:-1"},"canonical":"https:\/\/funzine.hu\/sl\/2025\/04\/04\/kulture\/15-edinstvenih-pomladnih-festivalov-v-budimpesti-za-april-ce-iscete-nekaj-vznemirljivega\/","og_locale":"sl_SI","og_type":"article","og_title":"15 edinstvenih pomladnih festivalov v Budimpe\u0161ti za april, \u010de i\u0161\u010dete nekaj vznemirljivega","og_description":"Pomladna festivalska sezona ponuja raznolike programe za vse starosti, pa naj gre za sodobno","og_url":"https:\/\/funzine.hu\/sl\/2025\/04\/04\/kulture\/15-edinstvenih-pomladnih-festivalov-v-budimpesti-za-april-ce-iscete-nekaj-vznemirljivega\/","og_site_name":"Funzine","article_publisher":"https:\/\/www.facebook.com\/funzine\/","article_published_time":"2025-04-04T10:14:21+00:00","og_image":[{"width":1280,"height":1280,"url":"https:\/\/funzine.hu\/wp-content\/uploads\/2025\/04\/ai-generated-9248047_1280.jpg","type":"image\/jpeg"}],"author":"Bodn\u00e1r Zsuzsa","twitter_card":"summary_large_image","twitter_creator":"@funzine","twitter_site":"@funzine","twitter_misc":{"Written by":"Bodn\u00e1r Zsuzsa","Est. reading time":"7 minut"},"schema":{"@context":"https:\/\/schema.org","@graph":[{"@type":"NewsArticle","@id":"https:\/\/funzine.hu\/sl\/2025\/04\/04\/kulture\/15-edinstvenih-pomladnih-festivalov-v-budimpesti-za-april-ce-iscete-nekaj-vznemirljivega\/#article","isPartOf":{"@id":"https:\/\/funzine.hu\/sl\/2025\/04\/04\/kulture\/15-edinstvenih-pomladnih-festivalov-v-budimpesti-za-april-ce-iscete-nekaj-vznemirljivega\/"},"author":{"name":"Bodn\u00e1r Zsuzsa","@id":"https:\/\/funzine.hu\/#\/schema\/person\/f3864a88f41183e8c3af70534ac28bb4"},"headline":"15 edinstvenih pomladnih festivalov v Budimpe\u0161ti za april, \u010de i\u0161\u010dete nekaj vznemirljivega","datePublished":"2025-04-04T10:14:21+00:00","mainEntityOfPage":{"@id":"https:\/\/funzine.hu\/sl\/2025\/04\/04\/kulture\/15-edinstvenih-pomladnih-festivalov-v-budimpesti-za-april-ce-iscete-nekaj-vznemirljivega\/"},"wordCount":1163,"image":{"@id":"https:\/\/funzine.hu\/sl\/2025\/04\/04\/kulture\/15-edinstvenih-pomladnih-festivalov-v-budimpesti-za-april-ce-iscete-nekaj-vznemirljivega\/#primaryimage"},"thumbnailUrl":"https:\/\/funzine.hu\/wp-content\/uploads\/2025\/04\/ai-generated-9248047_1280.jpg","articleSection":["Kulture"],"inLanguage":"sl-SI"},{"@type":"WebPage","@id":"https:\/\/funzine.hu\/sl\/2025\/04\/04\/kulture\/15-edinstvenih-pomladnih-festivalov-v-budimpesti-za-april-ce-iscete-nekaj-vznemirljivega\/","url":"https:\/\/funzine.hu\/sl\/2025\/04\/04\/kulture\/15-edinstvenih-pomladnih-festivalov-v-budimpesti-za-april-ce-iscete-nekaj-vznemirljivega\/","name":"15 edinstvenih pomladnih festivalov v Budimpe\u0161ti za april, \u010de i\u0161\u010dete nekaj vznemirljivega","isPartOf":{"@id":"https:\/\/funzine.hu\/#website"},"primaryImageOfPage":{"@id":"https:\/\/funzine.hu\/sl\/2025\/04\/04\/kulture\/15-edinstvenih-pomladnih-festivalov-v-budimpesti-za-april-ce-iscete-nekaj-vznemirljivega\/#primaryimage"},"image":{"@id":"https:\/\/funzine.hu\/sl\/2025\/04\/04\/kulture\/15-edinstvenih-pomladnih-festivalov-v-budimpesti-za-april-ce-iscete-nekaj-vznemirljivega\/#primaryimage"},"thumbnailUrl":"https:\/\/funzine.hu\/wp-content\/uploads\/2025\/04\/ai-generated-9248047_1280.jpg","datePublished":"2025-04-04T10:14:21+00:00","author":{"@id":"https:\/\/funzine.hu\/#\/schema\/person\/f3864a88f41183e8c3af70534ac28bb4"},"breadcrumb":{"@id":"https:\/\/funzine.hu\/sl\/2025\/04\/04\/kulture\/15-edinstvenih-pomladnih-festivalov-v-budimpesti-za-april-ce-iscete-nekaj-vznemirljivega\/#breadcrumb"},"inLanguage":"sl-SI","potentialAction":[{"@type":"ReadAction","target":["https:\/\/funzine.hu\/sl\/2025\/04\/04\/kulture\/15-edinstvenih-pomladnih-festivalov-v-budimpesti-za-april-ce-iscete-nekaj-vznemirljivega\/"]}]},{"@type":"ImageObject","inLanguage":"sl-SI","@id":"https:\/\/funzine.hu\/sl\/2025\/04\/04\/kulture\/15-edinstvenih-pomladnih-festivalov-v-budimpesti-za-april-ce-iscete-nekaj-vznemirljivega\/#primaryimage","url":"https:\/\/funzine.hu\/wp-content\/uploads\/2025\/04\/ai-generated-9248047_1280.jpg","contentUrl":"https:\/\/funzine.hu\/wp-content\/uploads\/2025\/04\/ai-generated-9248047_1280.jpg","width":1280,"height":1280,"caption":"ilustracija - pixabay.com"},{"@type":"BreadcrumbList","@id":"https:\/\/funzine.hu\/sl\/2025\/04\/04\/kulture\/15-edinstvenih-pomladnih-festivalov-v-budimpesti-za-april-ce-iscete-nekaj-vznemirljivega\/#breadcrumb","itemListElement":[{"@type":"ListItem","position":1,"name":"Home","item":"https:\/\/funzine.hu\/sl\/"},{"@type":"ListItem","position":2,"name":"15 edinstvenih pomladnih festivalov v Budimpe\u0161ti za april, \u010de i\u0161\u010dete nekaj vznemirljivega"}]},{"@type":"WebSite","@id":"https:\/\/funzine.hu\/#website","url":"https:\/\/funzine.hu\/","name":"Funzine","description":"","potentialAction":[{"@type":"SearchAction","target":{"@type":"EntryPoint","urlTemplate":"https:\/\/funzine.hu\/?s={search_term_string}"},"query-input":{"@type":"PropertyValueSpecification","valueRequired":true,"valueName":"search_term_string"}}],"inLanguage":"sl-SI"},{"@type":"Person","@id":"https:\/\/funzine.hu\/#\/schema\/person\/f3864a88f41183e8c3af70534ac28bb4","name":"Bodn\u00e1r Zsuzsa","image":{"@type":"ImageObject","inLanguage":"sl-SI","@id":"https:\/\/secure.gravatar.com\/avatar\/3dac04a042bfb0c015d0f893ef5eb9cca9d966bb5795039862dafd8d2ab5d410?s=96&d=mm&r=g","url":"https:\/\/secure.gravatar.com\/avatar\/3dac04a042bfb0c015d0f893ef5eb9cca9d966bb5795039862dafd8d2ab5d410?s=96&d=mm&r=g","contentUrl":"https:\/\/secure.gravatar.com\/avatar\/3dac04a042bfb0c015d0f893ef5eb9cca9d966bb5795039862dafd8d2ab5d410?s=96&d=mm&r=g","caption":"Bodn\u00e1r Zsuzsa"},"url":"https:\/\/funzine.hu\/sl\/author\/bodnar-zsuzsa-1984\/"}]}},"amp_enabled":true,"_links":{"self":[{"href":"https:\/\/funzine.hu\/sl\/wp-json\/wp\/v2\/posts\/600920","targetHints":{"allow":["GET"]}}],"collection":[{"href":"https:\/\/funzine.hu\/sl\/wp-json\/wp\/v2\/posts"}],"about":[{"href":"https:\/\/funzine.hu\/sl\/wp-json\/wp\/v2\/types\/post"}],"author":[{"embeddable":true,"href":"https:\/\/funzine.hu\/sl\/wp-json\/wp\/v2\/users\/391"}],"replies":[{"embeddable":true,"href":"https:\/\/funzine.hu\/sl\/wp-json\/wp\/v2\/comments?post=600920"}],"version-history":[{"count":1,"href":"https:\/\/funzine.hu\/sl\/wp-json\/wp\/v2\/posts\/600920\/revisions"}],"predecessor-version":[{"id":600923,"href":"https:\/\/funzine.hu\/sl\/wp-json\/wp\/v2\/posts\/600920\/revisions\/600923"}],"wp:featuredmedia":[{"embeddable":true,"href":"https:\/\/funzine.hu\/sl\/wp-json\/wp\/v2\/media\/600922"}],"wp:attachment":[{"href":"https:\/\/funzine.hu\/sl\/wp-json\/wp\/v2\/media?parent=600920"}],"wp:term":[{"taxonomy":"category","embeddable":true,"href":"https:\/\/funzine.hu\/sl\/wp-json\/wp\/v2\/categories?post=600920"},{"taxonomy":"post_tag","embeddable":true,"href":"https:\/\/funzine.hu\/sl\/wp-json\/wp\/v2\/tags?post=600920"},{"taxonomy":"post_places","embeddable":true,"href":"https:\/\/funzine.hu\/sl\/wp-json\/wp\/v2\/post_places?post=600920"}],"curies":[{"name":"wp","href":"https:\/\/api.w.org\/{rel}","templated":true}]}}