{"id":600886,"date":"2025-04-03T16:13:47","date_gmt":"2025-04-03T14:13:47","guid":{"rendered":"https:\/\/funzine.hu\/?p=600886"},"modified":"2025-04-03T16:13:47","modified_gmt":"2025-04-03T14:13:47","slug":"5-prijetnih-kavarn-s-terasami-v-budimpesti-kjer-boste-navduseni-nad-pomladnim-soncem","status":"publish","type":"post","link":"https:\/\/funzine.hu\/sl\/2025\/04\/03\/gastronomija\/5-prijetnih-kavarn-s-terasami-v-budimpesti-kjer-boste-navduseni-nad-pomladnim-soncem\/","title":{"rendered":"5 prijetnih kavarn s terasami v Budimpe\u0161ti, kjer boste navdu\u0161eni nad pomladnim soncem"},"content":{"rendered":"<p>Ko pride pomlad, ni ni\u010d bolj\u0161ega kot u\u017eivati \u200b\u200bv vonju sve\u017ee kave in grejo\u010dih son\u010dnih \u017earkih na prijetni terasi.<\/p>\n<figure id=\"attachment_600887\" aria-describedby=\"caption-attachment-600887\" style=\"width: 853px\" class=\"wp-caption aligncenter\"><img decoding=\"async\" class=\"size-full wp-image-600887\" src=\"https:\/\/funzine.hu\/wp-content\/uploads\/2025\/04\/cafe-1872888_1280.jpg\" alt=\"\" width=\"853\" height=\"1280\" srcset=\"https:\/\/funzine.hu\/wp-content\/uploads\/2025\/04\/cafe-1872888_1280.jpg 853w, https:\/\/funzine.hu\/wp-content\/uploads\/2025\/04\/cafe-1872888_1280-200x300.jpg 200w, https:\/\/funzine.hu\/wp-content\/uploads\/2025\/04\/cafe-1872888_1280-682x1024.jpg 682w, https:\/\/funzine.hu\/wp-content\/uploads\/2025\/04\/cafe-1872888_1280-768x1152.jpg 768w\" sizes=\"(max-width: 853px) 100vw, 853px\" \/><figcaption id=\"caption-attachment-600887\" class=\"wp-caption-text\">ilustracija &#8211; pixabay.com<\/figcaption><\/figure>\n<p>Budimpe\u0161ta je polna o\u010darljivih kavarn, kjer se lahko resni\u010dno sprostite za mizami na prostem. Zbrali smo pet posebnih krajev, kjer boste zagotovo vzljubili pomladno vzdu\u0161je!<\/p>\n<p>&nbsp;<\/p>\n<p>Rusty Coffee Buda Po uspehu kontejnerske kavarne v Balatonakarattyi lahko najdemo The Rusty Coffee Buda na kri\u017ei\u0161\u010du ulic G\u00e1bor \u00c1ron in Pasar\u00e9ti. Pri kavi delajo samo s kakovostnimi izdelki, zahvaljujo\u010d dizajnu pulta pa lahko sledimo celotnemu procesu priprave kave. Od pomladi do jeseni lahko na ogromni terasi poleg trgovine u\u017eivate ob skodelici kave tudi s svojimi \u0161tirino\u017enimi prijatelji, saj je lokal prijazen do psov.<\/p>\n<p>1026 Budimpe\u0161ta, ulica Pasar\u00e9ti 51.<\/p>\n<p>Devil Zaenkrat test \u0161e poteka, vendar Teufel, novi dodatek kulturnega centra Nyolc\u00e9sf\u00e9l, \u017ee stre\u017ee najbolj okusne sendvi\u010de, ledene \u010daje, kavo in pi\u0161kote, vse dni v tednu. Rde\u010di tovornjak s hrano najdete na dvori\u0161\u010du v industrijskem slogu stavbe na ulici N\u00e9met, po uradni otvoritvi, na\u010drtovani v za\u010detku maja, pa se bo \u017eivljenje preselilo tudi v pritli\u010dni pub, kjer boste lahko sodelovali na razli\u010dnih programih in zabavah, zahvaljujo\u010d prijetni terasi.<\/p>\n<p>1084 Budimpe\u0161ta, ulica N\u00e9met 16.<\/p>\n<p>Restavracija MagH\u00e1z, bife in terasa Morda nam ni treba posebej predstavljati impozantne, a prijazne stavbe Magnet Community House na aveniji Andr\u00e1ssy, ki ima tudi resni\u010dno prijetno restavracijo MagH\u00e1z. Restavracija ima tudi prav tako posebno zunanjo teraso, kjer lahko v senci tend oku\u0161ate dobrote in se dru\u017eite ob okusni kavi. Spomladi je tukaj \u0161e posebej prijetno sedeti, poskusite!<\/p>\n<p>1062 Budimpe\u0161ta, ulica Andr\u00e1ssy 98.<\/p>\n<p>Marczika V sodelovanju s kulturnim centrom Marczib\u00e1ny vas v skladu s programi in odpiralnim \u010dasom centra pri\u010dakuje kavarna Marczika s son\u010dno teraso. Gostinska enota, ki je prej delovala le kot bife, je mo\u010dno raz\u0161irila svojo ponudbo, saj lahko sedaj izbirate med raznovrstnimi sendvi\u010di, pecivi in \u200b\u200btortami, ki jih lahko dopolnite z od\u017eejajo\u010dimi napitki in bo\u017eanskimi kavami.<\/p>\n<p>1022 Budimpe\u0161ta, trg Marczib\u00e1nyi 5a Prostor \u2013 literarna kavarna<\/p>\n<p>Prijetne literarne kavarne v najstarej\u0161em vrtu prestolnice Sz\u00f3k\u00f6z ne moremo izpustiti iz na\u0161ega seznama, saj kavarna, ki se nahaja v stavbi Literarnega muzeja Pet\u0151fi, obiskovalce pri\u010dakuje s teraso s pogledom na vrt K\u00e1rolyi, bo\u017eanskim pecivom, osve\u017eilnimi brezalkoholnimi pija\u010dami in kakovostno kavo. V prijetni kavarni so kro\u017eniki in skodelice okra\u0161eni z literarnimi citati, po slastnih gri\u017eljajih pa se lahko spro\u0161\u010deno sprehodite po vrtu.<\/p>\n<p>1053 Budimpe\u0161ta, ulica Karolyi 16.<\/p>\n","protected":false},"excerpt":{"rendered":"<p>Ko pride pomlad, ni ni\u010d bolj\u0161ega kot u\u017eivati \u200b\u200bv vonju sve\u017ee kave in grejo\u010dih son\u010dnih \u017earkih na<\/p>\n","protected":false},"author":391,"featured_media":600887,"comment_status":"closed","ping_status":"closed","sticky":false,"template":"","format":"standard","meta":{"_acf_changed":false,"wprm-recipe-roundup-name":"","wprm-recipe-roundup-description":"","ngg_post_thumbnail":0,"footnotes":""},"categories":[14344],"tags":[],"post_places":[],"class_list":["post-600886","post","type-post","status-publish","format-standard","has-post-thumbnail","hentry","category-gastronomija"],"acf":{"connected_places":"","del_image":""},"yoast_head":"<!-- This site is optimized with the Yoast SEO plugin v27.2 - https:\/\/yoast.com\/product\/yoast-seo-wordpress\/ -->\n<title>5 prijetnih kavarn s terasami v Budimpe\u0161ti, kjer boste navdu\u0161eni nad pomladnim soncem<\/title>\n<meta name=\"robots\" content=\"index, follow, max-snippet:-1, max-image-preview:large, max-video-preview:-1\" \/>\n<link rel=\"canonical\" href=\"https:\/\/funzine.hu\/sl\/2025\/04\/03\/gastronomija\/5-prijetnih-kavarn-s-terasami-v-budimpesti-kjer-boste-navduseni-nad-pomladnim-soncem\/\" \/>\n<meta property=\"og:locale\" content=\"sl_SI\" \/>\n<meta property=\"og:type\" content=\"article\" \/>\n<meta property=\"og:title\" content=\"5 prijetnih kavarn s terasami v Budimpe\u0161ti, kjer boste navdu\u0161eni nad pomladnim soncem\" \/>\n<meta property=\"og:description\" content=\"Ko pride pomlad, ni ni\u010d bolj\u0161ega kot u\u017eivati \u200b\u200bv vonju sve\u017ee kave in grejo\u010dih son\u010dnih \u017earkih na\" \/>\n<meta property=\"og:url\" content=\"https:\/\/funzine.hu\/sl\/2025\/04\/03\/gastronomija\/5-prijetnih-kavarn-s-terasami-v-budimpesti-kjer-boste-navduseni-nad-pomladnim-soncem\/\" \/>\n<meta property=\"og:site_name\" content=\"Funzine\" \/>\n<meta property=\"article:publisher\" content=\"https:\/\/www.facebook.com\/funzine\/\" \/>\n<meta property=\"article:published_time\" content=\"2025-04-03T14:13:47+00:00\" \/>\n<meta property=\"og:image\" content=\"https:\/\/funzine.hu\/wp-content\/uploads\/2025\/04\/cafe-1872888_1280.jpg\" \/>\n\t<meta property=\"og:image:width\" content=\"853\" \/>\n\t<meta property=\"og:image:height\" content=\"1280\" \/>\n\t<meta property=\"og:image:type\" content=\"image\/jpeg\" \/>\n<meta name=\"author\" content=\"Bodn\u00e1r Zsuzsa\" \/>\n<meta name=\"twitter:card\" content=\"summary_large_image\" \/>\n<meta name=\"twitter:creator\" content=\"@funzine\" \/>\n<meta name=\"twitter:site\" content=\"@funzine\" \/>\n<meta name=\"twitter:label1\" content=\"Written by\" \/>\n\t<meta name=\"twitter:data1\" content=\"Bodn\u00e1r Zsuzsa\" \/>\n\t<meta name=\"twitter:label2\" content=\"Est. reading time\" \/>\n\t<meta name=\"twitter:data2\" content=\"3 minute\" \/>\n<script type=\"application\/ld+json\" class=\"yoast-schema-graph\">{\"@context\":\"https:\/\/schema.org\",\"@graph\":[{\"@type\":\"NewsArticle\",\"@id\":\"https:\/\/funzine.hu\/sl\/2025\/04\/03\/gastronomija\/5-prijetnih-kavarn-s-terasami-v-budimpesti-kjer-boste-navduseni-nad-pomladnim-soncem\/#article\",\"isPartOf\":{\"@id\":\"https:\/\/funzine.hu\/sl\/2025\/04\/03\/gastronomija\/5-prijetnih-kavarn-s-terasami-v-budimpesti-kjer-boste-navduseni-nad-pomladnim-soncem\/\"},\"author\":{\"name\":\"Bodn\u00e1r Zsuzsa\",\"@id\":\"https:\/\/funzine.hu\/#\/schema\/person\/f3864a88f41183e8c3af70534ac28bb4\"},\"headline\":\"5 prijetnih kavarn s terasami v Budimpe\u0161ti, kjer boste navdu\u0161eni nad pomladnim soncem\",\"datePublished\":\"2025-04-03T14:13:47+00:00\",\"mainEntityOfPage\":{\"@id\":\"https:\/\/funzine.hu\/sl\/2025\/04\/03\/gastronomija\/5-prijetnih-kavarn-s-terasami-v-budimpesti-kjer-boste-navduseni-nad-pomladnim-soncem\/\"},\"wordCount\":461,\"image\":{\"@id\":\"https:\/\/funzine.hu\/sl\/2025\/04\/03\/gastronomija\/5-prijetnih-kavarn-s-terasami-v-budimpesti-kjer-boste-navduseni-nad-pomladnim-soncem\/#primaryimage\"},\"thumbnailUrl\":\"https:\/\/funzine.hu\/wp-content\/uploads\/2025\/04\/cafe-1872888_1280.jpg\",\"articleSection\":[\"Gastronomija\"],\"inLanguage\":\"sl-SI\"},{\"@type\":\"WebPage\",\"@id\":\"https:\/\/funzine.hu\/sl\/2025\/04\/03\/gastronomija\/5-prijetnih-kavarn-s-terasami-v-budimpesti-kjer-boste-navduseni-nad-pomladnim-soncem\/\",\"url\":\"https:\/\/funzine.hu\/sl\/2025\/04\/03\/gastronomija\/5-prijetnih-kavarn-s-terasami-v-budimpesti-kjer-boste-navduseni-nad-pomladnim-soncem\/\",\"name\":\"5 prijetnih kavarn s terasami v Budimpe\u0161ti, kjer boste navdu\u0161eni nad pomladnim soncem\",\"isPartOf\":{\"@id\":\"https:\/\/funzine.hu\/#website\"},\"primaryImageOfPage\":{\"@id\":\"https:\/\/funzine.hu\/sl\/2025\/04\/03\/gastronomija\/5-prijetnih-kavarn-s-terasami-v-budimpesti-kjer-boste-navduseni-nad-pomladnim-soncem\/#primaryimage\"},\"image\":{\"@id\":\"https:\/\/funzine.hu\/sl\/2025\/04\/03\/gastronomija\/5-prijetnih-kavarn-s-terasami-v-budimpesti-kjer-boste-navduseni-nad-pomladnim-soncem\/#primaryimage\"},\"thumbnailUrl\":\"https:\/\/funzine.hu\/wp-content\/uploads\/2025\/04\/cafe-1872888_1280.jpg\",\"datePublished\":\"2025-04-03T14:13:47+00:00\",\"author\":{\"@id\":\"https:\/\/funzine.hu\/#\/schema\/person\/f3864a88f41183e8c3af70534ac28bb4\"},\"breadcrumb\":{\"@id\":\"https:\/\/funzine.hu\/sl\/2025\/04\/03\/gastronomija\/5-prijetnih-kavarn-s-terasami-v-budimpesti-kjer-boste-navduseni-nad-pomladnim-soncem\/#breadcrumb\"},\"inLanguage\":\"sl-SI\",\"potentialAction\":[{\"@type\":\"ReadAction\",\"target\":[\"https:\/\/funzine.hu\/sl\/2025\/04\/03\/gastronomija\/5-prijetnih-kavarn-s-terasami-v-budimpesti-kjer-boste-navduseni-nad-pomladnim-soncem\/\"]}]},{\"@type\":\"ImageObject\",\"inLanguage\":\"sl-SI\",\"@id\":\"https:\/\/funzine.hu\/sl\/2025\/04\/03\/gastronomija\/5-prijetnih-kavarn-s-terasami-v-budimpesti-kjer-boste-navduseni-nad-pomladnim-soncem\/#primaryimage\",\"url\":\"https:\/\/funzine.hu\/wp-content\/uploads\/2025\/04\/cafe-1872888_1280.jpg\",\"contentUrl\":\"https:\/\/funzine.hu\/wp-content\/uploads\/2025\/04\/cafe-1872888_1280.jpg\",\"width\":853,\"height\":1280,\"caption\":\"ilustracija - pixabay.com\"},{\"@type\":\"BreadcrumbList\",\"@id\":\"https:\/\/funzine.hu\/sl\/2025\/04\/03\/gastronomija\/5-prijetnih-kavarn-s-terasami-v-budimpesti-kjer-boste-navduseni-nad-pomladnim-soncem\/#breadcrumb\",\"itemListElement\":[{\"@type\":\"ListItem\",\"position\":1,\"name\":\"Home\",\"item\":\"https:\/\/funzine.hu\/sl\/\"},{\"@type\":\"ListItem\",\"position\":2,\"name\":\"5 prijetnih kavarn s terasami v Budimpe\u0161ti, kjer boste navdu\u0161eni nad pomladnim soncem\"}]},{\"@type\":\"WebSite\",\"@id\":\"https:\/\/funzine.hu\/#website\",\"url\":\"https:\/\/funzine.hu\/\",\"name\":\"Funzine\",\"description\":\"\",\"potentialAction\":[{\"@type\":\"SearchAction\",\"target\":{\"@type\":\"EntryPoint\",\"urlTemplate\":\"https:\/\/funzine.hu\/?s={search_term_string}\"},\"query-input\":{\"@type\":\"PropertyValueSpecification\",\"valueRequired\":true,\"valueName\":\"search_term_string\"}}],\"inLanguage\":\"sl-SI\"},{\"@type\":\"Person\",\"@id\":\"https:\/\/funzine.hu\/#\/schema\/person\/f3864a88f41183e8c3af70534ac28bb4\",\"name\":\"Bodn\u00e1r Zsuzsa\",\"image\":{\"@type\":\"ImageObject\",\"inLanguage\":\"sl-SI\",\"@id\":\"https:\/\/secure.gravatar.com\/avatar\/3dac04a042bfb0c015d0f893ef5eb9cca9d966bb5795039862dafd8d2ab5d410?s=96&d=mm&r=g\",\"url\":\"https:\/\/secure.gravatar.com\/avatar\/3dac04a042bfb0c015d0f893ef5eb9cca9d966bb5795039862dafd8d2ab5d410?s=96&d=mm&r=g\",\"contentUrl\":\"https:\/\/secure.gravatar.com\/avatar\/3dac04a042bfb0c015d0f893ef5eb9cca9d966bb5795039862dafd8d2ab5d410?s=96&d=mm&r=g\",\"caption\":\"Bodn\u00e1r Zsuzsa\"},\"url\":\"https:\/\/funzine.hu\/sl\/author\/bodnar-zsuzsa-1984\/\"}]}<\/script>\n<!-- \/ Yoast SEO plugin. -->","yoast_head_json":{"title":"5 prijetnih kavarn s terasami v Budimpe\u0161ti, kjer boste navdu\u0161eni nad pomladnim soncem","robots":{"index":"index","follow":"follow","max-snippet":"max-snippet:-1","max-image-preview":"max-image-preview:large","max-video-preview":"max-video-preview:-1"},"canonical":"https:\/\/funzine.hu\/sl\/2025\/04\/03\/gastronomija\/5-prijetnih-kavarn-s-terasami-v-budimpesti-kjer-boste-navduseni-nad-pomladnim-soncem\/","og_locale":"sl_SI","og_type":"article","og_title":"5 prijetnih kavarn s terasami v Budimpe\u0161ti, kjer boste navdu\u0161eni nad pomladnim soncem","og_description":"Ko pride pomlad, ni ni\u010d bolj\u0161ega kot u\u017eivati \u200b\u200bv vonju sve\u017ee kave in grejo\u010dih son\u010dnih \u017earkih na","og_url":"https:\/\/funzine.hu\/sl\/2025\/04\/03\/gastronomija\/5-prijetnih-kavarn-s-terasami-v-budimpesti-kjer-boste-navduseni-nad-pomladnim-soncem\/","og_site_name":"Funzine","article_publisher":"https:\/\/www.facebook.com\/funzine\/","article_published_time":"2025-04-03T14:13:47+00:00","og_image":[{"width":853,"height":1280,"url":"https:\/\/funzine.hu\/wp-content\/uploads\/2025\/04\/cafe-1872888_1280.jpg","type":"image\/jpeg"}],"author":"Bodn\u00e1r Zsuzsa","twitter_card":"summary_large_image","twitter_creator":"@funzine","twitter_site":"@funzine","twitter_misc":{"Written by":"Bodn\u00e1r Zsuzsa","Est. reading time":"3 minute"},"schema":{"@context":"https:\/\/schema.org","@graph":[{"@type":"NewsArticle","@id":"https:\/\/funzine.hu\/sl\/2025\/04\/03\/gastronomija\/5-prijetnih-kavarn-s-terasami-v-budimpesti-kjer-boste-navduseni-nad-pomladnim-soncem\/#article","isPartOf":{"@id":"https:\/\/funzine.hu\/sl\/2025\/04\/03\/gastronomija\/5-prijetnih-kavarn-s-terasami-v-budimpesti-kjer-boste-navduseni-nad-pomladnim-soncem\/"},"author":{"name":"Bodn\u00e1r Zsuzsa","@id":"https:\/\/funzine.hu\/#\/schema\/person\/f3864a88f41183e8c3af70534ac28bb4"},"headline":"5 prijetnih kavarn s terasami v Budimpe\u0161ti, kjer boste navdu\u0161eni nad pomladnim soncem","datePublished":"2025-04-03T14:13:47+00:00","mainEntityOfPage":{"@id":"https:\/\/funzine.hu\/sl\/2025\/04\/03\/gastronomija\/5-prijetnih-kavarn-s-terasami-v-budimpesti-kjer-boste-navduseni-nad-pomladnim-soncem\/"},"wordCount":461,"image":{"@id":"https:\/\/funzine.hu\/sl\/2025\/04\/03\/gastronomija\/5-prijetnih-kavarn-s-terasami-v-budimpesti-kjer-boste-navduseni-nad-pomladnim-soncem\/#primaryimage"},"thumbnailUrl":"https:\/\/funzine.hu\/wp-content\/uploads\/2025\/04\/cafe-1872888_1280.jpg","articleSection":["Gastronomija"],"inLanguage":"sl-SI"},{"@type":"WebPage","@id":"https:\/\/funzine.hu\/sl\/2025\/04\/03\/gastronomija\/5-prijetnih-kavarn-s-terasami-v-budimpesti-kjer-boste-navduseni-nad-pomladnim-soncem\/","url":"https:\/\/funzine.hu\/sl\/2025\/04\/03\/gastronomija\/5-prijetnih-kavarn-s-terasami-v-budimpesti-kjer-boste-navduseni-nad-pomladnim-soncem\/","name":"5 prijetnih kavarn s terasami v Budimpe\u0161ti, kjer boste navdu\u0161eni nad pomladnim soncem","isPartOf":{"@id":"https:\/\/funzine.hu\/#website"},"primaryImageOfPage":{"@id":"https:\/\/funzine.hu\/sl\/2025\/04\/03\/gastronomija\/5-prijetnih-kavarn-s-terasami-v-budimpesti-kjer-boste-navduseni-nad-pomladnim-soncem\/#primaryimage"},"image":{"@id":"https:\/\/funzine.hu\/sl\/2025\/04\/03\/gastronomija\/5-prijetnih-kavarn-s-terasami-v-budimpesti-kjer-boste-navduseni-nad-pomladnim-soncem\/#primaryimage"},"thumbnailUrl":"https:\/\/funzine.hu\/wp-content\/uploads\/2025\/04\/cafe-1872888_1280.jpg","datePublished":"2025-04-03T14:13:47+00:00","author":{"@id":"https:\/\/funzine.hu\/#\/schema\/person\/f3864a88f41183e8c3af70534ac28bb4"},"breadcrumb":{"@id":"https:\/\/funzine.hu\/sl\/2025\/04\/03\/gastronomija\/5-prijetnih-kavarn-s-terasami-v-budimpesti-kjer-boste-navduseni-nad-pomladnim-soncem\/#breadcrumb"},"inLanguage":"sl-SI","potentialAction":[{"@type":"ReadAction","target":["https:\/\/funzine.hu\/sl\/2025\/04\/03\/gastronomija\/5-prijetnih-kavarn-s-terasami-v-budimpesti-kjer-boste-navduseni-nad-pomladnim-soncem\/"]}]},{"@type":"ImageObject","inLanguage":"sl-SI","@id":"https:\/\/funzine.hu\/sl\/2025\/04\/03\/gastronomija\/5-prijetnih-kavarn-s-terasami-v-budimpesti-kjer-boste-navduseni-nad-pomladnim-soncem\/#primaryimage","url":"https:\/\/funzine.hu\/wp-content\/uploads\/2025\/04\/cafe-1872888_1280.jpg","contentUrl":"https:\/\/funzine.hu\/wp-content\/uploads\/2025\/04\/cafe-1872888_1280.jpg","width":853,"height":1280,"caption":"ilustracija - pixabay.com"},{"@type":"BreadcrumbList","@id":"https:\/\/funzine.hu\/sl\/2025\/04\/03\/gastronomija\/5-prijetnih-kavarn-s-terasami-v-budimpesti-kjer-boste-navduseni-nad-pomladnim-soncem\/#breadcrumb","itemListElement":[{"@type":"ListItem","position":1,"name":"Home","item":"https:\/\/funzine.hu\/sl\/"},{"@type":"ListItem","position":2,"name":"5 prijetnih kavarn s terasami v Budimpe\u0161ti, kjer boste navdu\u0161eni nad pomladnim soncem"}]},{"@type":"WebSite","@id":"https:\/\/funzine.hu\/#website","url":"https:\/\/funzine.hu\/","name":"Funzine","description":"","potentialAction":[{"@type":"SearchAction","target":{"@type":"EntryPoint","urlTemplate":"https:\/\/funzine.hu\/?s={search_term_string}"},"query-input":{"@type":"PropertyValueSpecification","valueRequired":true,"valueName":"search_term_string"}}],"inLanguage":"sl-SI"},{"@type":"Person","@id":"https:\/\/funzine.hu\/#\/schema\/person\/f3864a88f41183e8c3af70534ac28bb4","name":"Bodn\u00e1r Zsuzsa","image":{"@type":"ImageObject","inLanguage":"sl-SI","@id":"https:\/\/secure.gravatar.com\/avatar\/3dac04a042bfb0c015d0f893ef5eb9cca9d966bb5795039862dafd8d2ab5d410?s=96&d=mm&r=g","url":"https:\/\/secure.gravatar.com\/avatar\/3dac04a042bfb0c015d0f893ef5eb9cca9d966bb5795039862dafd8d2ab5d410?s=96&d=mm&r=g","contentUrl":"https:\/\/secure.gravatar.com\/avatar\/3dac04a042bfb0c015d0f893ef5eb9cca9d966bb5795039862dafd8d2ab5d410?s=96&d=mm&r=g","caption":"Bodn\u00e1r Zsuzsa"},"url":"https:\/\/funzine.hu\/sl\/author\/bodnar-zsuzsa-1984\/"}]}},"amp_enabled":true,"_links":{"self":[{"href":"https:\/\/funzine.hu\/sl\/wp-json\/wp\/v2\/posts\/600886","targetHints":{"allow":["GET"]}}],"collection":[{"href":"https:\/\/funzine.hu\/sl\/wp-json\/wp\/v2\/posts"}],"about":[{"href":"https:\/\/funzine.hu\/sl\/wp-json\/wp\/v2\/types\/post"}],"author":[{"embeddable":true,"href":"https:\/\/funzine.hu\/sl\/wp-json\/wp\/v2\/users\/391"}],"replies":[{"embeddable":true,"href":"https:\/\/funzine.hu\/sl\/wp-json\/wp\/v2\/comments?post=600886"}],"version-history":[{"count":1,"href":"https:\/\/funzine.hu\/sl\/wp-json\/wp\/v2\/posts\/600886\/revisions"}],"predecessor-version":[{"id":600888,"href":"https:\/\/funzine.hu\/sl\/wp-json\/wp\/v2\/posts\/600886\/revisions\/600888"}],"wp:featuredmedia":[{"embeddable":true,"href":"https:\/\/funzine.hu\/sl\/wp-json\/wp\/v2\/media\/600887"}],"wp:attachment":[{"href":"https:\/\/funzine.hu\/sl\/wp-json\/wp\/v2\/media?parent=600886"}],"wp:term":[{"taxonomy":"category","embeddable":true,"href":"https:\/\/funzine.hu\/sl\/wp-json\/wp\/v2\/categories?post=600886"},{"taxonomy":"post_tag","embeddable":true,"href":"https:\/\/funzine.hu\/sl\/wp-json\/wp\/v2\/tags?post=600886"},{"taxonomy":"post_places","embeddable":true,"href":"https:\/\/funzine.hu\/sl\/wp-json\/wp\/v2\/post_places?post=600886"}],"curies":[{"name":"wp","href":"https:\/\/api.w.org\/{rel}","templated":true}]}}