{"id":600817,"date":"2025-04-02T17:12:48","date_gmt":"2025-04-02T15:12:48","guid":{"rendered":"https:\/\/funzine.hu\/?p=600817"},"modified":"2025-04-02T17:12:48","modified_gmt":"2025-04-02T15:12:48","slug":"poseben-festival-donave-bend-vas-pricakuje-z-vec-kot-40-glasbenimi-programi","status":"publish","type":"post","link":"https:\/\/funzine.hu\/sl\/2025\/04\/02\/potovanje\/poseben-festival-donave-bend-vas-pricakuje-z-vec-kot-40-glasbenimi-programi\/","title":{"rendered":"Poseben festival Donave Bend vas pri\u010dakuje z ve\u010d kot 40 glasbenimi programi"},"content":{"rendered":"<p>Cari Cari (AT), YASNO. (PL), Haldamas X Hulajdusza (HU-PL), Nill Gar\u00e7on (CZ), Erika Rein (SK) \u2013 festival V\u00e9N\u00e9gy vas bo med 2. in 5. julijem zvabil v \u010dudoviti ovinek Donave s pestro mednarodno postavo in ve\u010d kot 40 glasbenimi programi.<\/p>\n<p>&nbsp;<\/p>\n<figure id=\"attachment_600819\" aria-describedby=\"caption-attachment-600819\" style=\"width: 850px\" class=\"wp-caption aligncenter\"><img decoding=\"async\" class=\"size-funzine-large wp-image-600819\" src=\"https:\/\/funzine.hu\/wp-content\/uploads\/2025\/04\/in-zebegeny-5971773_1280-1-1200x677.jpg\" alt=\"\" width=\"850\" height=\"480\" srcset=\"https:\/\/funzine.hu\/wp-content\/uploads\/2025\/04\/in-zebegeny-5971773_1280-1-1200x677.jpg 1200w, https:\/\/funzine.hu\/wp-content\/uploads\/2025\/04\/in-zebegeny-5971773_1280-1-300x169.jpg 300w, https:\/\/funzine.hu\/wp-content\/uploads\/2025\/04\/in-zebegeny-5971773_1280-1-1024x578.jpg 1024w, https:\/\/funzine.hu\/wp-content\/uploads\/2025\/04\/in-zebegeny-5971773_1280-1-768x433.jpg 768w, https:\/\/funzine.hu\/wp-content\/uploads\/2025\/04\/in-zebegeny-5971773_1280-1-480x270.jpg 480w, https:\/\/funzine.hu\/wp-content\/uploads\/2025\/04\/in-zebegeny-5971773_1280-1.jpg 1280w\" sizes=\"(max-width: 850px) 100vw, 850px\" \/><figcaption id=\"caption-attachment-600819\" class=\"wp-caption-text\">ilustracija &#8211; pixabay.com<\/figcaption><\/figure>\n<p>Mednarodna scena Posebna pika na i glasbene palete festivala je koncert avstrijske zasedbe Cari Cari, ki bo na oder stopila 3. julija. Indie rock duo Stephanie Widmer in Alexander Koeck, ki ga je revija Rolling Stone imenovala za najve\u010dje odkritje Primavera Sound Barcelona, bo ob\u010dinstvo popeljal v edinstven glasbeni svet. Njihove pesmi zdru\u017eujejo edinstveno, harmoni\u010dno enotnost sanjskega, melanholi\u010dnega razpolo\u017eenja in eksplozivne, surove mo\u010di.<\/p>\n<p>V \u010detrtek festivala bo nastopila tudi Erika Rein. \u010cudovita slova\u0161ka pevka v svoji glasbi lahkotno in naravno zdru\u017euje zvrsti novovalovskega popa in R&amp;B-ja.<\/p>\n<p>Dve navdu\u0161ujo\u010di zasedbi prihajata tudi iz Poljske: Haldamas iz Budimpe\u0161te in Hulajdusza iz Krakova sta izdali skupni album, ki utrjuje ve\u010dstoletno prijateljstvo med poljskim in mad\u017earskim narodom. Skupaj bosta stopila tudi na oder festivala 4. julija, na njunem albumu \u00c1ldom\u00e1s pa bomo lahko sli\u0161ali mad\u017earske in poljske ljudske pesmi, preoblikovane v klasi\u010dnih, sodobnih in jazz stilih.<\/p>\n<p>Na zaklju\u010dni dan bo koncertiral YASNO., poljski indie-pop duo, ki slovi po svojih veselih, optimisti\u010dnih in privla\u010dnih melodijah, \u010de\u0161ki DJ in glasbeni producent Nill Gar\u00e7on pa bo obiskovalce festivala povabil, da zaple\u0161ejo iz srca.<\/p>\n<p>Doma\u010di vrh Zvezda, ki se vra\u010da na festival, je Dzs\u00fadl\u00f3, ki s svojo neverjetno energijo in neposrednim, iskrenim slogom vsaki\u010d po\u017eene obo\u017eevalce z nog, nastopili pa bodo tudi priljubljeni favoriti Elef\u00e1nt, Analog Balaton, B\u00eblga, Blahalouisiana, Bohemian Betyars in Esti Korn\u00e9l. DESH, ki kot magnet privla\u010di generacijo Z in z noro hitrostjo razdirajo glasbeno industrijo, bodo debitirali na festivalu V\u00e9N\u00e9gy in Nagymarosu prinesli spektakularen \u0161ov ter Hundred Sins, ki bodo ob\u010dinstvo presenetili z udarnim DJ setom.<\/p>\n<p>4S Street je tudi prvi\u010d nastopil v Donavskem zavoju, za razliko od trojice velikih imen rapa, Co Lee, Sisi in Lil Frakk. Zaklju\u010dni dan bo po veseli glasbi Boysov in Hakumba okronal koncert Quimbyja, program pa bo popestrila tudi plesna hi\u0161a.<\/p>\n<p>Na romanti\u010dnem obre\u017enem prizori\u0161\u010du festivala bo nastopil novi talent Lenkke_, ble\u0161\u010de\u010da nova zvezda mad\u017earske glasbene scene in nominiranec za nagrado fonogram v obeh kategorijah (album leta za elektronsko glasbo in odkritje leta). Na svojih koncertih pu\u0161\u010da prostor elektronskim underground energijam, ki vabijo k plesu, ob njegovih zami\u0161ljenih alter-pop pesmih. Svoja potovanja o\u017eivi s petjem, rapanjem in igranjem na flavto.<\/p>\n<p>Palo Canto bo pri\u0161el tudi na oder ob Donavi, ki bo z mehkim, melodi\u010dnim, organskim technom okronal fantasti\u010den pogled na Donavski ovinek, oblit s son\u010dnim zahodom. Povabilu festivala so se z veseljem odzvale tudi nastajajo\u010de zasedbe programa Sound Recording, med njimi biankahaidu, Janet Gruber, NANANA, Swim Swim Naked in WXLFLESS.<\/p>\n<p>Elektronska glasbena scena Ponudbo dopolnjujejo tudi produkcije elektronske glasbe in ambientalni nastopi v \u017eivo. Na ni\u010delni dan se bo festival odprl z zabavo ob tabornem ognju, izklju\u010dno za imetnike sezonskih vstopnic, z ustvarjalcema vzdu\u0161ja Fortebo in Dj N\u00e1ndijem. Na festivalski petek za\u017eivi HangPart, kjer se prepletata glasba in narava. Pri\u0161li bodo izjemni umetniki ambientalne glasbene scene, IAMYANK, M\u00e1rk Bartha, Gida Labus, Monochron in Peter Adam, ve\u010der pa bo zaklju\u010dil Techno M\u0171hely, ki prina\u0161a vrhunec ve\u010dera. Na zaklju\u010dni dan bo OIEE za DJ pultom poskrbel za katarzo na zaklju\u010dni zabavi festivala.<\/p>\n<p>Dnevne vstopnice in vozovnice po zni\u017eani ceni so na voljo do 13. aprila. Na festivalu je mo\u017eno tudi kampiranje z nakupom kamping karte do odprodaje zalog.<\/p>\n","protected":false},"excerpt":{"rendered":"<p>Cari Cari (AT), YASNO. (PL), Haldamas X Hulajdusza (HU-PL), Nill Gar\u00e7on (CZ), Erika Rein (SK) \u2013<\/p>\n","protected":false},"author":391,"featured_media":600819,"comment_status":"closed","ping_status":"closed","sticky":false,"template":"","format":"standard","meta":{"_acf_changed":false,"wprm-recipe-roundup-name":"","wprm-recipe-roundup-description":"","ngg_post_thumbnail":0,"footnotes":""},"categories":[14345],"tags":[],"post_places":[],"class_list":["post-600817","post","type-post","status-publish","format-standard","has-post-thumbnail","hentry","category-potovanje"],"acf":{"connected_places":"","del_image":""},"yoast_head":"<!-- This site is optimized with the Yoast SEO plugin v27.2 - https:\/\/yoast.com\/product\/yoast-seo-wordpress\/ -->\n<title>Poseben festival Donave Bend vas pri\u010dakuje z ve\u010d kot 40 glasbenimi programi<\/title>\n<meta name=\"robots\" content=\"index, follow, max-snippet:-1, max-image-preview:large, max-video-preview:-1\" \/>\n<link rel=\"canonical\" href=\"https:\/\/funzine.hu\/sl\/2025\/04\/02\/potovanje\/poseben-festival-donave-bend-vas-pricakuje-z-vec-kot-40-glasbenimi-programi\/\" \/>\n<meta property=\"og:locale\" content=\"sl_SI\" \/>\n<meta property=\"og:type\" content=\"article\" \/>\n<meta property=\"og:title\" content=\"Poseben festival Donave Bend vas pri\u010dakuje z ve\u010d kot 40 glasbenimi programi\" \/>\n<meta property=\"og:description\" content=\"Cari Cari (AT), YASNO. (PL), Haldamas X Hulajdusza (HU-PL), Nill Gar\u00e7on (CZ), Erika Rein (SK) \u2013\" \/>\n<meta property=\"og:url\" content=\"https:\/\/funzine.hu\/sl\/2025\/04\/02\/potovanje\/poseben-festival-donave-bend-vas-pricakuje-z-vec-kot-40-glasbenimi-programi\/\" \/>\n<meta property=\"og:site_name\" content=\"Funzine\" \/>\n<meta property=\"article:publisher\" content=\"https:\/\/www.facebook.com\/funzine\/\" \/>\n<meta property=\"article:published_time\" content=\"2025-04-02T15:12:48+00:00\" \/>\n<meta property=\"og:image\" content=\"https:\/\/funzine.hu\/wp-content\/uploads\/2025\/04\/in-zebegeny-5971773_1280-1.jpg\" \/>\n\t<meta property=\"og:image:width\" content=\"1280\" \/>\n\t<meta property=\"og:image:height\" content=\"722\" \/>\n\t<meta property=\"og:image:type\" content=\"image\/jpeg\" \/>\n<meta name=\"author\" content=\"Bodn\u00e1r Zsuzsa\" \/>\n<meta name=\"twitter:card\" content=\"summary_large_image\" \/>\n<meta name=\"twitter:creator\" content=\"@funzine\" \/>\n<meta name=\"twitter:site\" content=\"@funzine\" \/>\n<meta name=\"twitter:label1\" content=\"Written by\" \/>\n\t<meta name=\"twitter:data1\" content=\"Bodn\u00e1r Zsuzsa\" \/>\n\t<meta name=\"twitter:label2\" content=\"Est. reading time\" \/>\n\t<meta name=\"twitter:data2\" content=\"4 minute\" \/>\n<script type=\"application\/ld+json\" class=\"yoast-schema-graph\">{\"@context\":\"https:\/\/schema.org\",\"@graph\":[{\"@type\":\"NewsArticle\",\"@id\":\"https:\/\/funzine.hu\/sl\/2025\/04\/02\/potovanje\/poseben-festival-donave-bend-vas-pricakuje-z-vec-kot-40-glasbenimi-programi\/#article\",\"isPartOf\":{\"@id\":\"https:\/\/funzine.hu\/sl\/2025\/04\/02\/potovanje\/poseben-festival-donave-bend-vas-pricakuje-z-vec-kot-40-glasbenimi-programi\/\"},\"author\":{\"name\":\"Bodn\u00e1r Zsuzsa\",\"@id\":\"https:\/\/funzine.hu\/#\/schema\/person\/f3864a88f41183e8c3af70534ac28bb4\"},\"headline\":\"Poseben festival Donave Bend vas pri\u010dakuje z ve\u010d kot 40 glasbenimi programi\",\"datePublished\":\"2025-04-02T15:12:48+00:00\",\"mainEntityOfPage\":{\"@id\":\"https:\/\/funzine.hu\/sl\/2025\/04\/02\/potovanje\/poseben-festival-donave-bend-vas-pricakuje-z-vec-kot-40-glasbenimi-programi\/\"},\"wordCount\":647,\"image\":{\"@id\":\"https:\/\/funzine.hu\/sl\/2025\/04\/02\/potovanje\/poseben-festival-donave-bend-vas-pricakuje-z-vec-kot-40-glasbenimi-programi\/#primaryimage\"},\"thumbnailUrl\":\"https:\/\/funzine.hu\/wp-content\/uploads\/2025\/04\/in-zebegeny-5971773_1280-1.jpg\",\"articleSection\":[\"Potovanje\"],\"inLanguage\":\"sl-SI\"},{\"@type\":\"WebPage\",\"@id\":\"https:\/\/funzine.hu\/sl\/2025\/04\/02\/potovanje\/poseben-festival-donave-bend-vas-pricakuje-z-vec-kot-40-glasbenimi-programi\/\",\"url\":\"https:\/\/funzine.hu\/sl\/2025\/04\/02\/potovanje\/poseben-festival-donave-bend-vas-pricakuje-z-vec-kot-40-glasbenimi-programi\/\",\"name\":\"Poseben festival Donave Bend vas pri\u010dakuje z ve\u010d kot 40 glasbenimi programi\",\"isPartOf\":{\"@id\":\"https:\/\/funzine.hu\/#website\"},\"primaryImageOfPage\":{\"@id\":\"https:\/\/funzine.hu\/sl\/2025\/04\/02\/potovanje\/poseben-festival-donave-bend-vas-pricakuje-z-vec-kot-40-glasbenimi-programi\/#primaryimage\"},\"image\":{\"@id\":\"https:\/\/funzine.hu\/sl\/2025\/04\/02\/potovanje\/poseben-festival-donave-bend-vas-pricakuje-z-vec-kot-40-glasbenimi-programi\/#primaryimage\"},\"thumbnailUrl\":\"https:\/\/funzine.hu\/wp-content\/uploads\/2025\/04\/in-zebegeny-5971773_1280-1.jpg\",\"datePublished\":\"2025-04-02T15:12:48+00:00\",\"author\":{\"@id\":\"https:\/\/funzine.hu\/#\/schema\/person\/f3864a88f41183e8c3af70534ac28bb4\"},\"breadcrumb\":{\"@id\":\"https:\/\/funzine.hu\/sl\/2025\/04\/02\/potovanje\/poseben-festival-donave-bend-vas-pricakuje-z-vec-kot-40-glasbenimi-programi\/#breadcrumb\"},\"inLanguage\":\"sl-SI\",\"potentialAction\":[{\"@type\":\"ReadAction\",\"target\":[\"https:\/\/funzine.hu\/sl\/2025\/04\/02\/potovanje\/poseben-festival-donave-bend-vas-pricakuje-z-vec-kot-40-glasbenimi-programi\/\"]}]},{\"@type\":\"ImageObject\",\"inLanguage\":\"sl-SI\",\"@id\":\"https:\/\/funzine.hu\/sl\/2025\/04\/02\/potovanje\/poseben-festival-donave-bend-vas-pricakuje-z-vec-kot-40-glasbenimi-programi\/#primaryimage\",\"url\":\"https:\/\/funzine.hu\/wp-content\/uploads\/2025\/04\/in-zebegeny-5971773_1280-1.jpg\",\"contentUrl\":\"https:\/\/funzine.hu\/wp-content\/uploads\/2025\/04\/in-zebegeny-5971773_1280-1.jpg\",\"width\":1280,\"height\":722,\"caption\":\"ilustracija - pixabay.com\"},{\"@type\":\"BreadcrumbList\",\"@id\":\"https:\/\/funzine.hu\/sl\/2025\/04\/02\/potovanje\/poseben-festival-donave-bend-vas-pricakuje-z-vec-kot-40-glasbenimi-programi\/#breadcrumb\",\"itemListElement\":[{\"@type\":\"ListItem\",\"position\":1,\"name\":\"Home\",\"item\":\"https:\/\/funzine.hu\/sl\/\"},{\"@type\":\"ListItem\",\"position\":2,\"name\":\"Poseben festival Donave Bend vas pri\u010dakuje z ve\u010d kot 40 glasbenimi programi\"}]},{\"@type\":\"WebSite\",\"@id\":\"https:\/\/funzine.hu\/#website\",\"url\":\"https:\/\/funzine.hu\/\",\"name\":\"Funzine\",\"description\":\"\",\"potentialAction\":[{\"@type\":\"SearchAction\",\"target\":{\"@type\":\"EntryPoint\",\"urlTemplate\":\"https:\/\/funzine.hu\/?s={search_term_string}\"},\"query-input\":{\"@type\":\"PropertyValueSpecification\",\"valueRequired\":true,\"valueName\":\"search_term_string\"}}],\"inLanguage\":\"sl-SI\"},{\"@type\":\"Person\",\"@id\":\"https:\/\/funzine.hu\/#\/schema\/person\/f3864a88f41183e8c3af70534ac28bb4\",\"name\":\"Bodn\u00e1r Zsuzsa\",\"image\":{\"@type\":\"ImageObject\",\"inLanguage\":\"sl-SI\",\"@id\":\"https:\/\/secure.gravatar.com\/avatar\/3dac04a042bfb0c015d0f893ef5eb9cca9d966bb5795039862dafd8d2ab5d410?s=96&d=mm&r=g\",\"url\":\"https:\/\/secure.gravatar.com\/avatar\/3dac04a042bfb0c015d0f893ef5eb9cca9d966bb5795039862dafd8d2ab5d410?s=96&d=mm&r=g\",\"contentUrl\":\"https:\/\/secure.gravatar.com\/avatar\/3dac04a042bfb0c015d0f893ef5eb9cca9d966bb5795039862dafd8d2ab5d410?s=96&d=mm&r=g\",\"caption\":\"Bodn\u00e1r Zsuzsa\"},\"url\":\"https:\/\/funzine.hu\/sl\/author\/bodnar-zsuzsa-1984\/\"}]}<\/script>\n<!-- \/ Yoast SEO plugin. -->","yoast_head_json":{"title":"Poseben festival Donave Bend vas pri\u010dakuje z ve\u010d kot 40 glasbenimi programi","robots":{"index":"index","follow":"follow","max-snippet":"max-snippet:-1","max-image-preview":"max-image-preview:large","max-video-preview":"max-video-preview:-1"},"canonical":"https:\/\/funzine.hu\/sl\/2025\/04\/02\/potovanje\/poseben-festival-donave-bend-vas-pricakuje-z-vec-kot-40-glasbenimi-programi\/","og_locale":"sl_SI","og_type":"article","og_title":"Poseben festival Donave Bend vas pri\u010dakuje z ve\u010d kot 40 glasbenimi programi","og_description":"Cari Cari (AT), YASNO. (PL), Haldamas X Hulajdusza (HU-PL), Nill Gar\u00e7on (CZ), Erika Rein (SK) \u2013","og_url":"https:\/\/funzine.hu\/sl\/2025\/04\/02\/potovanje\/poseben-festival-donave-bend-vas-pricakuje-z-vec-kot-40-glasbenimi-programi\/","og_site_name":"Funzine","article_publisher":"https:\/\/www.facebook.com\/funzine\/","article_published_time":"2025-04-02T15:12:48+00:00","og_image":[{"width":1280,"height":722,"url":"https:\/\/funzine.hu\/wp-content\/uploads\/2025\/04\/in-zebegeny-5971773_1280-1.jpg","type":"image\/jpeg"}],"author":"Bodn\u00e1r Zsuzsa","twitter_card":"summary_large_image","twitter_creator":"@funzine","twitter_site":"@funzine","twitter_misc":{"Written by":"Bodn\u00e1r Zsuzsa","Est. reading time":"4 minute"},"schema":{"@context":"https:\/\/schema.org","@graph":[{"@type":"NewsArticle","@id":"https:\/\/funzine.hu\/sl\/2025\/04\/02\/potovanje\/poseben-festival-donave-bend-vas-pricakuje-z-vec-kot-40-glasbenimi-programi\/#article","isPartOf":{"@id":"https:\/\/funzine.hu\/sl\/2025\/04\/02\/potovanje\/poseben-festival-donave-bend-vas-pricakuje-z-vec-kot-40-glasbenimi-programi\/"},"author":{"name":"Bodn\u00e1r Zsuzsa","@id":"https:\/\/funzine.hu\/#\/schema\/person\/f3864a88f41183e8c3af70534ac28bb4"},"headline":"Poseben festival Donave Bend vas pri\u010dakuje z ve\u010d kot 40 glasbenimi programi","datePublished":"2025-04-02T15:12:48+00:00","mainEntityOfPage":{"@id":"https:\/\/funzine.hu\/sl\/2025\/04\/02\/potovanje\/poseben-festival-donave-bend-vas-pricakuje-z-vec-kot-40-glasbenimi-programi\/"},"wordCount":647,"image":{"@id":"https:\/\/funzine.hu\/sl\/2025\/04\/02\/potovanje\/poseben-festival-donave-bend-vas-pricakuje-z-vec-kot-40-glasbenimi-programi\/#primaryimage"},"thumbnailUrl":"https:\/\/funzine.hu\/wp-content\/uploads\/2025\/04\/in-zebegeny-5971773_1280-1.jpg","articleSection":["Potovanje"],"inLanguage":"sl-SI"},{"@type":"WebPage","@id":"https:\/\/funzine.hu\/sl\/2025\/04\/02\/potovanje\/poseben-festival-donave-bend-vas-pricakuje-z-vec-kot-40-glasbenimi-programi\/","url":"https:\/\/funzine.hu\/sl\/2025\/04\/02\/potovanje\/poseben-festival-donave-bend-vas-pricakuje-z-vec-kot-40-glasbenimi-programi\/","name":"Poseben festival Donave Bend vas pri\u010dakuje z ve\u010d kot 40 glasbenimi programi","isPartOf":{"@id":"https:\/\/funzine.hu\/#website"},"primaryImageOfPage":{"@id":"https:\/\/funzine.hu\/sl\/2025\/04\/02\/potovanje\/poseben-festival-donave-bend-vas-pricakuje-z-vec-kot-40-glasbenimi-programi\/#primaryimage"},"image":{"@id":"https:\/\/funzine.hu\/sl\/2025\/04\/02\/potovanje\/poseben-festival-donave-bend-vas-pricakuje-z-vec-kot-40-glasbenimi-programi\/#primaryimage"},"thumbnailUrl":"https:\/\/funzine.hu\/wp-content\/uploads\/2025\/04\/in-zebegeny-5971773_1280-1.jpg","datePublished":"2025-04-02T15:12:48+00:00","author":{"@id":"https:\/\/funzine.hu\/#\/schema\/person\/f3864a88f41183e8c3af70534ac28bb4"},"breadcrumb":{"@id":"https:\/\/funzine.hu\/sl\/2025\/04\/02\/potovanje\/poseben-festival-donave-bend-vas-pricakuje-z-vec-kot-40-glasbenimi-programi\/#breadcrumb"},"inLanguage":"sl-SI","potentialAction":[{"@type":"ReadAction","target":["https:\/\/funzine.hu\/sl\/2025\/04\/02\/potovanje\/poseben-festival-donave-bend-vas-pricakuje-z-vec-kot-40-glasbenimi-programi\/"]}]},{"@type":"ImageObject","inLanguage":"sl-SI","@id":"https:\/\/funzine.hu\/sl\/2025\/04\/02\/potovanje\/poseben-festival-donave-bend-vas-pricakuje-z-vec-kot-40-glasbenimi-programi\/#primaryimage","url":"https:\/\/funzine.hu\/wp-content\/uploads\/2025\/04\/in-zebegeny-5971773_1280-1.jpg","contentUrl":"https:\/\/funzine.hu\/wp-content\/uploads\/2025\/04\/in-zebegeny-5971773_1280-1.jpg","width":1280,"height":722,"caption":"ilustracija - pixabay.com"},{"@type":"BreadcrumbList","@id":"https:\/\/funzine.hu\/sl\/2025\/04\/02\/potovanje\/poseben-festival-donave-bend-vas-pricakuje-z-vec-kot-40-glasbenimi-programi\/#breadcrumb","itemListElement":[{"@type":"ListItem","position":1,"name":"Home","item":"https:\/\/funzine.hu\/sl\/"},{"@type":"ListItem","position":2,"name":"Poseben festival Donave Bend vas pri\u010dakuje z ve\u010d kot 40 glasbenimi programi"}]},{"@type":"WebSite","@id":"https:\/\/funzine.hu\/#website","url":"https:\/\/funzine.hu\/","name":"Funzine","description":"","potentialAction":[{"@type":"SearchAction","target":{"@type":"EntryPoint","urlTemplate":"https:\/\/funzine.hu\/?s={search_term_string}"},"query-input":{"@type":"PropertyValueSpecification","valueRequired":true,"valueName":"search_term_string"}}],"inLanguage":"sl-SI"},{"@type":"Person","@id":"https:\/\/funzine.hu\/#\/schema\/person\/f3864a88f41183e8c3af70534ac28bb4","name":"Bodn\u00e1r Zsuzsa","image":{"@type":"ImageObject","inLanguage":"sl-SI","@id":"https:\/\/secure.gravatar.com\/avatar\/3dac04a042bfb0c015d0f893ef5eb9cca9d966bb5795039862dafd8d2ab5d410?s=96&d=mm&r=g","url":"https:\/\/secure.gravatar.com\/avatar\/3dac04a042bfb0c015d0f893ef5eb9cca9d966bb5795039862dafd8d2ab5d410?s=96&d=mm&r=g","contentUrl":"https:\/\/secure.gravatar.com\/avatar\/3dac04a042bfb0c015d0f893ef5eb9cca9d966bb5795039862dafd8d2ab5d410?s=96&d=mm&r=g","caption":"Bodn\u00e1r Zsuzsa"},"url":"https:\/\/funzine.hu\/sl\/author\/bodnar-zsuzsa-1984\/"}]}},"amp_enabled":true,"_links":{"self":[{"href":"https:\/\/funzine.hu\/sl\/wp-json\/wp\/v2\/posts\/600817","targetHints":{"allow":["GET"]}}],"collection":[{"href":"https:\/\/funzine.hu\/sl\/wp-json\/wp\/v2\/posts"}],"about":[{"href":"https:\/\/funzine.hu\/sl\/wp-json\/wp\/v2\/types\/post"}],"author":[{"embeddable":true,"href":"https:\/\/funzine.hu\/sl\/wp-json\/wp\/v2\/users\/391"}],"replies":[{"embeddable":true,"href":"https:\/\/funzine.hu\/sl\/wp-json\/wp\/v2\/comments?post=600817"}],"version-history":[{"count":1,"href":"https:\/\/funzine.hu\/sl\/wp-json\/wp\/v2\/posts\/600817\/revisions"}],"predecessor-version":[{"id":600820,"href":"https:\/\/funzine.hu\/sl\/wp-json\/wp\/v2\/posts\/600817\/revisions\/600820"}],"wp:featuredmedia":[{"embeddable":true,"href":"https:\/\/funzine.hu\/sl\/wp-json\/wp\/v2\/media\/600819"}],"wp:attachment":[{"href":"https:\/\/funzine.hu\/sl\/wp-json\/wp\/v2\/media?parent=600817"}],"wp:term":[{"taxonomy":"category","embeddable":true,"href":"https:\/\/funzine.hu\/sl\/wp-json\/wp\/v2\/categories?post=600817"},{"taxonomy":"post_tag","embeddable":true,"href":"https:\/\/funzine.hu\/sl\/wp-json\/wp\/v2\/tags?post=600817"},{"taxonomy":"post_places","embeddable":true,"href":"https:\/\/funzine.hu\/sl\/wp-json\/wp\/v2\/post_places?post=600817"}],"curies":[{"name":"wp","href":"https:\/\/api.w.org\/{rel}","templated":true}]}}