{"id":588379,"date":"2025-01-16T16:02:10","date_gmt":"2025-01-16T15:02:10","guid":{"rendered":"https:\/\/funzine.hu\/?p=588379"},"modified":"2025-01-16T16:02:10","modified_gmt":"2025-01-16T15:02:10","slug":"od-nekaj-stojnic-do-sodobnega-nakupovalnega-sredisca-zgodovina-ulicne-trznice-feny","status":"publish","type":"post","link":"https:\/\/funzine.hu\/sl\/2025\/01\/16\/gastronomija\/od-nekaj-stojnic-do-sodobnega-nakupovalnega-sredisca-zgodovina-ulicne-trznice-feny\/","title":{"rendered":"Od nekaj stojnic do sodobnega nakupovalnega sredi\u0161\u010da: zgodovina uli\u010dne tr\u017enice F\u00e9ny"},"content":{"rendered":"<p>Zgodovina uli\u010dne tr\u017enice F\u00e9ny, ki se nahaja nekaj minut hoje od trga Sz\u00e9ll K\u00e1lm\u00e1n, sega v za\u010detek 20. stoletja in v skoraj 100 letih je vrsta majhnih stojnic prerasla v \u017eivahno, sodobno tr\u017enico.<\/p>\n<p>Zgodnji za\u010detki in rojstvo prve stavbe<br \/>\nNa obmo\u010dju, ki meji na L\u00f6v\u0151h\u00e1z in ulico Retek, so \u017ee v 30. letih 20. stoletja potekali sejmi, vendar je na za\u010detku s svojimi izdelki stalo le nekaj prodajalcev.<\/p>\n<p>Ni trajalo dolgo, da so tedenski sejmi postali znani, ob vse ve\u010djem prometu pa je bilo mogo\u010de med sprehodom med manj\u0161imi stojnicami brskati za zakladi.<\/p>\n<p>Do leta 1940 je promet sejma dosegel tak\u0161ne razse\u017enosti, da je odbor zakonodajne oblasti metropolitanske ob\u010dine Budimpe\u0161ta dolo\u010dil gradnjo hale na obmo\u010dju, ki meji na ulice L\u00f6v\u0151h\u00e1z, F\u00e9ny in Retek, ki je bila kon\u010dno odprta leta 1953.<\/p>\n<p>Prva tr\u017enica je delovala kot preprostej\u0161a, pokrita tr\u017enica, kjer so prodajalci na stojnicah ponujali svoje izdelke, a je bila izbira \u017ee pestra: na voljo je bilo vse od najbolj sve\u017eega sadja in zelenjave, razko\u0161nega cvetja do gastronomskih specialitet.<\/p>\n<figure id=\"attachment_588380\" aria-describedby=\"caption-attachment-588380\" style=\"width: 850px\" class=\"wp-caption aligncenter\"><img decoding=\"async\" class=\"size-funzine-large wp-image-588380\" src=\"https:\/\/funzine.hu\/wp-content\/uploads\/2025\/01\/fruit-428062_1280-850x566.jpg\" alt=\"\" width=\"850\" height=\"566\" srcset=\"https:\/\/funzine.hu\/wp-content\/uploads\/2025\/01\/fruit-428062_1280-850x566.jpg 850w, https:\/\/funzine.hu\/wp-content\/uploads\/2025\/01\/fruit-428062_1280-300x200.jpg 300w, https:\/\/funzine.hu\/wp-content\/uploads\/2025\/01\/fruit-428062_1280-1024x682.jpg 1024w, https:\/\/funzine.hu\/wp-content\/uploads\/2025\/01\/fruit-428062_1280-768x512.jpg 768w, https:\/\/funzine.hu\/wp-content\/uploads\/2025\/01\/fruit-428062_1280-360x240.jpg 360w, https:\/\/funzine.hu\/wp-content\/uploads\/2025\/01\/fruit-428062_1280.jpg 1280w\" sizes=\"(max-width: 850px) 100vw, 850px\" \/><figcaption id=\"caption-attachment-588380\" class=\"wp-caption-text\">ilustracija &#8211; pixabay.com<\/figcaption><\/figure>\n<p>Preoblikovanje in modernizacija<br \/>\nZ leti se je stanje stare stavbe za\u010delo slab\u0161ati in do konca devetdesetih let ni ve\u010d ustrezalo zdravstvenim in varnostnim standardom, zato se je po dolgotrajnem odlo\u010danju leta 2000 za\u010dela posodobitev objekta.<\/p>\n<p>Za\u010delo se je na\u010drtovanje in gradnja sodobne ve\u010dnadstropne stavbe, ki je bila kon\u010dno odprta leta 2002. Arhitekturne na\u010drte, potrebne za prenovo, je pripravilo podjetje \u00c9p\u00edt\u00e9sz St\u00fadi\u00f3 Kft. je bil ustvarjen pod vodstvom z Ybl nagrado nagrajenega vodilnega oblikovalca Ferenca Cs\u00e1golyja.<\/p>\n<p>Nova tr\u017enica, odprta leta 2002, je kombinacija sodobnega trgovskega centra in tradicionalne tr\u017enice, skupaj z gara\u017eo pa je nastala petnadstropna stavba. V ni\u017ejih nivojih so bile klasi\u010dne tr\u017enice in lokalni proizvajalci, v zgornjih pa trgovine in restavracije, velika novost pa so bile teko\u010de stopnice, ki povezujejo oba nivoja.<\/p>\n<p>Njegov pomen danes<br \/>\nTr\u017enica F\u00e9ny Street \u0161e danes ni izgubila svoje priljubljenosti, v prvih 20 letih ponovnega odprtja jo je obiskalo 31 milijonov ljudi, poleg \u017ee desetletja zvestih kupcev pa je vse ve\u010d tudi nove stranke. Na skoraj 20.000 kvadratnih metrih je trenutno 150 trgovin, repertoar pa \u0161irijo \u0161e z bolj\u0161imi restavracijami.<\/p>\n<p>&nbsp;<\/p>\n<p>Tr\u017enica F\u00e9ny Street je \u0161e vedno priljubljena med doma\u010dini in obiskovalci iz drugih delov mesta, \u0161e danes pa ponuja pestro izbiro sve\u017ee zelenjave, sadja, mesnih in mle\u010dnih izdelkov ter doma\u010de hrane.<\/p>\n<p>Poleg tega trg gosti tudi razli\u010dne glasbene in gastronomske dogodke, pa naj gre za obrtne sejme, silvestrovanja ali tematske dneve.<\/p>\n","protected":false},"excerpt":{"rendered":"<p>Zgodovina uli\u010dne tr\u017enice F\u00e9ny, ki se nahaja nekaj minut hoje od trga Sz\u00e9ll K\u00e1lm\u00e1n, sega v za\u010detek<\/p>\n","protected":false},"author":391,"featured_media":588380,"comment_status":"closed","ping_status":"closed","sticky":false,"template":"","format":"standard","meta":{"_acf_changed":false,"wprm-recipe-roundup-name":"","wprm-recipe-roundup-description":"","ngg_post_thumbnail":0,"footnotes":""},"categories":[14344],"tags":[],"post_places":[],"class_list":["post-588379","post","type-post","status-publish","format-standard","has-post-thumbnail","hentry","category-gastronomija"],"acf":{"connected_places":"","del_image":""},"yoast_head":"<!-- This site is optimized with the Yoast SEO plugin v27.2 - https:\/\/yoast.com\/product\/yoast-seo-wordpress\/ -->\n<title>Od nekaj stojnic do sodobnega nakupovalnega sredi\u0161\u010da: zgodovina uli\u010dne tr\u017enice F\u00e9ny<\/title>\n<meta name=\"robots\" content=\"index, follow, max-snippet:-1, max-image-preview:large, max-video-preview:-1\" \/>\n<link rel=\"canonical\" href=\"https:\/\/funzine.hu\/sl\/2025\/01\/16\/gastronomija\/od-nekaj-stojnic-do-sodobnega-nakupovalnega-sredisca-zgodovina-ulicne-trznice-feny\/\" \/>\n<meta property=\"og:locale\" content=\"sl_SI\" \/>\n<meta property=\"og:type\" content=\"article\" \/>\n<meta property=\"og:title\" content=\"Od nekaj stojnic do sodobnega nakupovalnega sredi\u0161\u010da: zgodovina uli\u010dne tr\u017enice F\u00e9ny\" \/>\n<meta property=\"og:description\" content=\"Zgodovina uli\u010dne tr\u017enice F\u00e9ny, ki se nahaja nekaj minut hoje od trga Sz\u00e9ll K\u00e1lm\u00e1n, sega v za\u010detek\" \/>\n<meta property=\"og:url\" content=\"https:\/\/funzine.hu\/sl\/2025\/01\/16\/gastronomija\/od-nekaj-stojnic-do-sodobnega-nakupovalnega-sredisca-zgodovina-ulicne-trznice-feny\/\" \/>\n<meta property=\"og:site_name\" content=\"Funzine\" \/>\n<meta property=\"article:publisher\" content=\"https:\/\/www.facebook.com\/funzine\/\" \/>\n<meta property=\"article:published_time\" content=\"2025-01-16T15:02:10+00:00\" \/>\n<meta property=\"og:image\" content=\"https:\/\/funzine.hu\/wp-content\/uploads\/2025\/01\/fruit-428062_1280.jpg\" \/>\n\t<meta property=\"og:image:width\" content=\"1280\" \/>\n\t<meta property=\"og:image:height\" content=\"853\" \/>\n\t<meta property=\"og:image:type\" content=\"image\/jpeg\" \/>\n<meta name=\"author\" content=\"Bodn\u00e1r Zsuzsa\" \/>\n<meta name=\"twitter:card\" content=\"summary_large_image\" \/>\n<meta name=\"twitter:creator\" content=\"@funzine\" \/>\n<meta name=\"twitter:site\" content=\"@funzine\" \/>\n<meta name=\"twitter:label1\" content=\"Written by\" \/>\n\t<meta name=\"twitter:data1\" content=\"Bodn\u00e1r Zsuzsa\" \/>\n\t<meta name=\"twitter:label2\" content=\"Est. reading time\" \/>\n\t<meta name=\"twitter:data2\" content=\"3 minute\" \/>\n<script type=\"application\/ld+json\" class=\"yoast-schema-graph\">{\"@context\":\"https:\/\/schema.org\",\"@graph\":[{\"@type\":\"NewsArticle\",\"@id\":\"https:\/\/funzine.hu\/sl\/2025\/01\/16\/gastronomija\/od-nekaj-stojnic-do-sodobnega-nakupovalnega-sredisca-zgodovina-ulicne-trznice-feny\/#article\",\"isPartOf\":{\"@id\":\"https:\/\/funzine.hu\/sl\/2025\/01\/16\/gastronomija\/od-nekaj-stojnic-do-sodobnega-nakupovalnega-sredisca-zgodovina-ulicne-trznice-feny\/\"},\"author\":{\"name\":\"Bodn\u00e1r Zsuzsa\",\"@id\":\"https:\/\/funzine.hu\/#\/schema\/person\/f3864a88f41183e8c3af70534ac28bb4\"},\"headline\":\"Od nekaj stojnic do sodobnega nakupovalnega sredi\u0161\u010da: zgodovina uli\u010dne tr\u017enice F\u00e9ny\",\"datePublished\":\"2025-01-16T15:02:10+00:00\",\"mainEntityOfPage\":{\"@id\":\"https:\/\/funzine.hu\/sl\/2025\/01\/16\/gastronomija\/od-nekaj-stojnic-do-sodobnega-nakupovalnega-sredisca-zgodovina-ulicne-trznice-feny\/\"},\"wordCount\":471,\"image\":{\"@id\":\"https:\/\/funzine.hu\/sl\/2025\/01\/16\/gastronomija\/od-nekaj-stojnic-do-sodobnega-nakupovalnega-sredisca-zgodovina-ulicne-trznice-feny\/#primaryimage\"},\"thumbnailUrl\":\"https:\/\/funzine.hu\/wp-content\/uploads\/2025\/01\/fruit-428062_1280.jpg\",\"articleSection\":[\"Gastronomija\"],\"inLanguage\":\"sl-SI\"},{\"@type\":\"WebPage\",\"@id\":\"https:\/\/funzine.hu\/sl\/2025\/01\/16\/gastronomija\/od-nekaj-stojnic-do-sodobnega-nakupovalnega-sredisca-zgodovina-ulicne-trznice-feny\/\",\"url\":\"https:\/\/funzine.hu\/sl\/2025\/01\/16\/gastronomija\/od-nekaj-stojnic-do-sodobnega-nakupovalnega-sredisca-zgodovina-ulicne-trznice-feny\/\",\"name\":\"Od nekaj stojnic do sodobnega nakupovalnega sredi\u0161\u010da: zgodovina uli\u010dne tr\u017enice F\u00e9ny\",\"isPartOf\":{\"@id\":\"https:\/\/funzine.hu\/#website\"},\"primaryImageOfPage\":{\"@id\":\"https:\/\/funzine.hu\/sl\/2025\/01\/16\/gastronomija\/od-nekaj-stojnic-do-sodobnega-nakupovalnega-sredisca-zgodovina-ulicne-trznice-feny\/#primaryimage\"},\"image\":{\"@id\":\"https:\/\/funzine.hu\/sl\/2025\/01\/16\/gastronomija\/od-nekaj-stojnic-do-sodobnega-nakupovalnega-sredisca-zgodovina-ulicne-trznice-feny\/#primaryimage\"},\"thumbnailUrl\":\"https:\/\/funzine.hu\/wp-content\/uploads\/2025\/01\/fruit-428062_1280.jpg\",\"datePublished\":\"2025-01-16T15:02:10+00:00\",\"author\":{\"@id\":\"https:\/\/funzine.hu\/#\/schema\/person\/f3864a88f41183e8c3af70534ac28bb4\"},\"breadcrumb\":{\"@id\":\"https:\/\/funzine.hu\/sl\/2025\/01\/16\/gastronomija\/od-nekaj-stojnic-do-sodobnega-nakupovalnega-sredisca-zgodovina-ulicne-trznice-feny\/#breadcrumb\"},\"inLanguage\":\"sl-SI\",\"potentialAction\":[{\"@type\":\"ReadAction\",\"target\":[\"https:\/\/funzine.hu\/sl\/2025\/01\/16\/gastronomija\/od-nekaj-stojnic-do-sodobnega-nakupovalnega-sredisca-zgodovina-ulicne-trznice-feny\/\"]}]},{\"@type\":\"ImageObject\",\"inLanguage\":\"sl-SI\",\"@id\":\"https:\/\/funzine.hu\/sl\/2025\/01\/16\/gastronomija\/od-nekaj-stojnic-do-sodobnega-nakupovalnega-sredisca-zgodovina-ulicne-trznice-feny\/#primaryimage\",\"url\":\"https:\/\/funzine.hu\/wp-content\/uploads\/2025\/01\/fruit-428062_1280.jpg\",\"contentUrl\":\"https:\/\/funzine.hu\/wp-content\/uploads\/2025\/01\/fruit-428062_1280.jpg\",\"width\":1280,\"height\":853,\"caption\":\"ilustracija - pixabay.com\"},{\"@type\":\"BreadcrumbList\",\"@id\":\"https:\/\/funzine.hu\/sl\/2025\/01\/16\/gastronomija\/od-nekaj-stojnic-do-sodobnega-nakupovalnega-sredisca-zgodovina-ulicne-trznice-feny\/#breadcrumb\",\"itemListElement\":[{\"@type\":\"ListItem\",\"position\":1,\"name\":\"Home\",\"item\":\"https:\/\/funzine.hu\/sl\/\"},{\"@type\":\"ListItem\",\"position\":2,\"name\":\"Od nekaj stojnic do sodobnega nakupovalnega sredi\u0161\u010da: zgodovina uli\u010dne tr\u017enice F\u00e9ny\"}]},{\"@type\":\"WebSite\",\"@id\":\"https:\/\/funzine.hu\/#website\",\"url\":\"https:\/\/funzine.hu\/\",\"name\":\"Funzine\",\"description\":\"\",\"potentialAction\":[{\"@type\":\"SearchAction\",\"target\":{\"@type\":\"EntryPoint\",\"urlTemplate\":\"https:\/\/funzine.hu\/?s={search_term_string}\"},\"query-input\":{\"@type\":\"PropertyValueSpecification\",\"valueRequired\":true,\"valueName\":\"search_term_string\"}}],\"inLanguage\":\"sl-SI\"},{\"@type\":\"Person\",\"@id\":\"https:\/\/funzine.hu\/#\/schema\/person\/f3864a88f41183e8c3af70534ac28bb4\",\"name\":\"Bodn\u00e1r Zsuzsa\",\"image\":{\"@type\":\"ImageObject\",\"inLanguage\":\"sl-SI\",\"@id\":\"https:\/\/secure.gravatar.com\/avatar\/3dac04a042bfb0c015d0f893ef5eb9cca9d966bb5795039862dafd8d2ab5d410?s=96&d=mm&r=g\",\"url\":\"https:\/\/secure.gravatar.com\/avatar\/3dac04a042bfb0c015d0f893ef5eb9cca9d966bb5795039862dafd8d2ab5d410?s=96&d=mm&r=g\",\"contentUrl\":\"https:\/\/secure.gravatar.com\/avatar\/3dac04a042bfb0c015d0f893ef5eb9cca9d966bb5795039862dafd8d2ab5d410?s=96&d=mm&r=g\",\"caption\":\"Bodn\u00e1r Zsuzsa\"},\"url\":\"https:\/\/funzine.hu\/sl\/author\/bodnar-zsuzsa-1984\/\"}]}<\/script>\n<!-- \/ Yoast SEO plugin. -->","yoast_head_json":{"title":"Od nekaj stojnic do sodobnega nakupovalnega sredi\u0161\u010da: zgodovina uli\u010dne tr\u017enice F\u00e9ny","robots":{"index":"index","follow":"follow","max-snippet":"max-snippet:-1","max-image-preview":"max-image-preview:large","max-video-preview":"max-video-preview:-1"},"canonical":"https:\/\/funzine.hu\/sl\/2025\/01\/16\/gastronomija\/od-nekaj-stojnic-do-sodobnega-nakupovalnega-sredisca-zgodovina-ulicne-trznice-feny\/","og_locale":"sl_SI","og_type":"article","og_title":"Od nekaj stojnic do sodobnega nakupovalnega sredi\u0161\u010da: zgodovina uli\u010dne tr\u017enice F\u00e9ny","og_description":"Zgodovina uli\u010dne tr\u017enice F\u00e9ny, ki se nahaja nekaj minut hoje od trga Sz\u00e9ll K\u00e1lm\u00e1n, sega v za\u010detek","og_url":"https:\/\/funzine.hu\/sl\/2025\/01\/16\/gastronomija\/od-nekaj-stojnic-do-sodobnega-nakupovalnega-sredisca-zgodovina-ulicne-trznice-feny\/","og_site_name":"Funzine","article_publisher":"https:\/\/www.facebook.com\/funzine\/","article_published_time":"2025-01-16T15:02:10+00:00","og_image":[{"width":1280,"height":853,"url":"https:\/\/funzine.hu\/wp-content\/uploads\/2025\/01\/fruit-428062_1280.jpg","type":"image\/jpeg"}],"author":"Bodn\u00e1r Zsuzsa","twitter_card":"summary_large_image","twitter_creator":"@funzine","twitter_site":"@funzine","twitter_misc":{"Written by":"Bodn\u00e1r Zsuzsa","Est. reading time":"3 minute"},"schema":{"@context":"https:\/\/schema.org","@graph":[{"@type":"NewsArticle","@id":"https:\/\/funzine.hu\/sl\/2025\/01\/16\/gastronomija\/od-nekaj-stojnic-do-sodobnega-nakupovalnega-sredisca-zgodovina-ulicne-trznice-feny\/#article","isPartOf":{"@id":"https:\/\/funzine.hu\/sl\/2025\/01\/16\/gastronomija\/od-nekaj-stojnic-do-sodobnega-nakupovalnega-sredisca-zgodovina-ulicne-trznice-feny\/"},"author":{"name":"Bodn\u00e1r Zsuzsa","@id":"https:\/\/funzine.hu\/#\/schema\/person\/f3864a88f41183e8c3af70534ac28bb4"},"headline":"Od nekaj stojnic do sodobnega nakupovalnega sredi\u0161\u010da: zgodovina uli\u010dne tr\u017enice F\u00e9ny","datePublished":"2025-01-16T15:02:10+00:00","mainEntityOfPage":{"@id":"https:\/\/funzine.hu\/sl\/2025\/01\/16\/gastronomija\/od-nekaj-stojnic-do-sodobnega-nakupovalnega-sredisca-zgodovina-ulicne-trznice-feny\/"},"wordCount":471,"image":{"@id":"https:\/\/funzine.hu\/sl\/2025\/01\/16\/gastronomija\/od-nekaj-stojnic-do-sodobnega-nakupovalnega-sredisca-zgodovina-ulicne-trznice-feny\/#primaryimage"},"thumbnailUrl":"https:\/\/funzine.hu\/wp-content\/uploads\/2025\/01\/fruit-428062_1280.jpg","articleSection":["Gastronomija"],"inLanguage":"sl-SI"},{"@type":"WebPage","@id":"https:\/\/funzine.hu\/sl\/2025\/01\/16\/gastronomija\/od-nekaj-stojnic-do-sodobnega-nakupovalnega-sredisca-zgodovina-ulicne-trznice-feny\/","url":"https:\/\/funzine.hu\/sl\/2025\/01\/16\/gastronomija\/od-nekaj-stojnic-do-sodobnega-nakupovalnega-sredisca-zgodovina-ulicne-trznice-feny\/","name":"Od nekaj stojnic do sodobnega nakupovalnega sredi\u0161\u010da: zgodovina uli\u010dne tr\u017enice F\u00e9ny","isPartOf":{"@id":"https:\/\/funzine.hu\/#website"},"primaryImageOfPage":{"@id":"https:\/\/funzine.hu\/sl\/2025\/01\/16\/gastronomija\/od-nekaj-stojnic-do-sodobnega-nakupovalnega-sredisca-zgodovina-ulicne-trznice-feny\/#primaryimage"},"image":{"@id":"https:\/\/funzine.hu\/sl\/2025\/01\/16\/gastronomija\/od-nekaj-stojnic-do-sodobnega-nakupovalnega-sredisca-zgodovina-ulicne-trznice-feny\/#primaryimage"},"thumbnailUrl":"https:\/\/funzine.hu\/wp-content\/uploads\/2025\/01\/fruit-428062_1280.jpg","datePublished":"2025-01-16T15:02:10+00:00","author":{"@id":"https:\/\/funzine.hu\/#\/schema\/person\/f3864a88f41183e8c3af70534ac28bb4"},"breadcrumb":{"@id":"https:\/\/funzine.hu\/sl\/2025\/01\/16\/gastronomija\/od-nekaj-stojnic-do-sodobnega-nakupovalnega-sredisca-zgodovina-ulicne-trznice-feny\/#breadcrumb"},"inLanguage":"sl-SI","potentialAction":[{"@type":"ReadAction","target":["https:\/\/funzine.hu\/sl\/2025\/01\/16\/gastronomija\/od-nekaj-stojnic-do-sodobnega-nakupovalnega-sredisca-zgodovina-ulicne-trznice-feny\/"]}]},{"@type":"ImageObject","inLanguage":"sl-SI","@id":"https:\/\/funzine.hu\/sl\/2025\/01\/16\/gastronomija\/od-nekaj-stojnic-do-sodobnega-nakupovalnega-sredisca-zgodovina-ulicne-trznice-feny\/#primaryimage","url":"https:\/\/funzine.hu\/wp-content\/uploads\/2025\/01\/fruit-428062_1280.jpg","contentUrl":"https:\/\/funzine.hu\/wp-content\/uploads\/2025\/01\/fruit-428062_1280.jpg","width":1280,"height":853,"caption":"ilustracija - pixabay.com"},{"@type":"BreadcrumbList","@id":"https:\/\/funzine.hu\/sl\/2025\/01\/16\/gastronomija\/od-nekaj-stojnic-do-sodobnega-nakupovalnega-sredisca-zgodovina-ulicne-trznice-feny\/#breadcrumb","itemListElement":[{"@type":"ListItem","position":1,"name":"Home","item":"https:\/\/funzine.hu\/sl\/"},{"@type":"ListItem","position":2,"name":"Od nekaj stojnic do sodobnega nakupovalnega sredi\u0161\u010da: zgodovina uli\u010dne tr\u017enice F\u00e9ny"}]},{"@type":"WebSite","@id":"https:\/\/funzine.hu\/#website","url":"https:\/\/funzine.hu\/","name":"Funzine","description":"","potentialAction":[{"@type":"SearchAction","target":{"@type":"EntryPoint","urlTemplate":"https:\/\/funzine.hu\/?s={search_term_string}"},"query-input":{"@type":"PropertyValueSpecification","valueRequired":true,"valueName":"search_term_string"}}],"inLanguage":"sl-SI"},{"@type":"Person","@id":"https:\/\/funzine.hu\/#\/schema\/person\/f3864a88f41183e8c3af70534ac28bb4","name":"Bodn\u00e1r Zsuzsa","image":{"@type":"ImageObject","inLanguage":"sl-SI","@id":"https:\/\/secure.gravatar.com\/avatar\/3dac04a042bfb0c015d0f893ef5eb9cca9d966bb5795039862dafd8d2ab5d410?s=96&d=mm&r=g","url":"https:\/\/secure.gravatar.com\/avatar\/3dac04a042bfb0c015d0f893ef5eb9cca9d966bb5795039862dafd8d2ab5d410?s=96&d=mm&r=g","contentUrl":"https:\/\/secure.gravatar.com\/avatar\/3dac04a042bfb0c015d0f893ef5eb9cca9d966bb5795039862dafd8d2ab5d410?s=96&d=mm&r=g","caption":"Bodn\u00e1r Zsuzsa"},"url":"https:\/\/funzine.hu\/sl\/author\/bodnar-zsuzsa-1984\/"}]}},"amp_enabled":true,"_links":{"self":[{"href":"https:\/\/funzine.hu\/sl\/wp-json\/wp\/v2\/posts\/588379","targetHints":{"allow":["GET"]}}],"collection":[{"href":"https:\/\/funzine.hu\/sl\/wp-json\/wp\/v2\/posts"}],"about":[{"href":"https:\/\/funzine.hu\/sl\/wp-json\/wp\/v2\/types\/post"}],"author":[{"embeddable":true,"href":"https:\/\/funzine.hu\/sl\/wp-json\/wp\/v2\/users\/391"}],"replies":[{"embeddable":true,"href":"https:\/\/funzine.hu\/sl\/wp-json\/wp\/v2\/comments?post=588379"}],"version-history":[{"count":1,"href":"https:\/\/funzine.hu\/sl\/wp-json\/wp\/v2\/posts\/588379\/revisions"}],"predecessor-version":[{"id":588383,"href":"https:\/\/funzine.hu\/sl\/wp-json\/wp\/v2\/posts\/588379\/revisions\/588383"}],"wp:featuredmedia":[{"embeddable":true,"href":"https:\/\/funzine.hu\/sl\/wp-json\/wp\/v2\/media\/588380"}],"wp:attachment":[{"href":"https:\/\/funzine.hu\/sl\/wp-json\/wp\/v2\/media?parent=588379"}],"wp:term":[{"taxonomy":"category","embeddable":true,"href":"https:\/\/funzine.hu\/sl\/wp-json\/wp\/v2\/categories?post=588379"},{"taxonomy":"post_tag","embeddable":true,"href":"https:\/\/funzine.hu\/sl\/wp-json\/wp\/v2\/tags?post=588379"},{"taxonomy":"post_places","embeddable":true,"href":"https:\/\/funzine.hu\/sl\/wp-json\/wp\/v2\/post_places?post=588379"}],"curies":[{"name":"wp","href":"https:\/\/api.w.org\/{rel}","templated":true}]}}