{"id":583096,"date":"2024-11-25T15:38:51","date_gmt":"2024-11-25T14:38:51","guid":{"rendered":"https:\/\/funzine.hu\/?p=583096"},"modified":"2024-11-25T15:38:51","modified_gmt":"2024-11-25T14:38:51","slug":"zgodovina-vile-jesenski-sprehod-dragulji-bauhaus-na-rozsadomu","status":"publish","type":"post","link":"https:\/\/funzine.hu\/sl\/2024\/11\/25\/potovanje\/zgodovina-vile-jesenski-sprehod-dragulji-bauhaus-na-rozsadomu\/","title":{"rendered":"Zgodovina vile jesenski sprehod: dragulji Bauhaus na R\u00f3zsadomu"},"content":{"rendered":"<p>Ko pomislimo na vile na R\u00f3zs\u00e1dombu, vsko\u010dijo stavbe s secesijskimi zna\u010dilnostmi, ki so prevladovale na prelomu stoletja, vendar je na pobo\u010djih skritih tudi presenetljivo veliko draguljev Bauhausa.<\/p>\n<figure id=\"attachment_583097\" aria-describedby=\"caption-attachment-583097\" style=\"width: 850px\" class=\"wp-caption aligncenter\"><img decoding=\"async\" class=\"size-funzine-large wp-image-583097\" src=\"https:\/\/funzine.hu\/wp-content\/uploads\/2024\/11\/maple-leaves-5687724_1280-850x567.jpg\" alt=\"\" width=\"850\" height=\"567\" srcset=\"https:\/\/funzine.hu\/wp-content\/uploads\/2024\/11\/maple-leaves-5687724_1280-850x567.jpg 850w, https:\/\/funzine.hu\/wp-content\/uploads\/2024\/11\/maple-leaves-5687724_1280-300x200.jpg 300w, https:\/\/funzine.hu\/wp-content\/uploads\/2024\/11\/maple-leaves-5687724_1280-1024x683.jpg 1024w, https:\/\/funzine.hu\/wp-content\/uploads\/2024\/11\/maple-leaves-5687724_1280-768x512.jpg 768w, https:\/\/funzine.hu\/wp-content\/uploads\/2024\/11\/maple-leaves-5687724_1280-360x240.jpg 360w, https:\/\/funzine.hu\/wp-content\/uploads\/2024\/11\/maple-leaves-5687724_1280.jpg 1280w\" sizes=\"(max-width: 850px) 100vw, 850px\" \/><figcaption id=\"caption-attachment-583097\" class=\"wp-caption-text\">ilustracija &#8211; pixabay.com<\/figcaption><\/figure>\n<p>Ulica \u00c1fonya 7.<br \/>\nNa\u010drte za vilo Sz\u00e1nth\u00f3, predano leta 1934, je izdelal M\u00f3ric Pog\u00e1ny, ki je napisal tudi mad\u017earski paviljon na svetovni razstavi v Torinu, bistveno pa so ga navdihnila do\u017eivetja, ki jih je videl na svojih potovanjih. Glavna znamenitost dvonadstropne stavbe, okra\u0161ene s terasami in nosi znake trenda Bauhaus, je polkro\u017ena stopni\u0161\u010da, ki pritegne pozornost tistih, ki se tukaj sprehajajo z ulice.<\/p>\n<p>Stavba, ki je med vojno utrpela manj\u0161o \u0161kodo, je bila nacionalizirana in nato razdeljena na dva manj\u0161a stanovanja, zahvaljujo\u010d stanovalcem pa lahko \u0161e vedno u\u017eivamo v njenem prvotnem sijaju.<\/p>\n<p>Hank\u00f3czy Jen\u0151 utca 3\/a<br \/>\nIme Moln\u00e1r Farkas se morda sli\u0161i znano tistim, ki so v arhitekturi celo rahlo doma: mednarodno priznani arhitekt je doma prvi predstavnik mad\u017earskega Bauhausa, njegovo ime pa je povezano s \u0161tevilnimi stavbami vil na tem obmo\u010dju.<\/p>\n<p>Hi\u0161o, znano tudi kot vila Balla, je zgradil trgovec Frigyes Szigfrid Balla, ki je bil generalni sekretar Mad\u017earske gospodarske in industrijske zbornice in nenazadnje eden od pokroviteljev Attile J\u00f3zsefa. Stavba, ki stoji na po\u0161evnem obmo\u010dju, je bila dokon\u010dana leta 1932, oblikovalec je sanjal o velikem salonu v spodnjem nadstropju, sobe in drugi prostori pa so se nahajali v zgornjem nadstropju.<\/p>\n<p>Nekaj let po predaji so stavbo dogradili \u0161e z eno gara\u017eo, zgrajen pa je bil balkon zgoraj, ki ponuja dih jemajo\u010d razgled na celotno mesto. Vila je ve\u010dkrat zamenjala stanovalce in do\u017eivela \u0161tevilne preobrazbe, a ob ob\u010dudovanju z ulice \u0161e vedno lahko odkrijemo simboli\u010dne slogovne zna\u010dilnosti svetovno znanega arhitekta.<\/p>\n<p>Szil\u00e1gyi Erzs\u00e9bet fasor 61.<br \/>\nSimetri\u010dna stavba, ki nosi zna\u010dilnosti v slogu Bauhaus, takoj pritegne pogled z avtobusne in tramvajske postaje v bolni\u0161nici St. John&#8217;s. Hi\u0161a, registrirana kot eta\u017ena lastnina, je bila zgrajena leta 1936 ob cesti, ki se je takrat imenovala Olasz fasor. Stavbo je zasnoval J\u00e1nos Wanner, ki je \u017ee imel odli\u010dno kariero v \u0160vici, izvajalec in lastnik pa je bil njegov brat Henrik Wanner.<\/p>\n<p>V sanjah hi\u0161e so prevladovala na\u010dela moderne arhitekture, zato so imele geometrijske oblike in armiranobetonske konstrukcije ter balkoni glavno vlogo, na ravni strehi pa je nastal stre\u0161ni vrt. Pri projektiranju vile so bile uporabljene najsodobnej\u0161e arhitekturne re\u0161itve, zato so bila na stene takratne \u0161eststanovanjske stavbe postavljena drsna okna.<\/p>\n<p>Stavba, ki jo je dr. Andr\u00e1s Ferkai, nagrajeni zgodovinar stavb Ybl, imenoval ena prvih in najodli\u010dnej\u0161ih vil za najem \u201ev sodobni arhitekturi, je bila poudarjena v stolpcih najbolj priznane arhitekturne revije tistega \u010dasa, T\u00e9r \u00e9s Forma, zaradi neprimerljivega videza. Stavba, opremljena z dvigalom, je prvotno imela stanovanje na vsakem nivoju, njeno preddverje pa \u0161e vedno pokrivajo zna\u010dilne zelene steklene plo\u0161\u010de, ki vedno pritegnejo pozornost zaradi velikih oken.<\/p>\n<p>Medtem ko sta slavni brat in sestra zasnovala ve\u010d najemni\u0161kih pala\u010d s podobnimi slogovnimi zna\u010dilnostmi po vsej Evropi, jima je bila stavba na drevesni meji Erzs\u00e9beta Szil\u00e1gyija vedno pri srcu, saj sta se skozi leta redno vra\u010dala na dom Henrika Wannerja.<\/p>\n<p>Ulica Berkenye 19.<br \/>\nLeta 1936 so Lajosa Kozmo, sanja\u010da dveh stavb poskusnega stanovanjskega naselja na ulici Napraforg\u00f3 in nekdanje kavarne V\u00edgsz\u00ednh\u00e1z, prosili, naj zasnuje vilo na ulici Berkenye 19. Lastnik je bil Lajos Magyar, direktor G\u00e9psz\u00edj \u00e9s M\u0171szaki B\u0151r\u00e1rugy\u00e1r Rt., ki je prej \u017eivel v \u00dajlip\u00f3tv\u00e1rosu, ki je imel med stenami stavbe zasnovana dva lo\u010dena stanovanja: \u017eivel je z \u017eeno v spodnjem nadstropju, medtem ko je njuna h\u010di in njena dru\u017eina dobila zgornje nadstropje.<\/p>\n<p>V stavbi je bila v sredi\u0161\u010du obeh stanovanj ogromna dnevna soba, v ostalem so bili impozantni bivalni prostori, spalnice, ki jih je bilo mogo\u010de lo\u010diti z vrati, ki jih je bilo mogo\u010de potisniti v steno, in kopeli, ki so vse posve\u010dale pozornost ustrezni razsvetljavi in prezra\u010devanju.<\/p>\n<p>Od zunaj je posebnost stavbe vsekakor polcilindri\u010dna fasada, ki \u0161trli kot zaprt balkon, ki je dobil okna \u0161ele med nacionalizacijo po vojni, in je bil v\u010dasih del skupne sobe. Takrat je bilo posestvo razdeljeno na ve\u010d manj\u0161ih stanovanj, kjer je tu lahko \u017eivela mad\u017earska dru\u017eina, \u010deprav le kot najemniki.<\/p>\n<p>Ulica Baba 14.<br \/>\n\u010ceprav se vila J\u00e1ritz nahaja na hribu Ferenc blizu R\u00f3zsadomba, je zaradi edinstvenega videza ni mogo\u010de izpustiti s seznama. Obmo\u010dje je leta 1940 kupil trgovec z avtomobilskimi deli Istv\u00e1n J\u00e1ritz, z namenom zgraditi razko\u0161en dom za svojo pet\u010dlansko dru\u017eino.<\/p>\n<p>Za zasnovo stavbe je naro\u010dil ni\u010d manj ime kot J\u00f3zsef Fischer, ki je skupaj s Farkasom Moln\u00e1rjem ena najvidnej\u0161ih osebnosti gibanja Bauhaus na Mad\u017earskem.Do leta 1941 so sanjali \u010dudovito stavbo.<\/p>\n<p>Prvotna vila je bila pribli\u017eno polovica velikosti stavbe, ki zdaj stoji tukaj, njena notranjost se je popolnoma ujemala z neverjetno edinstveno zunanjostjo, saj je bila oprema enonadstropne stanovanjske stavbe enaka opremi pravega luksuznega stanovanja, panorama mesta pa je postal ena najpomembnej\u0161ih stavb na tem obmo\u010dju.<\/p>\n<p>Med obleganjem Budimpe\u0161te je hi\u0161o zadela bomba in delno pogorela, ob kasnej\u0161i prenovi pa je bila obogatena s posebnim bazenom, prekritim z mozaikom, katerega model je zasnoval J\u00f3zsa J\u00e1ritz, lastnikov brat. Po nacionalizaciji je funkcija stanovanjske vile postala bolni\u0161nica, zato so posledi\u010dno stavbo raz\u0161irili z neprimerno, zunanjo dvigalno hi\u0161o, ki je bila potrebna za prevoz bolnikov.<\/p>\n<p>Od petdesetih let do leta 2018 je tu deloval oddelek za respiratorno rehabilitacijo bolni\u0161nice Szent J\u00e1nos, v stavbi, ki je od takrat prazna in vse bolj propada, pa naj bi bil rehabilitacijski oddelek otro\u0161ke in mladinske psihiatrije.<\/p>\n","protected":false},"excerpt":{"rendered":"<p>Ko pomislimo na vile na R\u00f3zs\u00e1dombu, vsko\u010dijo stavbe s secesijskimi zna\u010dilnostmi, ki so prevladovale<\/p>\n","protected":false},"author":391,"featured_media":583097,"comment_status":"closed","ping_status":"closed","sticky":false,"template":"","format":"standard","meta":{"_acf_changed":false,"wprm-recipe-roundup-name":"","wprm-recipe-roundup-description":"","ngg_post_thumbnail":0,"footnotes":""},"categories":[14345],"tags":[],"post_places":[],"class_list":["post-583096","post","type-post","status-publish","format-standard","has-post-thumbnail","hentry","category-potovanje"],"acf":{"connected_places":"","del_image":""},"yoast_head":"<!-- This site is optimized with the Yoast SEO plugin v27.2 - https:\/\/yoast.com\/product\/yoast-seo-wordpress\/ -->\n<title>Zgodovina vile jesenski sprehod: dragulji Bauhaus na R\u00f3zsadomu<\/title>\n<meta name=\"robots\" content=\"index, follow, max-snippet:-1, max-image-preview:large, max-video-preview:-1\" \/>\n<link rel=\"canonical\" href=\"https:\/\/funzine.hu\/sl\/2024\/11\/25\/potovanje\/zgodovina-vile-jesenski-sprehod-dragulji-bauhaus-na-rozsadomu\/\" \/>\n<meta property=\"og:locale\" content=\"sl_SI\" \/>\n<meta property=\"og:type\" content=\"article\" \/>\n<meta property=\"og:title\" content=\"Zgodovina vile jesenski sprehod: dragulji Bauhaus na R\u00f3zsadomu\" \/>\n<meta property=\"og:description\" content=\"Ko pomislimo na vile na R\u00f3zs\u00e1dombu, vsko\u010dijo stavbe s secesijskimi zna\u010dilnostmi, ki so prevladovale\" \/>\n<meta property=\"og:url\" content=\"https:\/\/funzine.hu\/sl\/2024\/11\/25\/potovanje\/zgodovina-vile-jesenski-sprehod-dragulji-bauhaus-na-rozsadomu\/\" \/>\n<meta property=\"og:site_name\" content=\"Funzine\" \/>\n<meta property=\"article:publisher\" content=\"https:\/\/www.facebook.com\/funzine\/\" \/>\n<meta property=\"article:published_time\" content=\"2024-11-25T14:38:51+00:00\" \/>\n<meta property=\"og:image\" content=\"https:\/\/funzine.hu\/wp-content\/uploads\/2024\/11\/maple-leaves-5687724_1280.jpg\" \/>\n\t<meta property=\"og:image:width\" content=\"1280\" \/>\n\t<meta property=\"og:image:height\" content=\"854\" \/>\n\t<meta property=\"og:image:type\" content=\"image\/jpeg\" \/>\n<meta name=\"author\" content=\"Bodn\u00e1r Zsuzsa\" \/>\n<meta name=\"twitter:card\" content=\"summary_large_image\" \/>\n<meta name=\"twitter:creator\" content=\"@funzine\" \/>\n<meta name=\"twitter:site\" content=\"@funzine\" \/>\n<meta name=\"twitter:label1\" content=\"Written by\" \/>\n\t<meta name=\"twitter:data1\" content=\"Bodn\u00e1r Zsuzsa\" \/>\n\t<meta name=\"twitter:label2\" content=\"Est. reading time\" \/>\n\t<meta name=\"twitter:data2\" content=\"5 minut\" \/>\n<script type=\"application\/ld+json\" class=\"yoast-schema-graph\">{\"@context\":\"https:\/\/schema.org\",\"@graph\":[{\"@type\":\"NewsArticle\",\"@id\":\"https:\/\/funzine.hu\/sl\/2024\/11\/25\/potovanje\/zgodovina-vile-jesenski-sprehod-dragulji-bauhaus-na-rozsadomu\/#article\",\"isPartOf\":{\"@id\":\"https:\/\/funzine.hu\/sl\/2024\/11\/25\/potovanje\/zgodovina-vile-jesenski-sprehod-dragulji-bauhaus-na-rozsadomu\/\"},\"author\":{\"name\":\"Bodn\u00e1r Zsuzsa\",\"@id\":\"https:\/\/funzine.hu\/#\/schema\/person\/f3864a88f41183e8c3af70534ac28bb4\"},\"headline\":\"Zgodovina vile jesenski sprehod: dragulji Bauhaus na R\u00f3zsadomu\",\"datePublished\":\"2024-11-25T14:38:51+00:00\",\"mainEntityOfPage\":{\"@id\":\"https:\/\/funzine.hu\/sl\/2024\/11\/25\/potovanje\/zgodovina-vile-jesenski-sprehod-dragulji-bauhaus-na-rozsadomu\/\"},\"wordCount\":993,\"image\":{\"@id\":\"https:\/\/funzine.hu\/sl\/2024\/11\/25\/potovanje\/zgodovina-vile-jesenski-sprehod-dragulji-bauhaus-na-rozsadomu\/#primaryimage\"},\"thumbnailUrl\":\"https:\/\/funzine.hu\/wp-content\/uploads\/2024\/11\/maple-leaves-5687724_1280.jpg\",\"articleSection\":[\"Potovanje\"],\"inLanguage\":\"sl-SI\"},{\"@type\":\"WebPage\",\"@id\":\"https:\/\/funzine.hu\/sl\/2024\/11\/25\/potovanje\/zgodovina-vile-jesenski-sprehod-dragulji-bauhaus-na-rozsadomu\/\",\"url\":\"https:\/\/funzine.hu\/sl\/2024\/11\/25\/potovanje\/zgodovina-vile-jesenski-sprehod-dragulji-bauhaus-na-rozsadomu\/\",\"name\":\"Zgodovina vile jesenski sprehod: dragulji Bauhaus na R\u00f3zsadomu\",\"isPartOf\":{\"@id\":\"https:\/\/funzine.hu\/#website\"},\"primaryImageOfPage\":{\"@id\":\"https:\/\/funzine.hu\/sl\/2024\/11\/25\/potovanje\/zgodovina-vile-jesenski-sprehod-dragulji-bauhaus-na-rozsadomu\/#primaryimage\"},\"image\":{\"@id\":\"https:\/\/funzine.hu\/sl\/2024\/11\/25\/potovanje\/zgodovina-vile-jesenski-sprehod-dragulji-bauhaus-na-rozsadomu\/#primaryimage\"},\"thumbnailUrl\":\"https:\/\/funzine.hu\/wp-content\/uploads\/2024\/11\/maple-leaves-5687724_1280.jpg\",\"datePublished\":\"2024-11-25T14:38:51+00:00\",\"author\":{\"@id\":\"https:\/\/funzine.hu\/#\/schema\/person\/f3864a88f41183e8c3af70534ac28bb4\"},\"breadcrumb\":{\"@id\":\"https:\/\/funzine.hu\/sl\/2024\/11\/25\/potovanje\/zgodovina-vile-jesenski-sprehod-dragulji-bauhaus-na-rozsadomu\/#breadcrumb\"},\"inLanguage\":\"sl-SI\",\"potentialAction\":[{\"@type\":\"ReadAction\",\"target\":[\"https:\/\/funzine.hu\/sl\/2024\/11\/25\/potovanje\/zgodovina-vile-jesenski-sprehod-dragulji-bauhaus-na-rozsadomu\/\"]}]},{\"@type\":\"ImageObject\",\"inLanguage\":\"sl-SI\",\"@id\":\"https:\/\/funzine.hu\/sl\/2024\/11\/25\/potovanje\/zgodovina-vile-jesenski-sprehod-dragulji-bauhaus-na-rozsadomu\/#primaryimage\",\"url\":\"https:\/\/funzine.hu\/wp-content\/uploads\/2024\/11\/maple-leaves-5687724_1280.jpg\",\"contentUrl\":\"https:\/\/funzine.hu\/wp-content\/uploads\/2024\/11\/maple-leaves-5687724_1280.jpg\",\"width\":1280,\"height\":854,\"caption\":\"ilustracija - pixabay.com\"},{\"@type\":\"BreadcrumbList\",\"@id\":\"https:\/\/funzine.hu\/sl\/2024\/11\/25\/potovanje\/zgodovina-vile-jesenski-sprehod-dragulji-bauhaus-na-rozsadomu\/#breadcrumb\",\"itemListElement\":[{\"@type\":\"ListItem\",\"position\":1,\"name\":\"Home\",\"item\":\"https:\/\/funzine.hu\/sl\/\"},{\"@type\":\"ListItem\",\"position\":2,\"name\":\"Zgodovina vile jesenski sprehod: dragulji Bauhaus na R\u00f3zsadomu\"}]},{\"@type\":\"WebSite\",\"@id\":\"https:\/\/funzine.hu\/#website\",\"url\":\"https:\/\/funzine.hu\/\",\"name\":\"Funzine\",\"description\":\"\",\"potentialAction\":[{\"@type\":\"SearchAction\",\"target\":{\"@type\":\"EntryPoint\",\"urlTemplate\":\"https:\/\/funzine.hu\/?s={search_term_string}\"},\"query-input\":{\"@type\":\"PropertyValueSpecification\",\"valueRequired\":true,\"valueName\":\"search_term_string\"}}],\"inLanguage\":\"sl-SI\"},{\"@type\":\"Person\",\"@id\":\"https:\/\/funzine.hu\/#\/schema\/person\/f3864a88f41183e8c3af70534ac28bb4\",\"name\":\"Bodn\u00e1r Zsuzsa\",\"image\":{\"@type\":\"ImageObject\",\"inLanguage\":\"sl-SI\",\"@id\":\"https:\/\/secure.gravatar.com\/avatar\/3dac04a042bfb0c015d0f893ef5eb9cca9d966bb5795039862dafd8d2ab5d410?s=96&d=mm&r=g\",\"url\":\"https:\/\/secure.gravatar.com\/avatar\/3dac04a042bfb0c015d0f893ef5eb9cca9d966bb5795039862dafd8d2ab5d410?s=96&d=mm&r=g\",\"contentUrl\":\"https:\/\/secure.gravatar.com\/avatar\/3dac04a042bfb0c015d0f893ef5eb9cca9d966bb5795039862dafd8d2ab5d410?s=96&d=mm&r=g\",\"caption\":\"Bodn\u00e1r Zsuzsa\"},\"url\":\"https:\/\/funzine.hu\/sl\/author\/bodnar-zsuzsa-1984\/\"}]}<\/script>\n<!-- \/ Yoast SEO plugin. -->","yoast_head_json":{"title":"Zgodovina vile jesenski sprehod: dragulji Bauhaus na R\u00f3zsadomu","robots":{"index":"index","follow":"follow","max-snippet":"max-snippet:-1","max-image-preview":"max-image-preview:large","max-video-preview":"max-video-preview:-1"},"canonical":"https:\/\/funzine.hu\/sl\/2024\/11\/25\/potovanje\/zgodovina-vile-jesenski-sprehod-dragulji-bauhaus-na-rozsadomu\/","og_locale":"sl_SI","og_type":"article","og_title":"Zgodovina vile jesenski sprehod: dragulji Bauhaus na R\u00f3zsadomu","og_description":"Ko pomislimo na vile na R\u00f3zs\u00e1dombu, vsko\u010dijo stavbe s secesijskimi zna\u010dilnostmi, ki so prevladovale","og_url":"https:\/\/funzine.hu\/sl\/2024\/11\/25\/potovanje\/zgodovina-vile-jesenski-sprehod-dragulji-bauhaus-na-rozsadomu\/","og_site_name":"Funzine","article_publisher":"https:\/\/www.facebook.com\/funzine\/","article_published_time":"2024-11-25T14:38:51+00:00","og_image":[{"width":1280,"height":854,"url":"https:\/\/funzine.hu\/wp-content\/uploads\/2024\/11\/maple-leaves-5687724_1280.jpg","type":"image\/jpeg"}],"author":"Bodn\u00e1r Zsuzsa","twitter_card":"summary_large_image","twitter_creator":"@funzine","twitter_site":"@funzine","twitter_misc":{"Written by":"Bodn\u00e1r Zsuzsa","Est. reading time":"5 minut"},"schema":{"@context":"https:\/\/schema.org","@graph":[{"@type":"NewsArticle","@id":"https:\/\/funzine.hu\/sl\/2024\/11\/25\/potovanje\/zgodovina-vile-jesenski-sprehod-dragulji-bauhaus-na-rozsadomu\/#article","isPartOf":{"@id":"https:\/\/funzine.hu\/sl\/2024\/11\/25\/potovanje\/zgodovina-vile-jesenski-sprehod-dragulji-bauhaus-na-rozsadomu\/"},"author":{"name":"Bodn\u00e1r Zsuzsa","@id":"https:\/\/funzine.hu\/#\/schema\/person\/f3864a88f41183e8c3af70534ac28bb4"},"headline":"Zgodovina vile jesenski sprehod: dragulji Bauhaus na R\u00f3zsadomu","datePublished":"2024-11-25T14:38:51+00:00","mainEntityOfPage":{"@id":"https:\/\/funzine.hu\/sl\/2024\/11\/25\/potovanje\/zgodovina-vile-jesenski-sprehod-dragulji-bauhaus-na-rozsadomu\/"},"wordCount":993,"image":{"@id":"https:\/\/funzine.hu\/sl\/2024\/11\/25\/potovanje\/zgodovina-vile-jesenski-sprehod-dragulji-bauhaus-na-rozsadomu\/#primaryimage"},"thumbnailUrl":"https:\/\/funzine.hu\/wp-content\/uploads\/2024\/11\/maple-leaves-5687724_1280.jpg","articleSection":["Potovanje"],"inLanguage":"sl-SI"},{"@type":"WebPage","@id":"https:\/\/funzine.hu\/sl\/2024\/11\/25\/potovanje\/zgodovina-vile-jesenski-sprehod-dragulji-bauhaus-na-rozsadomu\/","url":"https:\/\/funzine.hu\/sl\/2024\/11\/25\/potovanje\/zgodovina-vile-jesenski-sprehod-dragulji-bauhaus-na-rozsadomu\/","name":"Zgodovina vile jesenski sprehod: dragulji Bauhaus na R\u00f3zsadomu","isPartOf":{"@id":"https:\/\/funzine.hu\/#website"},"primaryImageOfPage":{"@id":"https:\/\/funzine.hu\/sl\/2024\/11\/25\/potovanje\/zgodovina-vile-jesenski-sprehod-dragulji-bauhaus-na-rozsadomu\/#primaryimage"},"image":{"@id":"https:\/\/funzine.hu\/sl\/2024\/11\/25\/potovanje\/zgodovina-vile-jesenski-sprehod-dragulji-bauhaus-na-rozsadomu\/#primaryimage"},"thumbnailUrl":"https:\/\/funzine.hu\/wp-content\/uploads\/2024\/11\/maple-leaves-5687724_1280.jpg","datePublished":"2024-11-25T14:38:51+00:00","author":{"@id":"https:\/\/funzine.hu\/#\/schema\/person\/f3864a88f41183e8c3af70534ac28bb4"},"breadcrumb":{"@id":"https:\/\/funzine.hu\/sl\/2024\/11\/25\/potovanje\/zgodovina-vile-jesenski-sprehod-dragulji-bauhaus-na-rozsadomu\/#breadcrumb"},"inLanguage":"sl-SI","potentialAction":[{"@type":"ReadAction","target":["https:\/\/funzine.hu\/sl\/2024\/11\/25\/potovanje\/zgodovina-vile-jesenski-sprehod-dragulji-bauhaus-na-rozsadomu\/"]}]},{"@type":"ImageObject","inLanguage":"sl-SI","@id":"https:\/\/funzine.hu\/sl\/2024\/11\/25\/potovanje\/zgodovina-vile-jesenski-sprehod-dragulji-bauhaus-na-rozsadomu\/#primaryimage","url":"https:\/\/funzine.hu\/wp-content\/uploads\/2024\/11\/maple-leaves-5687724_1280.jpg","contentUrl":"https:\/\/funzine.hu\/wp-content\/uploads\/2024\/11\/maple-leaves-5687724_1280.jpg","width":1280,"height":854,"caption":"ilustracija - pixabay.com"},{"@type":"BreadcrumbList","@id":"https:\/\/funzine.hu\/sl\/2024\/11\/25\/potovanje\/zgodovina-vile-jesenski-sprehod-dragulji-bauhaus-na-rozsadomu\/#breadcrumb","itemListElement":[{"@type":"ListItem","position":1,"name":"Home","item":"https:\/\/funzine.hu\/sl\/"},{"@type":"ListItem","position":2,"name":"Zgodovina vile jesenski sprehod: dragulji Bauhaus na R\u00f3zsadomu"}]},{"@type":"WebSite","@id":"https:\/\/funzine.hu\/#website","url":"https:\/\/funzine.hu\/","name":"Funzine","description":"","potentialAction":[{"@type":"SearchAction","target":{"@type":"EntryPoint","urlTemplate":"https:\/\/funzine.hu\/?s={search_term_string}"},"query-input":{"@type":"PropertyValueSpecification","valueRequired":true,"valueName":"search_term_string"}}],"inLanguage":"sl-SI"},{"@type":"Person","@id":"https:\/\/funzine.hu\/#\/schema\/person\/f3864a88f41183e8c3af70534ac28bb4","name":"Bodn\u00e1r Zsuzsa","image":{"@type":"ImageObject","inLanguage":"sl-SI","@id":"https:\/\/secure.gravatar.com\/avatar\/3dac04a042bfb0c015d0f893ef5eb9cca9d966bb5795039862dafd8d2ab5d410?s=96&d=mm&r=g","url":"https:\/\/secure.gravatar.com\/avatar\/3dac04a042bfb0c015d0f893ef5eb9cca9d966bb5795039862dafd8d2ab5d410?s=96&d=mm&r=g","contentUrl":"https:\/\/secure.gravatar.com\/avatar\/3dac04a042bfb0c015d0f893ef5eb9cca9d966bb5795039862dafd8d2ab5d410?s=96&d=mm&r=g","caption":"Bodn\u00e1r Zsuzsa"},"url":"https:\/\/funzine.hu\/sl\/author\/bodnar-zsuzsa-1984\/"}]}},"amp_enabled":true,"_links":{"self":[{"href":"https:\/\/funzine.hu\/sl\/wp-json\/wp\/v2\/posts\/583096","targetHints":{"allow":["GET"]}}],"collection":[{"href":"https:\/\/funzine.hu\/sl\/wp-json\/wp\/v2\/posts"}],"about":[{"href":"https:\/\/funzine.hu\/sl\/wp-json\/wp\/v2\/types\/post"}],"author":[{"embeddable":true,"href":"https:\/\/funzine.hu\/sl\/wp-json\/wp\/v2\/users\/391"}],"replies":[{"embeddable":true,"href":"https:\/\/funzine.hu\/sl\/wp-json\/wp\/v2\/comments?post=583096"}],"version-history":[{"count":1,"href":"https:\/\/funzine.hu\/sl\/wp-json\/wp\/v2\/posts\/583096\/revisions"}],"predecessor-version":[{"id":583100,"href":"https:\/\/funzine.hu\/sl\/wp-json\/wp\/v2\/posts\/583096\/revisions\/583100"}],"wp:featuredmedia":[{"embeddable":true,"href":"https:\/\/funzine.hu\/sl\/wp-json\/wp\/v2\/media\/583097"}],"wp:attachment":[{"href":"https:\/\/funzine.hu\/sl\/wp-json\/wp\/v2\/media?parent=583096"}],"wp:term":[{"taxonomy":"category","embeddable":true,"href":"https:\/\/funzine.hu\/sl\/wp-json\/wp\/v2\/categories?post=583096"},{"taxonomy":"post_tag","embeddable":true,"href":"https:\/\/funzine.hu\/sl\/wp-json\/wp\/v2\/tags?post=583096"},{"taxonomy":"post_places","embeddable":true,"href":"https:\/\/funzine.hu\/sl\/wp-json\/wp\/v2\/post_places?post=583096"}],"curies":[{"name":"wp","href":"https:\/\/api.w.org\/{rel}","templated":true}]}}