{"id":582382,"date":"2024-11-19T09:32:16","date_gmt":"2024-11-19T08:32:16","guid":{"rendered":"https:\/\/funzine.hu\/?p=582382"},"modified":"2024-11-19T09:32:16","modified_gmt":"2024-11-19T08:32:16","slug":"5-cudovitih-brzic-v-dezeli-odete-v-jesensko-razkosje","status":"publish","type":"post","link":"https:\/\/funzine.hu\/sl\/2024\/11\/19\/potovanje\/5-cudovitih-brzic-v-dezeli-odete-v-jesensko-razkosje\/","title":{"rendered":"5 \u010dudovitih brzic v de\u017eeli, odete v jesensko razko\u0161je"},"content":{"rendered":"<p>Bodite pri\u010da \u010dude\u017eem teh doma\u010dih slapov v njihovem jesenskem sijaju, preden jih Ledena vila z enim samim potegom spremeni v zimsko \u010dudovito de\u017eelo!<\/p>\n<p>Slap Sebes, B\u00fckk<br \/>\nSlap v dolini najve\u010djega potoka v B\u00fckku je znan tudi kot sestra slapa Silv\u00e1sv\u00e1rad, ki je podoben po izvoru in videzu, vendar manj znano naravno \u010dudo morda celo zasen\u010di zakladnico Silv\u00e1sv\u00e1rad. Slap, ki se skriva v divjem gozdnem okolju, kaskadno pada po vrsti apnen\u010dastih tufovskih stopnic, ki jih je sam izdelal, si utira pot \u010dez ovire, dokler njegove hitro teko\u010de vodne kapljice kot mehka tan\u010dica ne padajo \u010dez skale. Do slapu se lahko pripeljete iz ve\u010d smeri: \u010de se odpravite s postaje Garadna, lahko sledite oznaki S+ v smeri \u00d3massa in pridete do slapa Sebes. Obisk je najbolje na\u010drtovati v dneh po obilnem de\u017eevju ali spomladi.<\/p>\n<p>Le streljaj od slapu si lahko ogledate zanimive znamenitosti mesta Lillaf\u00fcred &gt;&gt;<\/p>\n<figure id=\"attachment_582383\" aria-describedby=\"caption-attachment-582383\" style=\"width: 850px\" class=\"wp-caption aligncenter\"><img decoding=\"async\" class=\"size-funzine-large wp-image-582383\" src=\"https:\/\/funzine.hu\/wp-content\/uploads\/2024\/11\/river-7528435_1280-850x1275.jpg\" alt=\"\" width=\"850\" height=\"1275\" srcset=\"https:\/\/funzine.hu\/wp-content\/uploads\/2024\/11\/river-7528435_1280-850x1275.jpg 850w, https:\/\/funzine.hu\/wp-content\/uploads\/2024\/11\/river-7528435_1280-200x300.jpg 200w, https:\/\/funzine.hu\/wp-content\/uploads\/2024\/11\/river-7528435_1280-682x1024.jpg 682w, https:\/\/funzine.hu\/wp-content\/uploads\/2024\/11\/river-7528435_1280-768x1152.jpg 768w, https:\/\/funzine.hu\/wp-content\/uploads\/2024\/11\/river-7528435_1280.jpg 853w\" sizes=\"(max-width: 850px) 100vw, 850px\" \/><figcaption id=\"caption-attachment-582383\" class=\"wp-caption-text\">ilustracija &#8211; pixabay.com<\/figcaption><\/figure>\n<p>Vodnjak Csurg\u00f3, Bakony<br \/>\nV dolini potoka K\u00f6ves le\u017ei eno najbolj prijetnih po\u010divali\u0161\u010d v Bakonyju, opremljeno s klopmi, mizami in ognji\u0161\u010di, ob katerem se nahaja vodnjak Csurg\u00f3. Kaskada, ki velja za enega najlep\u0161ih slapov v regiji, je skozi stoletja ustvarila drobne stalaktitne tvorbe, zdaj pa pada z apnen\u010daste skale pribli\u017eno 5 metrov visoko in s seboj prina\u0161a znano vrtin\u010dasto bu\u010danje slapov. V gozdni pravlji\u010dni svet lahko vstopite iz vasi Farkasgyep\u0171 po znaku Z\u25fc, ki se \u010dez nekaj \u010dasa priklju\u010di znaku Z. Nadaljujte naravnost, nato sledite znaku Z+, da pridete do Z\u00faga, in ko boste enkrat tu, lahko na svoj seznam nalog dodate raziskovanje slikovite doline potoka K\u00f6ves.<\/p>\n<p>&nbsp;<\/p>\n<p>Na poti sem ne spreglejte tudi mesta Ajka! &gt;&gt;<\/p>\n<p>Slapovi Ferde, Mecsek<br \/>\n\u010carobni slap v dolini \u00d3b\u00e1nyai se skriva pod gostim listjem in med divjimi potmi, njegova posebnost pa je na\u010din, kako te\u010de: ne pada v ravni \u010drti, ampak te\u010de s stopnice na stopnico, bo\u010dno. Razlog za to je vulkanska dejavnost v obdobju krede, ki je povzro\u010dila padec jurske plasti sedimentnega apnenca in tako preusmerila tok. \u010ce \u017eelite priti do neoviranih, vrtoglavih brzic, sledite znaku K iz Starega rudnika in se sprehodite skozi osupljivo pokrajino.<\/p>\n<p>Odkrijte vse zaklade doline \u00d3b\u00e1nya, znane tudi kot mad\u017earska \u0160vica! &gt;&gt;<\/p>\n<p>Slap v dolini Ilona, M\u00e1tra<br \/>\nIz razpoke v obliki \u010drke V v navpi\u010dni skalni steni doline Ilona, 10 metrov nad morjem, se proti nam izvije najve\u010dji naravni slap na Mad\u017earskem, katerega mo\u010d ka\u017eejo raztreseni hlodi in veliki kamniti bloki, ki tvorijo podlago. Do slapu, ki nastane po obilnem de\u017eevju in taljenju snega, se lahko pripeljete s S\u00e1ndor Reti, pri \u010demer se skozi gost gozd, bukev ob potoku in ozko valovito strugo potoka povzpnete do dih jemajo\u010dega slapa.<\/p>\n<p>&nbsp;<\/p>\n<p>M\u00e1tra ponuja \u0161e veliko nepozabnih destinacij za jesenske izlete! &gt;&gt;<\/p>\n<p>Slap D\u00f6m\u00f6rkapu, gorovje Visegr\u00e1d<br \/>\nImpresivni slap v Szentendreju, znan tudi kot vrata v hribovje Visegr\u00e1d, se kaskadno spu\u0161\u010da po \u0161ahiranih skalnih stopnicah med hriboma Kapit\u00e1ny in B\u00f6lcs\u0151. Slap, ki ga napaja potok B\u00fckk\u00f6s, razbije morje temne skale v ble\u0161\u010de\u010de bele pasove in vsem mimoido\u010dim razgla\u0161a ne le svojo lepoto, temve\u010d tudi mo\u010d. Vendar se vam tu ni treba bati terena, na izlet lahko vzamete otroke ali mu dodate ogled mesta Szentendre, lahko pa celo razi\u0161\u010dete bli\u017enji izvir Lajos in Mese\u010dev rov.<\/p>\n","protected":false},"excerpt":{"rendered":"<p>Bodite pri\u010da \u010dude\u017eem teh doma\u010dih slapov v njihovem jesenskem sijaju, preden jih Ledena vila z enim<\/p>\n","protected":false},"author":391,"featured_media":582383,"comment_status":"closed","ping_status":"closed","sticky":false,"template":"","format":"standard","meta":{"_acf_changed":false,"wprm-recipe-roundup-name":"","wprm-recipe-roundup-description":"","ngg_post_thumbnail":0,"footnotes":""},"categories":[14345],"tags":[],"post_places":[],"class_list":["post-582382","post","type-post","status-publish","format-standard","has-post-thumbnail","hentry","category-potovanje"],"acf":{"connected_places":"","del_image":""},"yoast_head":"<!-- This site is optimized with the Yoast SEO plugin v27.2 - https:\/\/yoast.com\/product\/yoast-seo-wordpress\/ -->\n<title>5 \u010dudovitih brzic v de\u017eeli, odete v jesensko razko\u0161je<\/title>\n<meta name=\"robots\" content=\"index, follow, max-snippet:-1, max-image-preview:large, max-video-preview:-1\" \/>\n<link rel=\"canonical\" href=\"https:\/\/funzine.hu\/sl\/2024\/11\/19\/potovanje\/5-cudovitih-brzic-v-dezeli-odete-v-jesensko-razkosje\/\" \/>\n<meta property=\"og:locale\" content=\"sl_SI\" \/>\n<meta property=\"og:type\" content=\"article\" \/>\n<meta property=\"og:title\" content=\"5 \u010dudovitih brzic v de\u017eeli, odete v jesensko razko\u0161je\" \/>\n<meta property=\"og:description\" content=\"Bodite pri\u010da \u010dude\u017eem teh doma\u010dih slapov v njihovem jesenskem sijaju, preden jih Ledena vila z enim\" \/>\n<meta property=\"og:url\" content=\"https:\/\/funzine.hu\/sl\/2024\/11\/19\/potovanje\/5-cudovitih-brzic-v-dezeli-odete-v-jesensko-razkosje\/\" \/>\n<meta property=\"og:site_name\" content=\"Funzine\" \/>\n<meta property=\"article:publisher\" content=\"https:\/\/www.facebook.com\/funzine\/\" \/>\n<meta property=\"article:published_time\" content=\"2024-11-19T08:32:16+00:00\" \/>\n<meta property=\"og:image\" content=\"https:\/\/funzine.hu\/wp-content\/uploads\/2024\/11\/river-7528435_1280.jpg\" \/>\n\t<meta property=\"og:image:width\" content=\"853\" \/>\n\t<meta property=\"og:image:height\" content=\"1280\" \/>\n\t<meta property=\"og:image:type\" content=\"image\/jpeg\" \/>\n<meta name=\"author\" content=\"Bodn\u00e1r Zsuzsa\" \/>\n<meta name=\"twitter:card\" content=\"summary_large_image\" \/>\n<meta name=\"twitter:creator\" content=\"@funzine\" \/>\n<meta name=\"twitter:site\" content=\"@funzine\" \/>\n<meta name=\"twitter:label1\" content=\"Written by\" \/>\n\t<meta name=\"twitter:data1\" content=\"Bodn\u00e1r Zsuzsa\" \/>\n\t<meta name=\"twitter:label2\" content=\"Est. reading time\" \/>\n\t<meta name=\"twitter:data2\" content=\"4 minute\" \/>\n<script type=\"application\/ld+json\" class=\"yoast-schema-graph\">{\"@context\":\"https:\/\/schema.org\",\"@graph\":[{\"@type\":\"NewsArticle\",\"@id\":\"https:\/\/funzine.hu\/sl\/2024\/11\/19\/potovanje\/5-cudovitih-brzic-v-dezeli-odete-v-jesensko-razkosje\/#article\",\"isPartOf\":{\"@id\":\"https:\/\/funzine.hu\/sl\/2024\/11\/19\/potovanje\/5-cudovitih-brzic-v-dezeli-odete-v-jesensko-razkosje\/\"},\"author\":{\"name\":\"Bodn\u00e1r Zsuzsa\",\"@id\":\"https:\/\/funzine.hu\/#\/schema\/person\/f3864a88f41183e8c3af70534ac28bb4\"},\"headline\":\"5 \u010dudovitih brzic v de\u017eeli, odete v jesensko razko\u0161je\",\"datePublished\":\"2024-11-19T08:32:16+00:00\",\"mainEntityOfPage\":{\"@id\":\"https:\/\/funzine.hu\/sl\/2024\/11\/19\/potovanje\/5-cudovitih-brzic-v-dezeli-odete-v-jesensko-razkosje\/\"},\"wordCount\":604,\"image\":{\"@id\":\"https:\/\/funzine.hu\/sl\/2024\/11\/19\/potovanje\/5-cudovitih-brzic-v-dezeli-odete-v-jesensko-razkosje\/#primaryimage\"},\"thumbnailUrl\":\"https:\/\/funzine.hu\/wp-content\/uploads\/2024\/11\/river-7528435_1280.jpg\",\"articleSection\":[\"Potovanje\"],\"inLanguage\":\"sl-SI\"},{\"@type\":\"WebPage\",\"@id\":\"https:\/\/funzine.hu\/sl\/2024\/11\/19\/potovanje\/5-cudovitih-brzic-v-dezeli-odete-v-jesensko-razkosje\/\",\"url\":\"https:\/\/funzine.hu\/sl\/2024\/11\/19\/potovanje\/5-cudovitih-brzic-v-dezeli-odete-v-jesensko-razkosje\/\",\"name\":\"5 \u010dudovitih brzic v de\u017eeli, odete v jesensko razko\u0161je\",\"isPartOf\":{\"@id\":\"https:\/\/funzine.hu\/#website\"},\"primaryImageOfPage\":{\"@id\":\"https:\/\/funzine.hu\/sl\/2024\/11\/19\/potovanje\/5-cudovitih-brzic-v-dezeli-odete-v-jesensko-razkosje\/#primaryimage\"},\"image\":{\"@id\":\"https:\/\/funzine.hu\/sl\/2024\/11\/19\/potovanje\/5-cudovitih-brzic-v-dezeli-odete-v-jesensko-razkosje\/#primaryimage\"},\"thumbnailUrl\":\"https:\/\/funzine.hu\/wp-content\/uploads\/2024\/11\/river-7528435_1280.jpg\",\"datePublished\":\"2024-11-19T08:32:16+00:00\",\"author\":{\"@id\":\"https:\/\/funzine.hu\/#\/schema\/person\/f3864a88f41183e8c3af70534ac28bb4\"},\"breadcrumb\":{\"@id\":\"https:\/\/funzine.hu\/sl\/2024\/11\/19\/potovanje\/5-cudovitih-brzic-v-dezeli-odete-v-jesensko-razkosje\/#breadcrumb\"},\"inLanguage\":\"sl-SI\",\"potentialAction\":[{\"@type\":\"ReadAction\",\"target\":[\"https:\/\/funzine.hu\/sl\/2024\/11\/19\/potovanje\/5-cudovitih-brzic-v-dezeli-odete-v-jesensko-razkosje\/\"]}]},{\"@type\":\"ImageObject\",\"inLanguage\":\"sl-SI\",\"@id\":\"https:\/\/funzine.hu\/sl\/2024\/11\/19\/potovanje\/5-cudovitih-brzic-v-dezeli-odete-v-jesensko-razkosje\/#primaryimage\",\"url\":\"https:\/\/funzine.hu\/wp-content\/uploads\/2024\/11\/river-7528435_1280.jpg\",\"contentUrl\":\"https:\/\/funzine.hu\/wp-content\/uploads\/2024\/11\/river-7528435_1280.jpg\",\"width\":853,\"height\":1280,\"caption\":\"ilustracija - pixabay.com\"},{\"@type\":\"BreadcrumbList\",\"@id\":\"https:\/\/funzine.hu\/sl\/2024\/11\/19\/potovanje\/5-cudovitih-brzic-v-dezeli-odete-v-jesensko-razkosje\/#breadcrumb\",\"itemListElement\":[{\"@type\":\"ListItem\",\"position\":1,\"name\":\"Home\",\"item\":\"https:\/\/funzine.hu\/sl\/\"},{\"@type\":\"ListItem\",\"position\":2,\"name\":\"5 \u010dudovitih brzic v de\u017eeli, odete v jesensko razko\u0161je\"}]},{\"@type\":\"WebSite\",\"@id\":\"https:\/\/funzine.hu\/#website\",\"url\":\"https:\/\/funzine.hu\/\",\"name\":\"Funzine\",\"description\":\"\",\"potentialAction\":[{\"@type\":\"SearchAction\",\"target\":{\"@type\":\"EntryPoint\",\"urlTemplate\":\"https:\/\/funzine.hu\/?s={search_term_string}\"},\"query-input\":{\"@type\":\"PropertyValueSpecification\",\"valueRequired\":true,\"valueName\":\"search_term_string\"}}],\"inLanguage\":\"sl-SI\"},{\"@type\":\"Person\",\"@id\":\"https:\/\/funzine.hu\/#\/schema\/person\/f3864a88f41183e8c3af70534ac28bb4\",\"name\":\"Bodn\u00e1r Zsuzsa\",\"image\":{\"@type\":\"ImageObject\",\"inLanguage\":\"sl-SI\",\"@id\":\"https:\/\/secure.gravatar.com\/avatar\/3dac04a042bfb0c015d0f893ef5eb9cca9d966bb5795039862dafd8d2ab5d410?s=96&d=mm&r=g\",\"url\":\"https:\/\/secure.gravatar.com\/avatar\/3dac04a042bfb0c015d0f893ef5eb9cca9d966bb5795039862dafd8d2ab5d410?s=96&d=mm&r=g\",\"contentUrl\":\"https:\/\/secure.gravatar.com\/avatar\/3dac04a042bfb0c015d0f893ef5eb9cca9d966bb5795039862dafd8d2ab5d410?s=96&d=mm&r=g\",\"caption\":\"Bodn\u00e1r Zsuzsa\"},\"url\":\"https:\/\/funzine.hu\/sl\/author\/bodnar-zsuzsa-1984\/\"}]}<\/script>\n<!-- \/ Yoast SEO plugin. -->","yoast_head_json":{"title":"5 \u010dudovitih brzic v de\u017eeli, odete v jesensko razko\u0161je","robots":{"index":"index","follow":"follow","max-snippet":"max-snippet:-1","max-image-preview":"max-image-preview:large","max-video-preview":"max-video-preview:-1"},"canonical":"https:\/\/funzine.hu\/sl\/2024\/11\/19\/potovanje\/5-cudovitih-brzic-v-dezeli-odete-v-jesensko-razkosje\/","og_locale":"sl_SI","og_type":"article","og_title":"5 \u010dudovitih brzic v de\u017eeli, odete v jesensko razko\u0161je","og_description":"Bodite pri\u010da \u010dude\u017eem teh doma\u010dih slapov v njihovem jesenskem sijaju, preden jih Ledena vila z enim","og_url":"https:\/\/funzine.hu\/sl\/2024\/11\/19\/potovanje\/5-cudovitih-brzic-v-dezeli-odete-v-jesensko-razkosje\/","og_site_name":"Funzine","article_publisher":"https:\/\/www.facebook.com\/funzine\/","article_published_time":"2024-11-19T08:32:16+00:00","og_image":[{"width":853,"height":1280,"url":"https:\/\/funzine.hu\/wp-content\/uploads\/2024\/11\/river-7528435_1280.jpg","type":"image\/jpeg"}],"author":"Bodn\u00e1r Zsuzsa","twitter_card":"summary_large_image","twitter_creator":"@funzine","twitter_site":"@funzine","twitter_misc":{"Written by":"Bodn\u00e1r Zsuzsa","Est. reading time":"4 minute"},"schema":{"@context":"https:\/\/schema.org","@graph":[{"@type":"NewsArticle","@id":"https:\/\/funzine.hu\/sl\/2024\/11\/19\/potovanje\/5-cudovitih-brzic-v-dezeli-odete-v-jesensko-razkosje\/#article","isPartOf":{"@id":"https:\/\/funzine.hu\/sl\/2024\/11\/19\/potovanje\/5-cudovitih-brzic-v-dezeli-odete-v-jesensko-razkosje\/"},"author":{"name":"Bodn\u00e1r Zsuzsa","@id":"https:\/\/funzine.hu\/#\/schema\/person\/f3864a88f41183e8c3af70534ac28bb4"},"headline":"5 \u010dudovitih brzic v de\u017eeli, odete v jesensko razko\u0161je","datePublished":"2024-11-19T08:32:16+00:00","mainEntityOfPage":{"@id":"https:\/\/funzine.hu\/sl\/2024\/11\/19\/potovanje\/5-cudovitih-brzic-v-dezeli-odete-v-jesensko-razkosje\/"},"wordCount":604,"image":{"@id":"https:\/\/funzine.hu\/sl\/2024\/11\/19\/potovanje\/5-cudovitih-brzic-v-dezeli-odete-v-jesensko-razkosje\/#primaryimage"},"thumbnailUrl":"https:\/\/funzine.hu\/wp-content\/uploads\/2024\/11\/river-7528435_1280.jpg","articleSection":["Potovanje"],"inLanguage":"sl-SI"},{"@type":"WebPage","@id":"https:\/\/funzine.hu\/sl\/2024\/11\/19\/potovanje\/5-cudovitih-brzic-v-dezeli-odete-v-jesensko-razkosje\/","url":"https:\/\/funzine.hu\/sl\/2024\/11\/19\/potovanje\/5-cudovitih-brzic-v-dezeli-odete-v-jesensko-razkosje\/","name":"5 \u010dudovitih brzic v de\u017eeli, odete v jesensko razko\u0161je","isPartOf":{"@id":"https:\/\/funzine.hu\/#website"},"primaryImageOfPage":{"@id":"https:\/\/funzine.hu\/sl\/2024\/11\/19\/potovanje\/5-cudovitih-brzic-v-dezeli-odete-v-jesensko-razkosje\/#primaryimage"},"image":{"@id":"https:\/\/funzine.hu\/sl\/2024\/11\/19\/potovanje\/5-cudovitih-brzic-v-dezeli-odete-v-jesensko-razkosje\/#primaryimage"},"thumbnailUrl":"https:\/\/funzine.hu\/wp-content\/uploads\/2024\/11\/river-7528435_1280.jpg","datePublished":"2024-11-19T08:32:16+00:00","author":{"@id":"https:\/\/funzine.hu\/#\/schema\/person\/f3864a88f41183e8c3af70534ac28bb4"},"breadcrumb":{"@id":"https:\/\/funzine.hu\/sl\/2024\/11\/19\/potovanje\/5-cudovitih-brzic-v-dezeli-odete-v-jesensko-razkosje\/#breadcrumb"},"inLanguage":"sl-SI","potentialAction":[{"@type":"ReadAction","target":["https:\/\/funzine.hu\/sl\/2024\/11\/19\/potovanje\/5-cudovitih-brzic-v-dezeli-odete-v-jesensko-razkosje\/"]}]},{"@type":"ImageObject","inLanguage":"sl-SI","@id":"https:\/\/funzine.hu\/sl\/2024\/11\/19\/potovanje\/5-cudovitih-brzic-v-dezeli-odete-v-jesensko-razkosje\/#primaryimage","url":"https:\/\/funzine.hu\/wp-content\/uploads\/2024\/11\/river-7528435_1280.jpg","contentUrl":"https:\/\/funzine.hu\/wp-content\/uploads\/2024\/11\/river-7528435_1280.jpg","width":853,"height":1280,"caption":"ilustracija - pixabay.com"},{"@type":"BreadcrumbList","@id":"https:\/\/funzine.hu\/sl\/2024\/11\/19\/potovanje\/5-cudovitih-brzic-v-dezeli-odete-v-jesensko-razkosje\/#breadcrumb","itemListElement":[{"@type":"ListItem","position":1,"name":"Home","item":"https:\/\/funzine.hu\/sl\/"},{"@type":"ListItem","position":2,"name":"5 \u010dudovitih brzic v de\u017eeli, odete v jesensko razko\u0161je"}]},{"@type":"WebSite","@id":"https:\/\/funzine.hu\/#website","url":"https:\/\/funzine.hu\/","name":"Funzine","description":"","potentialAction":[{"@type":"SearchAction","target":{"@type":"EntryPoint","urlTemplate":"https:\/\/funzine.hu\/?s={search_term_string}"},"query-input":{"@type":"PropertyValueSpecification","valueRequired":true,"valueName":"search_term_string"}}],"inLanguage":"sl-SI"},{"@type":"Person","@id":"https:\/\/funzine.hu\/#\/schema\/person\/f3864a88f41183e8c3af70534ac28bb4","name":"Bodn\u00e1r Zsuzsa","image":{"@type":"ImageObject","inLanguage":"sl-SI","@id":"https:\/\/secure.gravatar.com\/avatar\/3dac04a042bfb0c015d0f893ef5eb9cca9d966bb5795039862dafd8d2ab5d410?s=96&d=mm&r=g","url":"https:\/\/secure.gravatar.com\/avatar\/3dac04a042bfb0c015d0f893ef5eb9cca9d966bb5795039862dafd8d2ab5d410?s=96&d=mm&r=g","contentUrl":"https:\/\/secure.gravatar.com\/avatar\/3dac04a042bfb0c015d0f893ef5eb9cca9d966bb5795039862dafd8d2ab5d410?s=96&d=mm&r=g","caption":"Bodn\u00e1r Zsuzsa"},"url":"https:\/\/funzine.hu\/sl\/author\/bodnar-zsuzsa-1984\/"}]}},"amp_enabled":true,"_links":{"self":[{"href":"https:\/\/funzine.hu\/sl\/wp-json\/wp\/v2\/posts\/582382","targetHints":{"allow":["GET"]}}],"collection":[{"href":"https:\/\/funzine.hu\/sl\/wp-json\/wp\/v2\/posts"}],"about":[{"href":"https:\/\/funzine.hu\/sl\/wp-json\/wp\/v2\/types\/post"}],"author":[{"embeddable":true,"href":"https:\/\/funzine.hu\/sl\/wp-json\/wp\/v2\/users\/391"}],"replies":[{"embeddable":true,"href":"https:\/\/funzine.hu\/sl\/wp-json\/wp\/v2\/comments?post=582382"}],"version-history":[{"count":1,"href":"https:\/\/funzine.hu\/sl\/wp-json\/wp\/v2\/posts\/582382\/revisions"}],"predecessor-version":[{"id":582386,"href":"https:\/\/funzine.hu\/sl\/wp-json\/wp\/v2\/posts\/582382\/revisions\/582386"}],"wp:featuredmedia":[{"embeddable":true,"href":"https:\/\/funzine.hu\/sl\/wp-json\/wp\/v2\/media\/582383"}],"wp:attachment":[{"href":"https:\/\/funzine.hu\/sl\/wp-json\/wp\/v2\/media?parent=582382"}],"wp:term":[{"taxonomy":"category","embeddable":true,"href":"https:\/\/funzine.hu\/sl\/wp-json\/wp\/v2\/categories?post=582382"},{"taxonomy":"post_tag","embeddable":true,"href":"https:\/\/funzine.hu\/sl\/wp-json\/wp\/v2\/tags?post=582382"},{"taxonomy":"post_places","embeddable":true,"href":"https:\/\/funzine.hu\/sl\/wp-json\/wp\/v2\/post_places?post=582382"}],"curies":[{"name":"wp","href":"https:\/\/api.w.org\/{rel}","templated":true}]}}