{"id":581750,"date":"2024-11-13T18:01:59","date_gmt":"2024-11-13T17:01:59","guid":{"rendered":"https:\/\/funzine.hu\/?p=581750"},"modified":"2024-11-13T18:01:59","modified_gmt":"2024-11-13T17:01:59","slug":"park-kraljevega-gradu-v-godolloju-se-je-odel-v-se-nikoli-videno-svetlobo-odprtje-sisinega-svetlobnega-vrta","status":"publish","type":"post","link":"https:\/\/funzine.hu\/sl\/2024\/11\/13\/potovanje\/park-kraljevega-gradu-v-godolloju-se-je-odel-v-se-nikoli-videno-svetlobo-odprtje-sisinega-svetlobnega-vrta\/","title":{"rendered":"Park kraljevega gradu v G\u00f6d\u00f6ll\u0151ju se je odel v \u0161e nikoli videno svetlobo \u2013 odprtje Sisinega svetlobnega vrta"},"content":{"rendered":"<p>Svetlobni vrt kraljice Elizabete, najnovej\u0161a atrakcija kraljevega grajskega vrta v G\u00f6d\u00f6ll\u0151ju, je pred kratkim odprl svoja vrata. Sprehod po priljubljenem parku kraljice Sisi je tako do 2. marca romanti\u010den ali igriv na\u010din pre\u017eivljanja jesenskih ve\u010derov in prazni\u010dnega obdobja.<\/p>\n<figure id=\"attachment_581751\" aria-describedby=\"caption-attachment-581751\" style=\"width: 850px\" class=\"wp-caption aligncenter\"><img decoding=\"async\" class=\"size-funzine-large wp-image-581751\" src=\"https:\/\/funzine.hu\/wp-content\/uploads\/2024\/11\/castle-8153987_1280-850x566.jpg\" alt=\"\" width=\"850\" height=\"566\" srcset=\"https:\/\/funzine.hu\/wp-content\/uploads\/2024\/11\/castle-8153987_1280-850x566.jpg 850w, https:\/\/funzine.hu\/wp-content\/uploads\/2024\/11\/castle-8153987_1280-300x200.jpg 300w, https:\/\/funzine.hu\/wp-content\/uploads\/2024\/11\/castle-8153987_1280-1024x682.jpg 1024w, https:\/\/funzine.hu\/wp-content\/uploads\/2024\/11\/castle-8153987_1280-768x512.jpg 768w, https:\/\/funzine.hu\/wp-content\/uploads\/2024\/11\/castle-8153987_1280-360x240.jpg 360w, https:\/\/funzine.hu\/wp-content\/uploads\/2024\/11\/castle-8153987_1280.jpg 1280w\" sizes=\"(max-width: 850px) 100vw, 850px\" \/><figcaption id=\"caption-attachment-581751\" class=\"wp-caption-text\">ilustracija &#8211; pixabay.com<\/figcaption><\/figure>\n<p>Simboli kraljevega dvora bodo prikazani v obliki svetlobnih skulptur, o\u017eivela bo lovska tradicija tega obmo\u010dja, ob\u010dudovali bomo oder, posebej zgrajen okoli kralji\u010dine osebnosti, za najmlaj\u0161e pa je bil v svetlobnem vrtu ustvarjen pravlji\u010dni svet.<\/p>\n<p>Za nenavadno in ekolo\u0161ko ozave\u0161\u010deno svetlobno instalacijo je bilo uporabljenih skoraj 250.000 energetsko var\u010dnih \u017earnic LED in 14 kilometrov svetlobnih nizov. Energijsko var\u010dne \u017earnice in svetlobne vrvice so name\u0161\u010dene na 1,5 hektarja velikem obmo\u010dju gradu in na fasadi same stavbe, svetlobne skulpture pa so bile ustvarjene v \u0161tirih temah.<\/p>\n<p>Med njimi so Sisi v svojem okrasju, svetlobne fontane, predori in fotografske to\u010dke. Sisi se je veliko sprehajala po grajskem parku, svetlobne skulpture, ki zajemajo \u0161tiri teme in jih spremlja glasba iz tega obdobja, pa sledijo njenim stopinjam.<\/p>\n<p>Za ve\u010d informacij kliknite TUKAJ, za nakup vstopnic pa kliknite tukaj!<\/p>\n","protected":false},"excerpt":{"rendered":"<p>Svetlobni vrt kraljice Elizabete, najnovej\u0161a atrakcija kraljevega grajskega vrta v G\u00f6d\u00f6ll\u0151ju, je<\/p>\n","protected":false},"author":391,"featured_media":581751,"comment_status":"closed","ping_status":"closed","sticky":false,"template":"","format":"standard","meta":{"_acf_changed":false,"wprm-recipe-roundup-name":"","wprm-recipe-roundup-description":"","ngg_post_thumbnail":0,"footnotes":""},"categories":[14345],"tags":[],"post_places":[],"class_list":["post-581750","post","type-post","status-publish","format-standard","has-post-thumbnail","hentry","category-potovanje"],"acf":{"connected_places":"","del_image":""},"yoast_head":"<!-- This site is optimized with the Yoast SEO plugin v27.2 - https:\/\/yoast.com\/product\/yoast-seo-wordpress\/ -->\n<title>Park kraljevega gradu v G\u00f6d\u00f6ll\u0151ju se je odel v \u0161e nikoli videno svetlobo \u2013 odprtje Sisinega svetlobnega vrta<\/title>\n<meta name=\"robots\" content=\"index, follow, max-snippet:-1, max-image-preview:large, max-video-preview:-1\" \/>\n<link rel=\"canonical\" href=\"https:\/\/funzine.hu\/sl\/2024\/11\/13\/potovanje\/park-kraljevega-gradu-v-godolloju-se-je-odel-v-se-nikoli-videno-svetlobo-odprtje-sisinega-svetlobnega-vrta\/\" \/>\n<meta property=\"og:locale\" content=\"sl_SI\" \/>\n<meta property=\"og:type\" content=\"article\" \/>\n<meta property=\"og:title\" content=\"Park kraljevega gradu v G\u00f6d\u00f6ll\u0151ju se je odel v \u0161e nikoli videno svetlobo \u2013 odprtje Sisinega svetlobnega vrta\" \/>\n<meta property=\"og:description\" content=\"Svetlobni vrt kraljice Elizabete, najnovej\u0161a atrakcija kraljevega grajskega vrta v G\u00f6d\u00f6ll\u0151ju, je\" \/>\n<meta property=\"og:url\" content=\"https:\/\/funzine.hu\/sl\/2024\/11\/13\/potovanje\/park-kraljevega-gradu-v-godolloju-se-je-odel-v-se-nikoli-videno-svetlobo-odprtje-sisinega-svetlobnega-vrta\/\" \/>\n<meta property=\"og:site_name\" content=\"Funzine\" \/>\n<meta property=\"article:publisher\" content=\"https:\/\/www.facebook.com\/funzine\/\" \/>\n<meta property=\"article:published_time\" content=\"2024-11-13T17:01:59+00:00\" \/>\n<meta property=\"og:image\" content=\"https:\/\/funzine.hu\/wp-content\/uploads\/2024\/11\/castle-8153987_1280.jpg\" \/>\n\t<meta property=\"og:image:width\" content=\"1280\" \/>\n\t<meta property=\"og:image:height\" content=\"853\" \/>\n\t<meta property=\"og:image:type\" content=\"image\/jpeg\" \/>\n<meta name=\"author\" content=\"Bodn\u00e1r Zsuzsa\" \/>\n<meta name=\"twitter:card\" content=\"summary_large_image\" \/>\n<meta name=\"twitter:creator\" content=\"@funzine\" \/>\n<meta name=\"twitter:site\" content=\"@funzine\" \/>\n<meta name=\"twitter:label1\" content=\"Written by\" \/>\n\t<meta name=\"twitter:data1\" content=\"Bodn\u00e1r Zsuzsa\" \/>\n\t<meta name=\"twitter:label2\" content=\"Est. reading time\" \/>\n\t<meta name=\"twitter:data2\" content=\"2 minuti\" \/>\n<script type=\"application\/ld+json\" class=\"yoast-schema-graph\">{\"@context\":\"https:\/\/schema.org\",\"@graph\":[{\"@type\":\"NewsArticle\",\"@id\":\"https:\/\/funzine.hu\/sl\/2024\/11\/13\/potovanje\/park-kraljevega-gradu-v-godolloju-se-je-odel-v-se-nikoli-videno-svetlobo-odprtje-sisinega-svetlobnega-vrta\/#article\",\"isPartOf\":{\"@id\":\"https:\/\/funzine.hu\/sl\/2024\/11\/13\/potovanje\/park-kraljevega-gradu-v-godolloju-se-je-odel-v-se-nikoli-videno-svetlobo-odprtje-sisinega-svetlobnega-vrta\/\"},\"author\":{\"name\":\"Bodn\u00e1r Zsuzsa\",\"@id\":\"https:\/\/funzine.hu\/#\/schema\/person\/f3864a88f41183e8c3af70534ac28bb4\"},\"headline\":\"Park kraljevega gradu v G\u00f6d\u00f6ll\u0151ju se je odel v \u0161e nikoli videno svetlobo \u2013 odprtje Sisinega svetlobnega vrta\",\"datePublished\":\"2024-11-13T17:01:59+00:00\",\"mainEntityOfPage\":{\"@id\":\"https:\/\/funzine.hu\/sl\/2024\/11\/13\/potovanje\/park-kraljevega-gradu-v-godolloju-se-je-odel-v-se-nikoli-videno-svetlobo-odprtje-sisinega-svetlobnega-vrta\/\"},\"wordCount\":219,\"image\":{\"@id\":\"https:\/\/funzine.hu\/sl\/2024\/11\/13\/potovanje\/park-kraljevega-gradu-v-godolloju-se-je-odel-v-se-nikoli-videno-svetlobo-odprtje-sisinega-svetlobnega-vrta\/#primaryimage\"},\"thumbnailUrl\":\"https:\/\/funzine.hu\/wp-content\/uploads\/2024\/11\/castle-8153987_1280.jpg\",\"articleSection\":[\"Potovanje\"],\"inLanguage\":\"sl-SI\"},{\"@type\":\"WebPage\",\"@id\":\"https:\/\/funzine.hu\/sl\/2024\/11\/13\/potovanje\/park-kraljevega-gradu-v-godolloju-se-je-odel-v-se-nikoli-videno-svetlobo-odprtje-sisinega-svetlobnega-vrta\/\",\"url\":\"https:\/\/funzine.hu\/sl\/2024\/11\/13\/potovanje\/park-kraljevega-gradu-v-godolloju-se-je-odel-v-se-nikoli-videno-svetlobo-odprtje-sisinega-svetlobnega-vrta\/\",\"name\":\"Park kraljevega gradu v G\u00f6d\u00f6ll\u0151ju se je odel v \u0161e nikoli videno svetlobo \u2013 odprtje Sisinega svetlobnega vrta\",\"isPartOf\":{\"@id\":\"https:\/\/funzine.hu\/#website\"},\"primaryImageOfPage\":{\"@id\":\"https:\/\/funzine.hu\/sl\/2024\/11\/13\/potovanje\/park-kraljevega-gradu-v-godolloju-se-je-odel-v-se-nikoli-videno-svetlobo-odprtje-sisinega-svetlobnega-vrta\/#primaryimage\"},\"image\":{\"@id\":\"https:\/\/funzine.hu\/sl\/2024\/11\/13\/potovanje\/park-kraljevega-gradu-v-godolloju-se-je-odel-v-se-nikoli-videno-svetlobo-odprtje-sisinega-svetlobnega-vrta\/#primaryimage\"},\"thumbnailUrl\":\"https:\/\/funzine.hu\/wp-content\/uploads\/2024\/11\/castle-8153987_1280.jpg\",\"datePublished\":\"2024-11-13T17:01:59+00:00\",\"author\":{\"@id\":\"https:\/\/funzine.hu\/#\/schema\/person\/f3864a88f41183e8c3af70534ac28bb4\"},\"breadcrumb\":{\"@id\":\"https:\/\/funzine.hu\/sl\/2024\/11\/13\/potovanje\/park-kraljevega-gradu-v-godolloju-se-je-odel-v-se-nikoli-videno-svetlobo-odprtje-sisinega-svetlobnega-vrta\/#breadcrumb\"},\"inLanguage\":\"sl-SI\",\"potentialAction\":[{\"@type\":\"ReadAction\",\"target\":[\"https:\/\/funzine.hu\/sl\/2024\/11\/13\/potovanje\/park-kraljevega-gradu-v-godolloju-se-je-odel-v-se-nikoli-videno-svetlobo-odprtje-sisinega-svetlobnega-vrta\/\"]}]},{\"@type\":\"ImageObject\",\"inLanguage\":\"sl-SI\",\"@id\":\"https:\/\/funzine.hu\/sl\/2024\/11\/13\/potovanje\/park-kraljevega-gradu-v-godolloju-se-je-odel-v-se-nikoli-videno-svetlobo-odprtje-sisinega-svetlobnega-vrta\/#primaryimage\",\"url\":\"https:\/\/funzine.hu\/wp-content\/uploads\/2024\/11\/castle-8153987_1280.jpg\",\"contentUrl\":\"https:\/\/funzine.hu\/wp-content\/uploads\/2024\/11\/castle-8153987_1280.jpg\",\"width\":1280,\"height\":853,\"caption\":\"ilustracija - pixabay.com\"},{\"@type\":\"BreadcrumbList\",\"@id\":\"https:\/\/funzine.hu\/sl\/2024\/11\/13\/potovanje\/park-kraljevega-gradu-v-godolloju-se-je-odel-v-se-nikoli-videno-svetlobo-odprtje-sisinega-svetlobnega-vrta\/#breadcrumb\",\"itemListElement\":[{\"@type\":\"ListItem\",\"position\":1,\"name\":\"Home\",\"item\":\"https:\/\/funzine.hu\/sl\/\"},{\"@type\":\"ListItem\",\"position\":2,\"name\":\"Park kraljevega gradu v G\u00f6d\u00f6ll\u0151ju se je odel v \u0161e nikoli videno svetlobo \u2013 odprtje Sisinega svetlobnega vrta\"}]},{\"@type\":\"WebSite\",\"@id\":\"https:\/\/funzine.hu\/#website\",\"url\":\"https:\/\/funzine.hu\/\",\"name\":\"Funzine\",\"description\":\"\",\"potentialAction\":[{\"@type\":\"SearchAction\",\"target\":{\"@type\":\"EntryPoint\",\"urlTemplate\":\"https:\/\/funzine.hu\/?s={search_term_string}\"},\"query-input\":{\"@type\":\"PropertyValueSpecification\",\"valueRequired\":true,\"valueName\":\"search_term_string\"}}],\"inLanguage\":\"sl-SI\"},{\"@type\":\"Person\",\"@id\":\"https:\/\/funzine.hu\/#\/schema\/person\/f3864a88f41183e8c3af70534ac28bb4\",\"name\":\"Bodn\u00e1r Zsuzsa\",\"image\":{\"@type\":\"ImageObject\",\"inLanguage\":\"sl-SI\",\"@id\":\"https:\/\/secure.gravatar.com\/avatar\/3dac04a042bfb0c015d0f893ef5eb9cca9d966bb5795039862dafd8d2ab5d410?s=96&d=mm&r=g\",\"url\":\"https:\/\/secure.gravatar.com\/avatar\/3dac04a042bfb0c015d0f893ef5eb9cca9d966bb5795039862dafd8d2ab5d410?s=96&d=mm&r=g\",\"contentUrl\":\"https:\/\/secure.gravatar.com\/avatar\/3dac04a042bfb0c015d0f893ef5eb9cca9d966bb5795039862dafd8d2ab5d410?s=96&d=mm&r=g\",\"caption\":\"Bodn\u00e1r Zsuzsa\"},\"url\":\"https:\/\/funzine.hu\/sl\/author\/bodnar-zsuzsa-1984\/\"}]}<\/script>\n<!-- \/ Yoast SEO plugin. -->","yoast_head_json":{"title":"Park kraljevega gradu v G\u00f6d\u00f6ll\u0151ju se je odel v \u0161e nikoli videno svetlobo \u2013 odprtje Sisinega svetlobnega vrta","robots":{"index":"index","follow":"follow","max-snippet":"max-snippet:-1","max-image-preview":"max-image-preview:large","max-video-preview":"max-video-preview:-1"},"canonical":"https:\/\/funzine.hu\/sl\/2024\/11\/13\/potovanje\/park-kraljevega-gradu-v-godolloju-se-je-odel-v-se-nikoli-videno-svetlobo-odprtje-sisinega-svetlobnega-vrta\/","og_locale":"sl_SI","og_type":"article","og_title":"Park kraljevega gradu v G\u00f6d\u00f6ll\u0151ju se je odel v \u0161e nikoli videno svetlobo \u2013 odprtje Sisinega svetlobnega vrta","og_description":"Svetlobni vrt kraljice Elizabete, najnovej\u0161a atrakcija kraljevega grajskega vrta v G\u00f6d\u00f6ll\u0151ju, je","og_url":"https:\/\/funzine.hu\/sl\/2024\/11\/13\/potovanje\/park-kraljevega-gradu-v-godolloju-se-je-odel-v-se-nikoli-videno-svetlobo-odprtje-sisinega-svetlobnega-vrta\/","og_site_name":"Funzine","article_publisher":"https:\/\/www.facebook.com\/funzine\/","article_published_time":"2024-11-13T17:01:59+00:00","og_image":[{"width":1280,"height":853,"url":"https:\/\/funzine.hu\/wp-content\/uploads\/2024\/11\/castle-8153987_1280.jpg","type":"image\/jpeg"}],"author":"Bodn\u00e1r Zsuzsa","twitter_card":"summary_large_image","twitter_creator":"@funzine","twitter_site":"@funzine","twitter_misc":{"Written by":"Bodn\u00e1r Zsuzsa","Est. reading time":"2 minuti"},"schema":{"@context":"https:\/\/schema.org","@graph":[{"@type":"NewsArticle","@id":"https:\/\/funzine.hu\/sl\/2024\/11\/13\/potovanje\/park-kraljevega-gradu-v-godolloju-se-je-odel-v-se-nikoli-videno-svetlobo-odprtje-sisinega-svetlobnega-vrta\/#article","isPartOf":{"@id":"https:\/\/funzine.hu\/sl\/2024\/11\/13\/potovanje\/park-kraljevega-gradu-v-godolloju-se-je-odel-v-se-nikoli-videno-svetlobo-odprtje-sisinega-svetlobnega-vrta\/"},"author":{"name":"Bodn\u00e1r Zsuzsa","@id":"https:\/\/funzine.hu\/#\/schema\/person\/f3864a88f41183e8c3af70534ac28bb4"},"headline":"Park kraljevega gradu v G\u00f6d\u00f6ll\u0151ju se je odel v \u0161e nikoli videno svetlobo \u2013 odprtje Sisinega svetlobnega vrta","datePublished":"2024-11-13T17:01:59+00:00","mainEntityOfPage":{"@id":"https:\/\/funzine.hu\/sl\/2024\/11\/13\/potovanje\/park-kraljevega-gradu-v-godolloju-se-je-odel-v-se-nikoli-videno-svetlobo-odprtje-sisinega-svetlobnega-vrta\/"},"wordCount":219,"image":{"@id":"https:\/\/funzine.hu\/sl\/2024\/11\/13\/potovanje\/park-kraljevega-gradu-v-godolloju-se-je-odel-v-se-nikoli-videno-svetlobo-odprtje-sisinega-svetlobnega-vrta\/#primaryimage"},"thumbnailUrl":"https:\/\/funzine.hu\/wp-content\/uploads\/2024\/11\/castle-8153987_1280.jpg","articleSection":["Potovanje"],"inLanguage":"sl-SI"},{"@type":"WebPage","@id":"https:\/\/funzine.hu\/sl\/2024\/11\/13\/potovanje\/park-kraljevega-gradu-v-godolloju-se-je-odel-v-se-nikoli-videno-svetlobo-odprtje-sisinega-svetlobnega-vrta\/","url":"https:\/\/funzine.hu\/sl\/2024\/11\/13\/potovanje\/park-kraljevega-gradu-v-godolloju-se-je-odel-v-se-nikoli-videno-svetlobo-odprtje-sisinega-svetlobnega-vrta\/","name":"Park kraljevega gradu v G\u00f6d\u00f6ll\u0151ju se je odel v \u0161e nikoli videno svetlobo \u2013 odprtje Sisinega svetlobnega vrta","isPartOf":{"@id":"https:\/\/funzine.hu\/#website"},"primaryImageOfPage":{"@id":"https:\/\/funzine.hu\/sl\/2024\/11\/13\/potovanje\/park-kraljevega-gradu-v-godolloju-se-je-odel-v-se-nikoli-videno-svetlobo-odprtje-sisinega-svetlobnega-vrta\/#primaryimage"},"image":{"@id":"https:\/\/funzine.hu\/sl\/2024\/11\/13\/potovanje\/park-kraljevega-gradu-v-godolloju-se-je-odel-v-se-nikoli-videno-svetlobo-odprtje-sisinega-svetlobnega-vrta\/#primaryimage"},"thumbnailUrl":"https:\/\/funzine.hu\/wp-content\/uploads\/2024\/11\/castle-8153987_1280.jpg","datePublished":"2024-11-13T17:01:59+00:00","author":{"@id":"https:\/\/funzine.hu\/#\/schema\/person\/f3864a88f41183e8c3af70534ac28bb4"},"breadcrumb":{"@id":"https:\/\/funzine.hu\/sl\/2024\/11\/13\/potovanje\/park-kraljevega-gradu-v-godolloju-se-je-odel-v-se-nikoli-videno-svetlobo-odprtje-sisinega-svetlobnega-vrta\/#breadcrumb"},"inLanguage":"sl-SI","potentialAction":[{"@type":"ReadAction","target":["https:\/\/funzine.hu\/sl\/2024\/11\/13\/potovanje\/park-kraljevega-gradu-v-godolloju-se-je-odel-v-se-nikoli-videno-svetlobo-odprtje-sisinega-svetlobnega-vrta\/"]}]},{"@type":"ImageObject","inLanguage":"sl-SI","@id":"https:\/\/funzine.hu\/sl\/2024\/11\/13\/potovanje\/park-kraljevega-gradu-v-godolloju-se-je-odel-v-se-nikoli-videno-svetlobo-odprtje-sisinega-svetlobnega-vrta\/#primaryimage","url":"https:\/\/funzine.hu\/wp-content\/uploads\/2024\/11\/castle-8153987_1280.jpg","contentUrl":"https:\/\/funzine.hu\/wp-content\/uploads\/2024\/11\/castle-8153987_1280.jpg","width":1280,"height":853,"caption":"ilustracija - pixabay.com"},{"@type":"BreadcrumbList","@id":"https:\/\/funzine.hu\/sl\/2024\/11\/13\/potovanje\/park-kraljevega-gradu-v-godolloju-se-je-odel-v-se-nikoli-videno-svetlobo-odprtje-sisinega-svetlobnega-vrta\/#breadcrumb","itemListElement":[{"@type":"ListItem","position":1,"name":"Home","item":"https:\/\/funzine.hu\/sl\/"},{"@type":"ListItem","position":2,"name":"Park kraljevega gradu v G\u00f6d\u00f6ll\u0151ju se je odel v \u0161e nikoli videno svetlobo \u2013 odprtje Sisinega svetlobnega vrta"}]},{"@type":"WebSite","@id":"https:\/\/funzine.hu\/#website","url":"https:\/\/funzine.hu\/","name":"Funzine","description":"","potentialAction":[{"@type":"SearchAction","target":{"@type":"EntryPoint","urlTemplate":"https:\/\/funzine.hu\/?s={search_term_string}"},"query-input":{"@type":"PropertyValueSpecification","valueRequired":true,"valueName":"search_term_string"}}],"inLanguage":"sl-SI"},{"@type":"Person","@id":"https:\/\/funzine.hu\/#\/schema\/person\/f3864a88f41183e8c3af70534ac28bb4","name":"Bodn\u00e1r Zsuzsa","image":{"@type":"ImageObject","inLanguage":"sl-SI","@id":"https:\/\/secure.gravatar.com\/avatar\/3dac04a042bfb0c015d0f893ef5eb9cca9d966bb5795039862dafd8d2ab5d410?s=96&d=mm&r=g","url":"https:\/\/secure.gravatar.com\/avatar\/3dac04a042bfb0c015d0f893ef5eb9cca9d966bb5795039862dafd8d2ab5d410?s=96&d=mm&r=g","contentUrl":"https:\/\/secure.gravatar.com\/avatar\/3dac04a042bfb0c015d0f893ef5eb9cca9d966bb5795039862dafd8d2ab5d410?s=96&d=mm&r=g","caption":"Bodn\u00e1r Zsuzsa"},"url":"https:\/\/funzine.hu\/sl\/author\/bodnar-zsuzsa-1984\/"}]}},"amp_enabled":true,"_links":{"self":[{"href":"https:\/\/funzine.hu\/sl\/wp-json\/wp\/v2\/posts\/581750","targetHints":{"allow":["GET"]}}],"collection":[{"href":"https:\/\/funzine.hu\/sl\/wp-json\/wp\/v2\/posts"}],"about":[{"href":"https:\/\/funzine.hu\/sl\/wp-json\/wp\/v2\/types\/post"}],"author":[{"embeddable":true,"href":"https:\/\/funzine.hu\/sl\/wp-json\/wp\/v2\/users\/391"}],"replies":[{"embeddable":true,"href":"https:\/\/funzine.hu\/sl\/wp-json\/wp\/v2\/comments?post=581750"}],"version-history":[{"count":1,"href":"https:\/\/funzine.hu\/sl\/wp-json\/wp\/v2\/posts\/581750\/revisions"}],"predecessor-version":[{"id":581754,"href":"https:\/\/funzine.hu\/sl\/wp-json\/wp\/v2\/posts\/581750\/revisions\/581754"}],"wp:featuredmedia":[{"embeddable":true,"href":"https:\/\/funzine.hu\/sl\/wp-json\/wp\/v2\/media\/581751"}],"wp:attachment":[{"href":"https:\/\/funzine.hu\/sl\/wp-json\/wp\/v2\/media?parent=581750"}],"wp:term":[{"taxonomy":"category","embeddable":true,"href":"https:\/\/funzine.hu\/sl\/wp-json\/wp\/v2\/categories?post=581750"},{"taxonomy":"post_tag","embeddable":true,"href":"https:\/\/funzine.hu\/sl\/wp-json\/wp\/v2\/tags?post=581750"},{"taxonomy":"post_places","embeddable":true,"href":"https:\/\/funzine.hu\/sl\/wp-json\/wp\/v2\/post_places?post=581750"}],"curies":[{"name":"wp","href":"https:\/\/api.w.org\/{rel}","templated":true}]}}