{"id":580424,"date":"2024-11-03T22:42:03","date_gmt":"2024-11-03T20:42:03","guid":{"rendered":"https:\/\/funzine.hu\/?p=580424"},"modified":"2024-11-03T22:42:03","modified_gmt":"2024-11-03T20:42:03","slug":"arboretum-mecsek-v-jesenskih-barvah","status":"publish","type":"post","link":"https:\/\/funzine.hu\/sl\/2024\/11\/03\/potovanje\/arboretum-mecsek-v-jesenskih-barvah\/","title":{"rendered":"Arboretum Mecsek v jesenskih barvah"},"content":{"rendered":"<p>P\u00fcsp\u00f6kszentl\u00e1szl\u00f3, ki ga objema dolina, se nahaja na severni strani hriba Zeng\u0151 v vzhodnem Mecseku. Vas je najbolj znana po arboretumu s skritim zakladom ter gradu in cerkvi, ki se v njem ohranjata in ki jeseni postaneta osupljiva barvna gne\u010da.<\/p>\n<p>P\u00fcsp\u00f6kszentl\u00e1szl\u00f3 je iz Hossz\u00fahet\u00e9nyja lahko dosegljiv tudi na prijetnem jesenskem sprehodu. Nahaja se v osr\u010dju pokrajine Mecsek in v vsakem letnem \u010dasu ponuja \u010dudovit razgled, saj spomladi cvetijo vrtnice, jeseni pa se kro\u0161nje kopajo v pisanih barvah.<\/p>\n<figure id=\"attachment_580425\" aria-describedby=\"caption-attachment-580425\" style=\"width: 850px\" class=\"wp-caption aligncenter\"><img decoding=\"async\" class=\"size-funzine-large wp-image-580425\" src=\"https:\/\/funzine.hu\/wp-content\/uploads\/2024\/11\/minnesota-landscape-arboretum-977045_1280-850x638.jpg\" alt=\"\" width=\"850\" height=\"638\" srcset=\"https:\/\/funzine.hu\/wp-content\/uploads\/2024\/11\/minnesota-landscape-arboretum-977045_1280-850x638.jpg 850w, https:\/\/funzine.hu\/wp-content\/uploads\/2024\/11\/minnesota-landscape-arboretum-977045_1280-300x225.jpg 300w, https:\/\/funzine.hu\/wp-content\/uploads\/2024\/11\/minnesota-landscape-arboretum-977045_1280-1024x768.jpg 1024w, https:\/\/funzine.hu\/wp-content\/uploads\/2024\/11\/minnesota-landscape-arboretum-977045_1280-768x576.jpg 768w, https:\/\/funzine.hu\/wp-content\/uploads\/2024\/11\/minnesota-landscape-arboretum-977045_1280-500x375.jpg 500w, https:\/\/funzine.hu\/wp-content\/uploads\/2024\/11\/minnesota-landscape-arboretum-977045_1280.jpg 1280w\" sizes=\"(max-width: 850px) 100vw, 850px\" \/><figcaption id=\"caption-attachment-580425\" class=\"wp-caption-text\">ilustracija &#8211; pixabay.com<\/figcaption><\/figure>\n<p>Arboretum P\u00fcsp\u00f6kszentl\u00e1szl\u00f3, ki je zdaj del Narodnega parka Donava-Drava, je barvita jesenska kulisa, kjer si lahko pobli\u017ee ogledate ve\u010d kot 80 vrst dreves in grmovnic z vsega sveta.<\/p>\n<p>&nbsp;<\/p>\n<p>Arboretum je konec 19. stoletja za\u010del urejati \u0161kof Samuel Hetyey in je tako kot pot, ki vodi do njega, popoln kraj za mirne in nemotene jesenske sprehode. Med obiskom pa ne pozabite na druge zaklade, ki se skrivajo v arboretumu!<\/p>\n<p>Nekdanjo poletno rezidenco, skrito med drevesi, je leta 1797 zgradil \u0161kof P\u00e9csa, grof L\u00e1szl\u00f3 P\u00e1l Esterh\u00e1zy. 100 let po izgradnji je grad obnovil S\u00e1muel Hetyey, ki je ustanovil arboretum. Od leta 1954 je grad dobrodelni dom, leta 2012 pa so ga temeljito prenovili.<\/p>\n<p>Zidovi gradu ne ohranjajo le preteklosti, temve\u010d sta bili v okviru prenove postavljeni tudi razstava o zgodovini gradu in Mindszentyjeva spominska soba.<\/p>\n<p>Po ogledu gradu si velja ogledati \u0161e baro\u010dno cerkev, ki je bila zgrajena na mestu prej\u0161nje kapele. Poznobaro\u010dna cerkev je bila obnovljena v za\u010detku 20. stoletja in je od takrat ohranila svoje edinstveno vzdu\u0161je.<\/p>\n<p>Za \u0161e ve\u010d \u010dudovitih krajev, ki jih lahko obi\u0161\u010dete, si oglejte na\u0161o skupino \u201dNajlep\u0161i kraji na Mad\u017earskem\u201c na Facebooku! \u010ce se ji \u017eelite pridru\u017eiti, kliknite TUKAJ!<\/p>\n","protected":false},"excerpt":{"rendered":"<p>P\u00fcsp\u00f6kszentl\u00e1szl\u00f3, ki ga objema dolina, se nahaja na severni strani hriba Zeng\u0151 v vzhodnem Mecseku<\/p>\n","protected":false},"author":391,"featured_media":580425,"comment_status":"closed","ping_status":"closed","sticky":false,"template":"","format":"standard","meta":{"_acf_changed":false,"wprm-recipe-roundup-name":"","wprm-recipe-roundup-description":"","ngg_post_thumbnail":0,"footnotes":""},"categories":[14345],"tags":[],"post_places":[],"class_list":["post-580424","post","type-post","status-publish","format-standard","has-post-thumbnail","hentry","category-potovanje"],"acf":{"connected_places":"","del_image":""},"yoast_head":"<!-- This site is optimized with the Yoast SEO plugin v27.2 - https:\/\/yoast.com\/product\/yoast-seo-wordpress\/ -->\n<title>Arboretum Mecsek v jesenskih barvah<\/title>\n<meta name=\"robots\" content=\"index, follow, max-snippet:-1, max-image-preview:large, max-video-preview:-1\" \/>\n<link rel=\"canonical\" href=\"https:\/\/funzine.hu\/sl\/2024\/11\/03\/potovanje\/arboretum-mecsek-v-jesenskih-barvah\/\" \/>\n<meta property=\"og:locale\" content=\"sl_SI\" \/>\n<meta property=\"og:type\" content=\"article\" \/>\n<meta property=\"og:title\" content=\"Arboretum Mecsek v jesenskih barvah\" \/>\n<meta property=\"og:description\" content=\"P\u00fcsp\u00f6kszentl\u00e1szl\u00f3, ki ga objema dolina, se nahaja na severni strani hriba Zeng\u0151 v vzhodnem Mecseku\" \/>\n<meta property=\"og:url\" content=\"https:\/\/funzine.hu\/sl\/2024\/11\/03\/potovanje\/arboretum-mecsek-v-jesenskih-barvah\/\" \/>\n<meta property=\"og:site_name\" content=\"Funzine\" \/>\n<meta property=\"article:publisher\" content=\"https:\/\/www.facebook.com\/funzine\/\" \/>\n<meta property=\"article:published_time\" content=\"2024-11-03T20:42:03+00:00\" \/>\n<meta property=\"og:image\" content=\"https:\/\/funzine.hu\/wp-content\/uploads\/2024\/11\/minnesota-landscape-arboretum-977045_1280.jpg\" \/>\n\t<meta property=\"og:image:width\" content=\"1280\" \/>\n\t<meta property=\"og:image:height\" content=\"960\" \/>\n\t<meta property=\"og:image:type\" content=\"image\/jpeg\" \/>\n<meta name=\"author\" content=\"Bodn\u00e1r Zsuzsa\" \/>\n<meta name=\"twitter:card\" content=\"summary_large_image\" \/>\n<meta name=\"twitter:creator\" content=\"@funzine\" \/>\n<meta name=\"twitter:site\" content=\"@funzine\" \/>\n<meta name=\"twitter:label1\" content=\"Written by\" \/>\n\t<meta name=\"twitter:data1\" content=\"Bodn\u00e1r Zsuzsa\" \/>\n\t<meta name=\"twitter:label2\" content=\"Est. reading time\" \/>\n\t<meta name=\"twitter:data2\" content=\"2 minuti\" \/>\n<script type=\"application\/ld+json\" class=\"yoast-schema-graph\">{\"@context\":\"https:\/\/schema.org\",\"@graph\":[{\"@type\":\"NewsArticle\",\"@id\":\"https:\/\/funzine.hu\/sl\/2024\/11\/03\/potovanje\/arboretum-mecsek-v-jesenskih-barvah\/#article\",\"isPartOf\":{\"@id\":\"https:\/\/funzine.hu\/sl\/2024\/11\/03\/potovanje\/arboretum-mecsek-v-jesenskih-barvah\/\"},\"author\":{\"name\":\"Bodn\u00e1r Zsuzsa\",\"@id\":\"https:\/\/funzine.hu\/#\/schema\/person\/f3864a88f41183e8c3af70534ac28bb4\"},\"headline\":\"Arboretum Mecsek v jesenskih barvah\",\"datePublished\":\"2024-11-03T20:42:03+00:00\",\"mainEntityOfPage\":{\"@id\":\"https:\/\/funzine.hu\/sl\/2024\/11\/03\/potovanje\/arboretum-mecsek-v-jesenskih-barvah\/\"},\"wordCount\":311,\"image\":{\"@id\":\"https:\/\/funzine.hu\/sl\/2024\/11\/03\/potovanje\/arboretum-mecsek-v-jesenskih-barvah\/#primaryimage\"},\"thumbnailUrl\":\"https:\/\/funzine.hu\/wp-content\/uploads\/2024\/11\/minnesota-landscape-arboretum-977045_1280.jpg\",\"articleSection\":[\"Potovanje\"],\"inLanguage\":\"sl-SI\"},{\"@type\":\"WebPage\",\"@id\":\"https:\/\/funzine.hu\/sl\/2024\/11\/03\/potovanje\/arboretum-mecsek-v-jesenskih-barvah\/\",\"url\":\"https:\/\/funzine.hu\/sl\/2024\/11\/03\/potovanje\/arboretum-mecsek-v-jesenskih-barvah\/\",\"name\":\"Arboretum Mecsek v jesenskih barvah\",\"isPartOf\":{\"@id\":\"https:\/\/funzine.hu\/#website\"},\"primaryImageOfPage\":{\"@id\":\"https:\/\/funzine.hu\/sl\/2024\/11\/03\/potovanje\/arboretum-mecsek-v-jesenskih-barvah\/#primaryimage\"},\"image\":{\"@id\":\"https:\/\/funzine.hu\/sl\/2024\/11\/03\/potovanje\/arboretum-mecsek-v-jesenskih-barvah\/#primaryimage\"},\"thumbnailUrl\":\"https:\/\/funzine.hu\/wp-content\/uploads\/2024\/11\/minnesota-landscape-arboretum-977045_1280.jpg\",\"datePublished\":\"2024-11-03T20:42:03+00:00\",\"author\":{\"@id\":\"https:\/\/funzine.hu\/#\/schema\/person\/f3864a88f41183e8c3af70534ac28bb4\"},\"breadcrumb\":{\"@id\":\"https:\/\/funzine.hu\/sl\/2024\/11\/03\/potovanje\/arboretum-mecsek-v-jesenskih-barvah\/#breadcrumb\"},\"inLanguage\":\"sl-SI\",\"potentialAction\":[{\"@type\":\"ReadAction\",\"target\":[\"https:\/\/funzine.hu\/sl\/2024\/11\/03\/potovanje\/arboretum-mecsek-v-jesenskih-barvah\/\"]}]},{\"@type\":\"ImageObject\",\"inLanguage\":\"sl-SI\",\"@id\":\"https:\/\/funzine.hu\/sl\/2024\/11\/03\/potovanje\/arboretum-mecsek-v-jesenskih-barvah\/#primaryimage\",\"url\":\"https:\/\/funzine.hu\/wp-content\/uploads\/2024\/11\/minnesota-landscape-arboretum-977045_1280.jpg\",\"contentUrl\":\"https:\/\/funzine.hu\/wp-content\/uploads\/2024\/11\/minnesota-landscape-arboretum-977045_1280.jpg\",\"width\":1280,\"height\":960,\"caption\":\"ilustracija - pixabay.com\"},{\"@type\":\"BreadcrumbList\",\"@id\":\"https:\/\/funzine.hu\/sl\/2024\/11\/03\/potovanje\/arboretum-mecsek-v-jesenskih-barvah\/#breadcrumb\",\"itemListElement\":[{\"@type\":\"ListItem\",\"position\":1,\"name\":\"Home\",\"item\":\"https:\/\/funzine.hu\/sl\/\"},{\"@type\":\"ListItem\",\"position\":2,\"name\":\"Arboretum Mecsek v jesenskih barvah\"}]},{\"@type\":\"WebSite\",\"@id\":\"https:\/\/funzine.hu\/#website\",\"url\":\"https:\/\/funzine.hu\/\",\"name\":\"Funzine\",\"description\":\"\",\"potentialAction\":[{\"@type\":\"SearchAction\",\"target\":{\"@type\":\"EntryPoint\",\"urlTemplate\":\"https:\/\/funzine.hu\/?s={search_term_string}\"},\"query-input\":{\"@type\":\"PropertyValueSpecification\",\"valueRequired\":true,\"valueName\":\"search_term_string\"}}],\"inLanguage\":\"sl-SI\"},{\"@type\":\"Person\",\"@id\":\"https:\/\/funzine.hu\/#\/schema\/person\/f3864a88f41183e8c3af70534ac28bb4\",\"name\":\"Bodn\u00e1r Zsuzsa\",\"image\":{\"@type\":\"ImageObject\",\"inLanguage\":\"sl-SI\",\"@id\":\"https:\/\/secure.gravatar.com\/avatar\/3dac04a042bfb0c015d0f893ef5eb9cca9d966bb5795039862dafd8d2ab5d410?s=96&d=mm&r=g\",\"url\":\"https:\/\/secure.gravatar.com\/avatar\/3dac04a042bfb0c015d0f893ef5eb9cca9d966bb5795039862dafd8d2ab5d410?s=96&d=mm&r=g\",\"contentUrl\":\"https:\/\/secure.gravatar.com\/avatar\/3dac04a042bfb0c015d0f893ef5eb9cca9d966bb5795039862dafd8d2ab5d410?s=96&d=mm&r=g\",\"caption\":\"Bodn\u00e1r Zsuzsa\"},\"url\":\"https:\/\/funzine.hu\/sl\/author\/bodnar-zsuzsa-1984\/\"}]}<\/script>\n<!-- \/ Yoast SEO plugin. -->","yoast_head_json":{"title":"Arboretum Mecsek v jesenskih barvah","robots":{"index":"index","follow":"follow","max-snippet":"max-snippet:-1","max-image-preview":"max-image-preview:large","max-video-preview":"max-video-preview:-1"},"canonical":"https:\/\/funzine.hu\/sl\/2024\/11\/03\/potovanje\/arboretum-mecsek-v-jesenskih-barvah\/","og_locale":"sl_SI","og_type":"article","og_title":"Arboretum Mecsek v jesenskih barvah","og_description":"P\u00fcsp\u00f6kszentl\u00e1szl\u00f3, ki ga objema dolina, se nahaja na severni strani hriba Zeng\u0151 v vzhodnem Mecseku","og_url":"https:\/\/funzine.hu\/sl\/2024\/11\/03\/potovanje\/arboretum-mecsek-v-jesenskih-barvah\/","og_site_name":"Funzine","article_publisher":"https:\/\/www.facebook.com\/funzine\/","article_published_time":"2024-11-03T20:42:03+00:00","og_image":[{"width":1280,"height":960,"url":"https:\/\/funzine.hu\/wp-content\/uploads\/2024\/11\/minnesota-landscape-arboretum-977045_1280.jpg","type":"image\/jpeg"}],"author":"Bodn\u00e1r Zsuzsa","twitter_card":"summary_large_image","twitter_creator":"@funzine","twitter_site":"@funzine","twitter_misc":{"Written by":"Bodn\u00e1r Zsuzsa","Est. reading time":"2 minuti"},"schema":{"@context":"https:\/\/schema.org","@graph":[{"@type":"NewsArticle","@id":"https:\/\/funzine.hu\/sl\/2024\/11\/03\/potovanje\/arboretum-mecsek-v-jesenskih-barvah\/#article","isPartOf":{"@id":"https:\/\/funzine.hu\/sl\/2024\/11\/03\/potovanje\/arboretum-mecsek-v-jesenskih-barvah\/"},"author":{"name":"Bodn\u00e1r Zsuzsa","@id":"https:\/\/funzine.hu\/#\/schema\/person\/f3864a88f41183e8c3af70534ac28bb4"},"headline":"Arboretum Mecsek v jesenskih barvah","datePublished":"2024-11-03T20:42:03+00:00","mainEntityOfPage":{"@id":"https:\/\/funzine.hu\/sl\/2024\/11\/03\/potovanje\/arboretum-mecsek-v-jesenskih-barvah\/"},"wordCount":311,"image":{"@id":"https:\/\/funzine.hu\/sl\/2024\/11\/03\/potovanje\/arboretum-mecsek-v-jesenskih-barvah\/#primaryimage"},"thumbnailUrl":"https:\/\/funzine.hu\/wp-content\/uploads\/2024\/11\/minnesota-landscape-arboretum-977045_1280.jpg","articleSection":["Potovanje"],"inLanguage":"sl-SI"},{"@type":"WebPage","@id":"https:\/\/funzine.hu\/sl\/2024\/11\/03\/potovanje\/arboretum-mecsek-v-jesenskih-barvah\/","url":"https:\/\/funzine.hu\/sl\/2024\/11\/03\/potovanje\/arboretum-mecsek-v-jesenskih-barvah\/","name":"Arboretum Mecsek v jesenskih barvah","isPartOf":{"@id":"https:\/\/funzine.hu\/#website"},"primaryImageOfPage":{"@id":"https:\/\/funzine.hu\/sl\/2024\/11\/03\/potovanje\/arboretum-mecsek-v-jesenskih-barvah\/#primaryimage"},"image":{"@id":"https:\/\/funzine.hu\/sl\/2024\/11\/03\/potovanje\/arboretum-mecsek-v-jesenskih-barvah\/#primaryimage"},"thumbnailUrl":"https:\/\/funzine.hu\/wp-content\/uploads\/2024\/11\/minnesota-landscape-arboretum-977045_1280.jpg","datePublished":"2024-11-03T20:42:03+00:00","author":{"@id":"https:\/\/funzine.hu\/#\/schema\/person\/f3864a88f41183e8c3af70534ac28bb4"},"breadcrumb":{"@id":"https:\/\/funzine.hu\/sl\/2024\/11\/03\/potovanje\/arboretum-mecsek-v-jesenskih-barvah\/#breadcrumb"},"inLanguage":"sl-SI","potentialAction":[{"@type":"ReadAction","target":["https:\/\/funzine.hu\/sl\/2024\/11\/03\/potovanje\/arboretum-mecsek-v-jesenskih-barvah\/"]}]},{"@type":"ImageObject","inLanguage":"sl-SI","@id":"https:\/\/funzine.hu\/sl\/2024\/11\/03\/potovanje\/arboretum-mecsek-v-jesenskih-barvah\/#primaryimage","url":"https:\/\/funzine.hu\/wp-content\/uploads\/2024\/11\/minnesota-landscape-arboretum-977045_1280.jpg","contentUrl":"https:\/\/funzine.hu\/wp-content\/uploads\/2024\/11\/minnesota-landscape-arboretum-977045_1280.jpg","width":1280,"height":960,"caption":"ilustracija - pixabay.com"},{"@type":"BreadcrumbList","@id":"https:\/\/funzine.hu\/sl\/2024\/11\/03\/potovanje\/arboretum-mecsek-v-jesenskih-barvah\/#breadcrumb","itemListElement":[{"@type":"ListItem","position":1,"name":"Home","item":"https:\/\/funzine.hu\/sl\/"},{"@type":"ListItem","position":2,"name":"Arboretum Mecsek v jesenskih barvah"}]},{"@type":"WebSite","@id":"https:\/\/funzine.hu\/#website","url":"https:\/\/funzine.hu\/","name":"Funzine","description":"","potentialAction":[{"@type":"SearchAction","target":{"@type":"EntryPoint","urlTemplate":"https:\/\/funzine.hu\/?s={search_term_string}"},"query-input":{"@type":"PropertyValueSpecification","valueRequired":true,"valueName":"search_term_string"}}],"inLanguage":"sl-SI"},{"@type":"Person","@id":"https:\/\/funzine.hu\/#\/schema\/person\/f3864a88f41183e8c3af70534ac28bb4","name":"Bodn\u00e1r Zsuzsa","image":{"@type":"ImageObject","inLanguage":"sl-SI","@id":"https:\/\/secure.gravatar.com\/avatar\/3dac04a042bfb0c015d0f893ef5eb9cca9d966bb5795039862dafd8d2ab5d410?s=96&d=mm&r=g","url":"https:\/\/secure.gravatar.com\/avatar\/3dac04a042bfb0c015d0f893ef5eb9cca9d966bb5795039862dafd8d2ab5d410?s=96&d=mm&r=g","contentUrl":"https:\/\/secure.gravatar.com\/avatar\/3dac04a042bfb0c015d0f893ef5eb9cca9d966bb5795039862dafd8d2ab5d410?s=96&d=mm&r=g","caption":"Bodn\u00e1r Zsuzsa"},"url":"https:\/\/funzine.hu\/sl\/author\/bodnar-zsuzsa-1984\/"}]}},"amp_enabled":true,"_links":{"self":[{"href":"https:\/\/funzine.hu\/sl\/wp-json\/wp\/v2\/posts\/580424","targetHints":{"allow":["GET"]}}],"collection":[{"href":"https:\/\/funzine.hu\/sl\/wp-json\/wp\/v2\/posts"}],"about":[{"href":"https:\/\/funzine.hu\/sl\/wp-json\/wp\/v2\/types\/post"}],"author":[{"embeddable":true,"href":"https:\/\/funzine.hu\/sl\/wp-json\/wp\/v2\/users\/391"}],"replies":[{"embeddable":true,"href":"https:\/\/funzine.hu\/sl\/wp-json\/wp\/v2\/comments?post=580424"}],"version-history":[{"count":1,"href":"https:\/\/funzine.hu\/sl\/wp-json\/wp\/v2\/posts\/580424\/revisions"}],"predecessor-version":[{"id":580428,"href":"https:\/\/funzine.hu\/sl\/wp-json\/wp\/v2\/posts\/580424\/revisions\/580428"}],"wp:featuredmedia":[{"embeddable":true,"href":"https:\/\/funzine.hu\/sl\/wp-json\/wp\/v2\/media\/580425"}],"wp:attachment":[{"href":"https:\/\/funzine.hu\/sl\/wp-json\/wp\/v2\/media?parent=580424"}],"wp:term":[{"taxonomy":"category","embeddable":true,"href":"https:\/\/funzine.hu\/sl\/wp-json\/wp\/v2\/categories?post=580424"},{"taxonomy":"post_tag","embeddable":true,"href":"https:\/\/funzine.hu\/sl\/wp-json\/wp\/v2\/tags?post=580424"},{"taxonomy":"post_places","embeddable":true,"href":"https:\/\/funzine.hu\/sl\/wp-json\/wp\/v2\/post_places?post=580424"}],"curies":[{"name":"wp","href":"https:\/\/api.w.org\/{rel}","templated":true}]}}