{"id":579051,"date":"2024-10-22T12:40:02","date_gmt":"2024-10-22T10:40:02","guid":{"rendered":"https:\/\/funzine.hu\/?p=579051"},"modified":"2024-10-22T12:40:02","modified_gmt":"2024-10-22T10:40:02","slug":"mesnato-svetlobno-kraljestvo-ozivi-v-budimpestanskem-botanicnem-vrtu-to-jesen","status":"publish","type":"post","link":"https:\/\/funzine.hu\/sl\/2024\/10\/22\/potovanje\/mesnato-svetlobno-kraljestvo-ozivi-v-budimpestanskem-botanicnem-vrtu-to-jesen\/","title":{"rendered":"Mesnato svetlobno kraljestvo o\u017eivi v Budimpe\u0161tanskem botani\u010dnem vrtu to jesen"},"content":{"rendered":"<p>Tudi to jesen bo priljubljena razstava lu\u010di Garden of Lights, ki je \u017ee lani pritegnila veliko obiskovalcev, odprla svoja vrata v Budimpe\u0161tanskem botani\u010dnem vrtu. Letos bo tema Smrkci.<\/p>\n<figure id=\"attachment_579052\" aria-describedby=\"caption-attachment-579052\" style=\"width: 850px\" class=\"wp-caption aligncenter\"><img decoding=\"async\" class=\"size-funzine-large wp-image-579052\" src=\"https:\/\/funzine.hu\/wp-content\/uploads\/2024\/10\/jardin-des-plantes-861521_1280-850x479.jpg\" alt=\"\" width=\"850\" height=\"479\" srcset=\"https:\/\/funzine.hu\/wp-content\/uploads\/2024\/10\/jardin-des-plantes-861521_1280-850x479.jpg 850w, https:\/\/funzine.hu\/wp-content\/uploads\/2024\/10\/jardin-des-plantes-861521_1280-300x169.jpg 300w, https:\/\/funzine.hu\/wp-content\/uploads\/2024\/10\/jardin-des-plantes-861521_1280-1024x577.jpg 1024w, https:\/\/funzine.hu\/wp-content\/uploads\/2024\/10\/jardin-des-plantes-861521_1280-768x433.jpg 768w, https:\/\/funzine.hu\/wp-content\/uploads\/2024\/10\/jardin-des-plantes-861521_1280-480x270.jpg 480w, https:\/\/funzine.hu\/wp-content\/uploads\/2024\/10\/jardin-des-plantes-861521_1280.jpg 1280w\" sizes=\"(max-width: 850px) 100vw, 850px\" \/><figcaption id=\"caption-attachment-579052\" class=\"wp-caption-text\">ilustracija &#8211; pixabay.com<\/figcaption><\/figure>\n<p>Garden of Lights, ki bo na ogled od 18. oktobra, bo obiskovalce tudi letos popeljala v \u010darobni svet, poln svetlob, ki temelji na kultni risanki in se nahaja v Budimpe\u0161ti.<br \/>\nV botani\u010dnem vrtu bo o\u017eivela Smr\u010dja vasica, in kot pravi glavna pesem, se bodo predstavili Notalko, Ata Smrk, Smrka\u010d, Zafrk, Smrketa, Majstor, Godrnjavec in Puhljaj! Avtorji niso pozabili niti na zlobnega in ple\u0161astega Gargamela \u2013 ki bo prav tako prisoten skupaj s svojo ma\u010dko Azraelom.<br \/>\nGarden of Lights: Smrkci (18. oktober 2024 \u2013 2. marec 2025) \/\/ ELTE Botani\u010dni vrt, Budimpe\u0161ta Razstava lu\u010di v odraslih vzbuja prijetne nostalgi\u010dne ob\u010dutke, otrokom pa poka\u017ee, kako je, ko pravlji\u010dni svet nenadoma o\u017eivi v resni\u010dnem \u017eivljenju. Osupljive lu\u010di, \u017eivljenjske figure, posebne melodije in zvo\u010dni efekti bodo Garden of Lights letos naredili zares \u010darobno do\u017eivetje.<br \/>\nIzku\u0161njo bo dopolnjevala aplikacijska igra Gamification. Med sprehodom po razstavi bodo otroci in star\u0161i lahko skupaj igrali, v mobilni aplikaciji pa bodo odgovarjali na vpra\u0161anja, povezana z instalacijami, da bi pri\u0161li do izhoda, kjer jih bo ob uspe\u0161nem re\u0161evanju \u010dakalo darilo.<br \/>\nVstopnice za odrasle lahko kupite za 4500 forintov, otro\u0161ke pa za 4100 forintov na kraju samem ali prek spleta na naslednji povezavi.<\/p>\n","protected":false},"excerpt":{"rendered":"<p>Tudi to jesen bo priljubljena razstava lu\u010di Garden of Lights, ki je \u017ee lani pritegnila veliko<\/p>\n","protected":false},"author":391,"featured_media":579052,"comment_status":"closed","ping_status":"closed","sticky":false,"template":"","format":"standard","meta":{"_acf_changed":false,"wprm-recipe-roundup-name":"","wprm-recipe-roundup-description":"","ngg_post_thumbnail":0,"footnotes":""},"categories":[14345],"tags":[],"post_places":[],"class_list":["post-579051","post","type-post","status-publish","format-standard","has-post-thumbnail","hentry","category-potovanje"],"acf":{"connected_places":"","del_image":""},"yoast_head":"<!-- This site is optimized with the Yoast SEO plugin v27.2 - https:\/\/yoast.com\/product\/yoast-seo-wordpress\/ -->\n<title>Mesnato svetlobno kraljestvo o\u017eivi v Budimpe\u0161tanskem botani\u010dnem vrtu to jesen<\/title>\n<meta name=\"robots\" content=\"index, follow, max-snippet:-1, max-image-preview:large, max-video-preview:-1\" \/>\n<link rel=\"canonical\" href=\"https:\/\/funzine.hu\/sl\/2024\/10\/22\/potovanje\/mesnato-svetlobno-kraljestvo-ozivi-v-budimpestanskem-botanicnem-vrtu-to-jesen\/\" \/>\n<meta property=\"og:locale\" content=\"sl_SI\" \/>\n<meta property=\"og:type\" content=\"article\" \/>\n<meta property=\"og:title\" content=\"Mesnato svetlobno kraljestvo o\u017eivi v Budimpe\u0161tanskem botani\u010dnem vrtu to jesen\" \/>\n<meta property=\"og:description\" content=\"Tudi to jesen bo priljubljena razstava lu\u010di Garden of Lights, ki je \u017ee lani pritegnila veliko\" \/>\n<meta property=\"og:url\" content=\"https:\/\/funzine.hu\/sl\/2024\/10\/22\/potovanje\/mesnato-svetlobno-kraljestvo-ozivi-v-budimpestanskem-botanicnem-vrtu-to-jesen\/\" \/>\n<meta property=\"og:site_name\" content=\"Funzine\" \/>\n<meta property=\"article:publisher\" content=\"https:\/\/www.facebook.com\/funzine\/\" \/>\n<meta property=\"article:published_time\" content=\"2024-10-22T10:40:02+00:00\" \/>\n<meta property=\"og:image\" content=\"https:\/\/funzine.hu\/wp-content\/uploads\/2024\/10\/jardin-des-plantes-861521_1280.jpg\" \/>\n\t<meta property=\"og:image:width\" content=\"1280\" \/>\n\t<meta property=\"og:image:height\" content=\"721\" \/>\n\t<meta property=\"og:image:type\" content=\"image\/jpeg\" \/>\n<meta name=\"author\" content=\"Bodn\u00e1r Zsuzsa\" \/>\n<meta name=\"twitter:card\" content=\"summary_large_image\" \/>\n<meta name=\"twitter:creator\" content=\"@funzine\" \/>\n<meta name=\"twitter:site\" content=\"@funzine\" \/>\n<meta name=\"twitter:label1\" content=\"Written by\" \/>\n\t<meta name=\"twitter:data1\" content=\"Bodn\u00e1r Zsuzsa\" \/>\n\t<meta name=\"twitter:label2\" content=\"Est. reading time\" \/>\n\t<meta name=\"twitter:data2\" content=\"2 minuti\" \/>\n<script type=\"application\/ld+json\" class=\"yoast-schema-graph\">{\"@context\":\"https:\/\/schema.org\",\"@graph\":[{\"@type\":\"NewsArticle\",\"@id\":\"https:\/\/funzine.hu\/sl\/2024\/10\/22\/potovanje\/mesnato-svetlobno-kraljestvo-ozivi-v-budimpestanskem-botanicnem-vrtu-to-jesen\/#article\",\"isPartOf\":{\"@id\":\"https:\/\/funzine.hu\/sl\/2024\/10\/22\/potovanje\/mesnato-svetlobno-kraljestvo-ozivi-v-budimpestanskem-botanicnem-vrtu-to-jesen\/\"},\"author\":{\"name\":\"Bodn\u00e1r Zsuzsa\",\"@id\":\"https:\/\/funzine.hu\/#\/schema\/person\/f3864a88f41183e8c3af70534ac28bb4\"},\"headline\":\"Mesnato svetlobno kraljestvo o\u017eivi v Budimpe\u0161tanskem botani\u010dnem vrtu to jesen\",\"datePublished\":\"2024-10-22T10:40:02+00:00\",\"mainEntityOfPage\":{\"@id\":\"https:\/\/funzine.hu\/sl\/2024\/10\/22\/potovanje\/mesnato-svetlobno-kraljestvo-ozivi-v-budimpestanskem-botanicnem-vrtu-to-jesen\/\"},\"wordCount\":263,\"image\":{\"@id\":\"https:\/\/funzine.hu\/sl\/2024\/10\/22\/potovanje\/mesnato-svetlobno-kraljestvo-ozivi-v-budimpestanskem-botanicnem-vrtu-to-jesen\/#primaryimage\"},\"thumbnailUrl\":\"https:\/\/funzine.hu\/wp-content\/uploads\/2024\/10\/jardin-des-plantes-861521_1280.jpg\",\"articleSection\":[\"Potovanje\"],\"inLanguage\":\"sl-SI\"},{\"@type\":\"WebPage\",\"@id\":\"https:\/\/funzine.hu\/sl\/2024\/10\/22\/potovanje\/mesnato-svetlobno-kraljestvo-ozivi-v-budimpestanskem-botanicnem-vrtu-to-jesen\/\",\"url\":\"https:\/\/funzine.hu\/sl\/2024\/10\/22\/potovanje\/mesnato-svetlobno-kraljestvo-ozivi-v-budimpestanskem-botanicnem-vrtu-to-jesen\/\",\"name\":\"Mesnato svetlobno kraljestvo o\u017eivi v Budimpe\u0161tanskem botani\u010dnem vrtu to jesen\",\"isPartOf\":{\"@id\":\"https:\/\/funzine.hu\/#website\"},\"primaryImageOfPage\":{\"@id\":\"https:\/\/funzine.hu\/sl\/2024\/10\/22\/potovanje\/mesnato-svetlobno-kraljestvo-ozivi-v-budimpestanskem-botanicnem-vrtu-to-jesen\/#primaryimage\"},\"image\":{\"@id\":\"https:\/\/funzine.hu\/sl\/2024\/10\/22\/potovanje\/mesnato-svetlobno-kraljestvo-ozivi-v-budimpestanskem-botanicnem-vrtu-to-jesen\/#primaryimage\"},\"thumbnailUrl\":\"https:\/\/funzine.hu\/wp-content\/uploads\/2024\/10\/jardin-des-plantes-861521_1280.jpg\",\"datePublished\":\"2024-10-22T10:40:02+00:00\",\"author\":{\"@id\":\"https:\/\/funzine.hu\/#\/schema\/person\/f3864a88f41183e8c3af70534ac28bb4\"},\"breadcrumb\":{\"@id\":\"https:\/\/funzine.hu\/sl\/2024\/10\/22\/potovanje\/mesnato-svetlobno-kraljestvo-ozivi-v-budimpestanskem-botanicnem-vrtu-to-jesen\/#breadcrumb\"},\"inLanguage\":\"sl-SI\",\"potentialAction\":[{\"@type\":\"ReadAction\",\"target\":[\"https:\/\/funzine.hu\/sl\/2024\/10\/22\/potovanje\/mesnato-svetlobno-kraljestvo-ozivi-v-budimpestanskem-botanicnem-vrtu-to-jesen\/\"]}]},{\"@type\":\"ImageObject\",\"inLanguage\":\"sl-SI\",\"@id\":\"https:\/\/funzine.hu\/sl\/2024\/10\/22\/potovanje\/mesnato-svetlobno-kraljestvo-ozivi-v-budimpestanskem-botanicnem-vrtu-to-jesen\/#primaryimage\",\"url\":\"https:\/\/funzine.hu\/wp-content\/uploads\/2024\/10\/jardin-des-plantes-861521_1280.jpg\",\"contentUrl\":\"https:\/\/funzine.hu\/wp-content\/uploads\/2024\/10\/jardin-des-plantes-861521_1280.jpg\",\"width\":1280,\"height\":721,\"caption\":\"ilustracija - pixabay.com\"},{\"@type\":\"BreadcrumbList\",\"@id\":\"https:\/\/funzine.hu\/sl\/2024\/10\/22\/potovanje\/mesnato-svetlobno-kraljestvo-ozivi-v-budimpestanskem-botanicnem-vrtu-to-jesen\/#breadcrumb\",\"itemListElement\":[{\"@type\":\"ListItem\",\"position\":1,\"name\":\"Home\",\"item\":\"https:\/\/funzine.hu\/sl\/\"},{\"@type\":\"ListItem\",\"position\":2,\"name\":\"Mesnato svetlobno kraljestvo o\u017eivi v Budimpe\u0161tanskem botani\u010dnem vrtu to jesen\"}]},{\"@type\":\"WebSite\",\"@id\":\"https:\/\/funzine.hu\/#website\",\"url\":\"https:\/\/funzine.hu\/\",\"name\":\"Funzine\",\"description\":\"\",\"potentialAction\":[{\"@type\":\"SearchAction\",\"target\":{\"@type\":\"EntryPoint\",\"urlTemplate\":\"https:\/\/funzine.hu\/?s={search_term_string}\"},\"query-input\":{\"@type\":\"PropertyValueSpecification\",\"valueRequired\":true,\"valueName\":\"search_term_string\"}}],\"inLanguage\":\"sl-SI\"},{\"@type\":\"Person\",\"@id\":\"https:\/\/funzine.hu\/#\/schema\/person\/f3864a88f41183e8c3af70534ac28bb4\",\"name\":\"Bodn\u00e1r Zsuzsa\",\"image\":{\"@type\":\"ImageObject\",\"inLanguage\":\"sl-SI\",\"@id\":\"https:\/\/secure.gravatar.com\/avatar\/3dac04a042bfb0c015d0f893ef5eb9cca9d966bb5795039862dafd8d2ab5d410?s=96&d=mm&r=g\",\"url\":\"https:\/\/secure.gravatar.com\/avatar\/3dac04a042bfb0c015d0f893ef5eb9cca9d966bb5795039862dafd8d2ab5d410?s=96&d=mm&r=g\",\"contentUrl\":\"https:\/\/secure.gravatar.com\/avatar\/3dac04a042bfb0c015d0f893ef5eb9cca9d966bb5795039862dafd8d2ab5d410?s=96&d=mm&r=g\",\"caption\":\"Bodn\u00e1r Zsuzsa\"},\"url\":\"https:\/\/funzine.hu\/sl\/author\/bodnar-zsuzsa-1984\/\"}]}<\/script>\n<!-- \/ Yoast SEO plugin. -->","yoast_head_json":{"title":"Mesnato svetlobno kraljestvo o\u017eivi v Budimpe\u0161tanskem botani\u010dnem vrtu to jesen","robots":{"index":"index","follow":"follow","max-snippet":"max-snippet:-1","max-image-preview":"max-image-preview:large","max-video-preview":"max-video-preview:-1"},"canonical":"https:\/\/funzine.hu\/sl\/2024\/10\/22\/potovanje\/mesnato-svetlobno-kraljestvo-ozivi-v-budimpestanskem-botanicnem-vrtu-to-jesen\/","og_locale":"sl_SI","og_type":"article","og_title":"Mesnato svetlobno kraljestvo o\u017eivi v Budimpe\u0161tanskem botani\u010dnem vrtu to jesen","og_description":"Tudi to jesen bo priljubljena razstava lu\u010di Garden of Lights, ki je \u017ee lani pritegnila veliko","og_url":"https:\/\/funzine.hu\/sl\/2024\/10\/22\/potovanje\/mesnato-svetlobno-kraljestvo-ozivi-v-budimpestanskem-botanicnem-vrtu-to-jesen\/","og_site_name":"Funzine","article_publisher":"https:\/\/www.facebook.com\/funzine\/","article_published_time":"2024-10-22T10:40:02+00:00","og_image":[{"width":1280,"height":721,"url":"https:\/\/funzine.hu\/wp-content\/uploads\/2024\/10\/jardin-des-plantes-861521_1280.jpg","type":"image\/jpeg"}],"author":"Bodn\u00e1r Zsuzsa","twitter_card":"summary_large_image","twitter_creator":"@funzine","twitter_site":"@funzine","twitter_misc":{"Written by":"Bodn\u00e1r Zsuzsa","Est. reading time":"2 minuti"},"schema":{"@context":"https:\/\/schema.org","@graph":[{"@type":"NewsArticle","@id":"https:\/\/funzine.hu\/sl\/2024\/10\/22\/potovanje\/mesnato-svetlobno-kraljestvo-ozivi-v-budimpestanskem-botanicnem-vrtu-to-jesen\/#article","isPartOf":{"@id":"https:\/\/funzine.hu\/sl\/2024\/10\/22\/potovanje\/mesnato-svetlobno-kraljestvo-ozivi-v-budimpestanskem-botanicnem-vrtu-to-jesen\/"},"author":{"name":"Bodn\u00e1r Zsuzsa","@id":"https:\/\/funzine.hu\/#\/schema\/person\/f3864a88f41183e8c3af70534ac28bb4"},"headline":"Mesnato svetlobno kraljestvo o\u017eivi v Budimpe\u0161tanskem botani\u010dnem vrtu to jesen","datePublished":"2024-10-22T10:40:02+00:00","mainEntityOfPage":{"@id":"https:\/\/funzine.hu\/sl\/2024\/10\/22\/potovanje\/mesnato-svetlobno-kraljestvo-ozivi-v-budimpestanskem-botanicnem-vrtu-to-jesen\/"},"wordCount":263,"image":{"@id":"https:\/\/funzine.hu\/sl\/2024\/10\/22\/potovanje\/mesnato-svetlobno-kraljestvo-ozivi-v-budimpestanskem-botanicnem-vrtu-to-jesen\/#primaryimage"},"thumbnailUrl":"https:\/\/funzine.hu\/wp-content\/uploads\/2024\/10\/jardin-des-plantes-861521_1280.jpg","articleSection":["Potovanje"],"inLanguage":"sl-SI"},{"@type":"WebPage","@id":"https:\/\/funzine.hu\/sl\/2024\/10\/22\/potovanje\/mesnato-svetlobno-kraljestvo-ozivi-v-budimpestanskem-botanicnem-vrtu-to-jesen\/","url":"https:\/\/funzine.hu\/sl\/2024\/10\/22\/potovanje\/mesnato-svetlobno-kraljestvo-ozivi-v-budimpestanskem-botanicnem-vrtu-to-jesen\/","name":"Mesnato svetlobno kraljestvo o\u017eivi v Budimpe\u0161tanskem botani\u010dnem vrtu to jesen","isPartOf":{"@id":"https:\/\/funzine.hu\/#website"},"primaryImageOfPage":{"@id":"https:\/\/funzine.hu\/sl\/2024\/10\/22\/potovanje\/mesnato-svetlobno-kraljestvo-ozivi-v-budimpestanskem-botanicnem-vrtu-to-jesen\/#primaryimage"},"image":{"@id":"https:\/\/funzine.hu\/sl\/2024\/10\/22\/potovanje\/mesnato-svetlobno-kraljestvo-ozivi-v-budimpestanskem-botanicnem-vrtu-to-jesen\/#primaryimage"},"thumbnailUrl":"https:\/\/funzine.hu\/wp-content\/uploads\/2024\/10\/jardin-des-plantes-861521_1280.jpg","datePublished":"2024-10-22T10:40:02+00:00","author":{"@id":"https:\/\/funzine.hu\/#\/schema\/person\/f3864a88f41183e8c3af70534ac28bb4"},"breadcrumb":{"@id":"https:\/\/funzine.hu\/sl\/2024\/10\/22\/potovanje\/mesnato-svetlobno-kraljestvo-ozivi-v-budimpestanskem-botanicnem-vrtu-to-jesen\/#breadcrumb"},"inLanguage":"sl-SI","potentialAction":[{"@type":"ReadAction","target":["https:\/\/funzine.hu\/sl\/2024\/10\/22\/potovanje\/mesnato-svetlobno-kraljestvo-ozivi-v-budimpestanskem-botanicnem-vrtu-to-jesen\/"]}]},{"@type":"ImageObject","inLanguage":"sl-SI","@id":"https:\/\/funzine.hu\/sl\/2024\/10\/22\/potovanje\/mesnato-svetlobno-kraljestvo-ozivi-v-budimpestanskem-botanicnem-vrtu-to-jesen\/#primaryimage","url":"https:\/\/funzine.hu\/wp-content\/uploads\/2024\/10\/jardin-des-plantes-861521_1280.jpg","contentUrl":"https:\/\/funzine.hu\/wp-content\/uploads\/2024\/10\/jardin-des-plantes-861521_1280.jpg","width":1280,"height":721,"caption":"ilustracija - pixabay.com"},{"@type":"BreadcrumbList","@id":"https:\/\/funzine.hu\/sl\/2024\/10\/22\/potovanje\/mesnato-svetlobno-kraljestvo-ozivi-v-budimpestanskem-botanicnem-vrtu-to-jesen\/#breadcrumb","itemListElement":[{"@type":"ListItem","position":1,"name":"Home","item":"https:\/\/funzine.hu\/sl\/"},{"@type":"ListItem","position":2,"name":"Mesnato svetlobno kraljestvo o\u017eivi v Budimpe\u0161tanskem botani\u010dnem vrtu to jesen"}]},{"@type":"WebSite","@id":"https:\/\/funzine.hu\/#website","url":"https:\/\/funzine.hu\/","name":"Funzine","description":"","potentialAction":[{"@type":"SearchAction","target":{"@type":"EntryPoint","urlTemplate":"https:\/\/funzine.hu\/?s={search_term_string}"},"query-input":{"@type":"PropertyValueSpecification","valueRequired":true,"valueName":"search_term_string"}}],"inLanguage":"sl-SI"},{"@type":"Person","@id":"https:\/\/funzine.hu\/#\/schema\/person\/f3864a88f41183e8c3af70534ac28bb4","name":"Bodn\u00e1r Zsuzsa","image":{"@type":"ImageObject","inLanguage":"sl-SI","@id":"https:\/\/secure.gravatar.com\/avatar\/3dac04a042bfb0c015d0f893ef5eb9cca9d966bb5795039862dafd8d2ab5d410?s=96&d=mm&r=g","url":"https:\/\/secure.gravatar.com\/avatar\/3dac04a042bfb0c015d0f893ef5eb9cca9d966bb5795039862dafd8d2ab5d410?s=96&d=mm&r=g","contentUrl":"https:\/\/secure.gravatar.com\/avatar\/3dac04a042bfb0c015d0f893ef5eb9cca9d966bb5795039862dafd8d2ab5d410?s=96&d=mm&r=g","caption":"Bodn\u00e1r Zsuzsa"},"url":"https:\/\/funzine.hu\/sl\/author\/bodnar-zsuzsa-1984\/"}]}},"amp_enabled":true,"_links":{"self":[{"href":"https:\/\/funzine.hu\/sl\/wp-json\/wp\/v2\/posts\/579051","targetHints":{"allow":["GET"]}}],"collection":[{"href":"https:\/\/funzine.hu\/sl\/wp-json\/wp\/v2\/posts"}],"about":[{"href":"https:\/\/funzine.hu\/sl\/wp-json\/wp\/v2\/types\/post"}],"author":[{"embeddable":true,"href":"https:\/\/funzine.hu\/sl\/wp-json\/wp\/v2\/users\/391"}],"replies":[{"embeddable":true,"href":"https:\/\/funzine.hu\/sl\/wp-json\/wp\/v2\/comments?post=579051"}],"version-history":[{"count":1,"href":"https:\/\/funzine.hu\/sl\/wp-json\/wp\/v2\/posts\/579051\/revisions"}],"predecessor-version":[{"id":579055,"href":"https:\/\/funzine.hu\/sl\/wp-json\/wp\/v2\/posts\/579051\/revisions\/579055"}],"wp:featuredmedia":[{"embeddable":true,"href":"https:\/\/funzine.hu\/sl\/wp-json\/wp\/v2\/media\/579052"}],"wp:attachment":[{"href":"https:\/\/funzine.hu\/sl\/wp-json\/wp\/v2\/media?parent=579051"}],"wp:term":[{"taxonomy":"category","embeddable":true,"href":"https:\/\/funzine.hu\/sl\/wp-json\/wp\/v2\/categories?post=579051"},{"taxonomy":"post_tag","embeddable":true,"href":"https:\/\/funzine.hu\/sl\/wp-json\/wp\/v2\/tags?post=579051"},{"taxonomy":"post_places","embeddable":true,"href":"https:\/\/funzine.hu\/sl\/wp-json\/wp\/v2\/post_places?post=579051"}],"curies":[{"name":"wp","href":"https:\/\/api.w.org\/{rel}","templated":true}]}}