{"id":609884,"date":"2025-09-01T10:24:24","date_gmt":"2025-09-01T08:24:24","guid":{"rendered":"https:\/\/funzine.hu\/?p=609884"},"modified":"2025-09-01T10:24:24","modified_gmt":"2025-09-01T08:24:24","slug":"experience-the-worlds-best-young-cellists-at-liszt-academy","status":"publish","type":"post","link":"https:\/\/funzine.hu\/en\/2025\/09\/01\/culture\/experience-the-worlds-best-young-cellists-at-liszt-academy\/","title":{"rendered":"Experience the World\u2019s Best Young Cellists at Liszt Academy"},"content":{"rendered":"<p data-start=\"141\" data-end=\"469\"><strong>Discover the world\u2019s finest young cellists and experience the thrill of competition while immersing yourself in enchanting melodies at a breathtaking venue!<\/strong><\/p>\n<figure id=\"attachment_609891\" aria-describedby=\"caption-attachment-609891\" style=\"width: 850px\" class=\"wp-caption aligncenter\"><img decoding=\"async\" class=\"size-funzine-large wp-image-609891\" src=\"https:\/\/funzine.hu\/wp-content\/uploads\/2025\/09\/Varadai_Istvan063_foto_Marco-Borggreve-1200x801.jpg\" alt=\"\" width=\"850\" height=\"567\" srcset=\"https:\/\/funzine.hu\/wp-content\/uploads\/2025\/09\/Varadai_Istvan063_foto_Marco-Borggreve-1200x801.jpg 1200w, https:\/\/funzine.hu\/wp-content\/uploads\/2025\/09\/Varadai_Istvan063_foto_Marco-Borggreve-300x200.jpg 300w, https:\/\/funzine.hu\/wp-content\/uploads\/2025\/09\/Varadai_Istvan063_foto_Marco-Borggreve-1024x683.jpg 1024w, https:\/\/funzine.hu\/wp-content\/uploads\/2025\/09\/Varadai_Istvan063_foto_Marco-Borggreve-768x512.jpg 768w, https:\/\/funzine.hu\/wp-content\/uploads\/2025\/09\/Varadai_Istvan063_foto_Marco-Borggreve-1536x1025.jpg 1536w, https:\/\/funzine.hu\/wp-content\/uploads\/2025\/09\/Varadai_Istvan063_foto_Marco-Borggreve-2048x1366.jpg 2048w, https:\/\/funzine.hu\/wp-content\/uploads\/2025\/09\/Varadai_Istvan063_foto_Marco-Borggreve-360x240.jpg 360w\" sizes=\"(max-width: 850px) 100vw, 850px\" \/><figcaption id=\"caption-attachment-609891\" class=\"wp-caption-text\">Fot\u00f3: V\u00e1radi Istv\u00e1n<\/figcaption><\/figure>\n<p data-start=\"141\" data-end=\"469\">All this awaits you at the grand finale of the<strong> Budapest International Cello Competition organized by Philharmonia Hungary, from September 8 to 14 at the Liszt Academy.<\/strong><\/p>\n<p data-start=\"471\" data-end=\"832\">This prestigious competition attracted 135 applicants from across the globe, but only the very best have made it here. The talented contestants face three rounds: <strong>in the preliminaries they perform solo and with piano, the semifinals feature renowned cello concertos, while the finalists must master some of the most challenging pieces in the cello repertoire.<\/strong><\/p>\n<p data-start=\"834\" data-end=\"977\">Bright-eyed talents, musical excitement, and the latest trends in classical performance \u2013 this is a competition you truly won\u2019t want to miss!<\/p>\n<p data-start=\"979\" data-end=\"1000\"><a href=\"https:\/\/filharmonia.hu\/en\/competitions\/budapest-international-cello-competition\/programme\" target=\"_blank\" rel=\"noopener\"><strong>More information &gt;&gt;<\/strong><\/a><\/p>\n<h2 data-start=\"979\" data-end=\"1000\">Looking for more?<\/h2>\n<div class=\" content_cards_card content_cards_domain_funzine-hu\">\n\t\t\t<div class=\"content_cards_image\">\n\t\t\t\t<a class=\"content_cards_image_link\" href=\"https:\/\/funzine.hu\/en\/2025\/09\/01\/goodapest-en-2\/september-in-the-city-a-funzine-guide\/\" target=\"_blank\">\n\t\t\t\t\t<img decoding=\"async\" src=\"https:\/\/funzine.hu\/wp-content\/uploads\/2025\/08\/Foto-Budapest-Forfesztival.jpg\" alt=\"September in the City: A Funzine Guide\">\t\t\t\t<\/a>\n\t\t<\/div>\n\t\n\t<div class=\"content_cards_title\">\n\t\t<a class=\"content_cards_title_link\" href=\"https:\/\/funzine.hu\/en\/2025\/09\/01\/goodapest-en-2\/september-in-the-city-a-funzine-guide\/\" target=\"_blank\">\n\t\t\tSeptember in the City: A Funzine Guide\t\t<\/a>\n\t<\/div>\n\t<div class=\"content_cards_description\">\n\t\t<a class=\"content_cards_description_link\" href=\"https:\/\/funzine.hu\/en\/2025\/09\/01\/goodapest-en-2\/september-in-the-city-a-funzine-guide\/\" target=\"_blank\">\n\t\t\t<p>As summer fades, Budapest comes alive with crisp air, golden light, and a calendar full of unmissable events.<\/p>\n\t\t<\/a>\n\t<\/div>\n\t<div class=\"content_cards_site_name\">\n\t\t<img decoding=\"async\" src=\"https:\/\/funzine.hu\/wp-content\/uploads\/2017\/09\/cropped-FUNZINE_Facebook_Profil_Logo_01-1-32x32.jpg\" alt=\"Funzine\" class=\"content_cards_favicon\"\/>\t\tFunzine\t<\/div>\n<\/div>\n","protected":false},"excerpt":{"rendered":"<p>Discover the world\u2019s finest young cellists and experience the thrill of competition!<\/p>\n","protected":false},"author":387,"featured_media":609891,"comment_status":"closed","ping_status":"closed","sticky":false,"template":"","format":"standard","meta":{"_acf_changed":false,"wprm-recipe-roundup-name":"","wprm-recipe-roundup-description":"","ngg_post_thumbnail":0,"footnotes":""},"categories":[1255],"tags":[1185,17413,11638],"post_places":[],"class_list":["post-609884","post","type-post","status-publish","format-standard","has-post-thumbnail","hentry","category-culture","tag-concert","tag-liszt-academy","tag-music"],"acf":{"connected_places":"","del_image":""},"yoast_head":"<!-- This site is optimized with the Yoast SEO plugin v27.2 - https:\/\/yoast.com\/product\/yoast-seo-wordpress\/ -->\n<title>Experience the World\u2019s Best Young Cellists at Liszt Academy<\/title>\n<meta name=\"description\" content=\"Discover the world\u2019s finest young cellists and experience the thrill of competition while immersing yourself in enchanting melodies at a breathtaking venue!\" \/>\n<meta name=\"robots\" content=\"index, follow, max-snippet:-1, max-image-preview:large, max-video-preview:-1\" \/>\n<link rel=\"canonical\" href=\"https:\/\/funzine.hu\/en\/2025\/09\/01\/culture\/experience-the-worlds-best-young-cellists-at-liszt-academy\/\" \/>\n<meta property=\"og:locale\" content=\"en_US\" \/>\n<meta property=\"og:type\" content=\"article\" \/>\n<meta property=\"og:title\" content=\"Experience the World\u2019s Best Young Cellists at Liszt Academy\" \/>\n<meta property=\"og:description\" content=\"Discover the world\u2019s finest young cellists and experience the thrill of competition while immersing yourself in enchanting melodies at a breathtaking venue!\" \/>\n<meta property=\"og:url\" content=\"https:\/\/funzine.hu\/en\/2025\/09\/01\/culture\/experience-the-worlds-best-young-cellists-at-liszt-academy\/\" \/>\n<meta property=\"og:site_name\" content=\"Funzine\" \/>\n<meta property=\"article:publisher\" content=\"https:\/\/www.facebook.com\/funzine\/\" \/>\n<meta property=\"article:published_time\" content=\"2025-09-01T08:24:24+00:00\" \/>\n<meta property=\"og:image\" content=\"https:\/\/funzine.hu\/wp-content\/uploads\/2025\/09\/Varadai_Istvan063_foto_Marco-Borggreve.jpg\" \/>\n\t<meta property=\"og:image:width\" content=\"2560\" \/>\n\t<meta property=\"og:image:height\" content=\"1708\" \/>\n\t<meta property=\"og:image:type\" content=\"image\/jpeg\" \/>\n<meta name=\"author\" content=\"Gy\u00f6rgy M\u00e1ria\" \/>\n<meta name=\"twitter:card\" content=\"summary_large_image\" \/>\n<meta name=\"twitter:creator\" content=\"@funzine\" \/>\n<meta name=\"twitter:site\" content=\"@funzine\" \/>\n<meta name=\"twitter:label1\" content=\"Written by\" \/>\n\t<meta name=\"twitter:data1\" content=\"Gy\u00f6rgy M\u00e1ria\" \/>\n\t<meta name=\"twitter:label2\" content=\"Est. reading time\" \/>\n\t<meta name=\"twitter:data2\" content=\"2 minutes\" \/>\n<script type=\"application\/ld+json\" class=\"yoast-schema-graph\">{\"@context\":\"https:\/\/schema.org\",\"@graph\":[{\"@type\":\"NewsArticle\",\"@id\":\"https:\/\/funzine.hu\/en\/2025\/09\/01\/culture\/experience-the-worlds-best-young-cellists-at-liszt-academy\/#article\",\"isPartOf\":{\"@id\":\"https:\/\/funzine.hu\/en\/2025\/09\/01\/culture\/experience-the-worlds-best-young-cellists-at-liszt-academy\/\"},\"author\":{\"name\":\"Gy\u00f6rgy M\u00e1ria\",\"@id\":\"https:\/\/funzine.hu\/#\/schema\/person\/0adad9e0251165635b1b6ecdbeb3eb78\"},\"headline\":\"Experience the World\u2019s Best Young Cellists at Liszt Academy\",\"datePublished\":\"2025-09-01T08:24:24+00:00\",\"mainEntityOfPage\":{\"@id\":\"https:\/\/funzine.hu\/en\/2025\/09\/01\/culture\/experience-the-worlds-best-young-cellists-at-liszt-academy\/\"},\"wordCount\":163,\"image\":{\"@id\":\"https:\/\/funzine.hu\/en\/2025\/09\/01\/culture\/experience-the-worlds-best-young-cellists-at-liszt-academy\/#primaryimage\"},\"thumbnailUrl\":\"https:\/\/funzine.hu\/wp-content\/uploads\/2025\/09\/Varadai_Istvan063_foto_Marco-Borggreve.jpg\",\"keywords\":[\"concert\",\"Liszt Academy\",\"music\"],\"articleSection\":[\"Culture\"],\"inLanguage\":\"en-US\"},{\"@type\":\"WebPage\",\"@id\":\"https:\/\/funzine.hu\/en\/2025\/09\/01\/culture\/experience-the-worlds-best-young-cellists-at-liszt-academy\/\",\"url\":\"https:\/\/funzine.hu\/en\/2025\/09\/01\/culture\/experience-the-worlds-best-young-cellists-at-liszt-academy\/\",\"name\":\"Experience the World\u2019s Best Young Cellists at Liszt Academy\",\"isPartOf\":{\"@id\":\"https:\/\/funzine.hu\/#website\"},\"primaryImageOfPage\":{\"@id\":\"https:\/\/funzine.hu\/en\/2025\/09\/01\/culture\/experience-the-worlds-best-young-cellists-at-liszt-academy\/#primaryimage\"},\"image\":{\"@id\":\"https:\/\/funzine.hu\/en\/2025\/09\/01\/culture\/experience-the-worlds-best-young-cellists-at-liszt-academy\/#primaryimage\"},\"thumbnailUrl\":\"https:\/\/funzine.hu\/wp-content\/uploads\/2025\/09\/Varadai_Istvan063_foto_Marco-Borggreve.jpg\",\"datePublished\":\"2025-09-01T08:24:24+00:00\",\"author\":{\"@id\":\"https:\/\/funzine.hu\/#\/schema\/person\/0adad9e0251165635b1b6ecdbeb3eb78\"},\"description\":\"Discover the world\u2019s finest young cellists and experience the thrill of competition while immersing yourself in enchanting melodies at a breathtaking venue!\",\"breadcrumb\":{\"@id\":\"https:\/\/funzine.hu\/en\/2025\/09\/01\/culture\/experience-the-worlds-best-young-cellists-at-liszt-academy\/#breadcrumb\"},\"inLanguage\":\"en-US\",\"potentialAction\":[{\"@type\":\"ReadAction\",\"target\":[\"https:\/\/funzine.hu\/en\/2025\/09\/01\/culture\/experience-the-worlds-best-young-cellists-at-liszt-academy\/\"]}]},{\"@type\":\"ImageObject\",\"inLanguage\":\"en-US\",\"@id\":\"https:\/\/funzine.hu\/en\/2025\/09\/01\/culture\/experience-the-worlds-best-young-cellists-at-liszt-academy\/#primaryimage\",\"url\":\"https:\/\/funzine.hu\/wp-content\/uploads\/2025\/09\/Varadai_Istvan063_foto_Marco-Borggreve.jpg\",\"contentUrl\":\"https:\/\/funzine.hu\/wp-content\/uploads\/2025\/09\/Varadai_Istvan063_foto_Marco-Borggreve.jpg\",\"width\":2560,\"height\":1708,\"caption\":\"Fot\u00f3: V\u00e1radi Istv\u00e1n\"},{\"@type\":\"BreadcrumbList\",\"@id\":\"https:\/\/funzine.hu\/en\/2025\/09\/01\/culture\/experience-the-worlds-best-young-cellists-at-liszt-academy\/#breadcrumb\",\"itemListElement\":[{\"@type\":\"ListItem\",\"position\":1,\"name\":\"Home\",\"item\":\"https:\/\/funzine.hu\/en\/\"},{\"@type\":\"ListItem\",\"position\":2,\"name\":\"Experience the World\u2019s Best Young Cellists at Liszt Academy\"}]},{\"@type\":\"WebSite\",\"@id\":\"https:\/\/funzine.hu\/#website\",\"url\":\"https:\/\/funzine.hu\/\",\"name\":\"Funzine\",\"description\":\"\",\"potentialAction\":[{\"@type\":\"SearchAction\",\"target\":{\"@type\":\"EntryPoint\",\"urlTemplate\":\"https:\/\/funzine.hu\/?s={search_term_string}\"},\"query-input\":{\"@type\":\"PropertyValueSpecification\",\"valueRequired\":true,\"valueName\":\"search_term_string\"}}],\"inLanguage\":\"en-US\"},{\"@type\":\"Person\",\"@id\":\"https:\/\/funzine.hu\/#\/schema\/person\/0adad9e0251165635b1b6ecdbeb3eb78\",\"name\":\"Gy\u00f6rgy M\u00e1ria\",\"image\":{\"@type\":\"ImageObject\",\"inLanguage\":\"en-US\",\"@id\":\"https:\/\/secure.gravatar.com\/avatar\/30356884a3f3c8fc46d79e29092ae1c90ff18833a2a79307ecc2561d3c019758?s=96&d=mm&r=g\",\"url\":\"https:\/\/secure.gravatar.com\/avatar\/30356884a3f3c8fc46d79e29092ae1c90ff18833a2a79307ecc2561d3c019758?s=96&d=mm&r=g\",\"contentUrl\":\"https:\/\/secure.gravatar.com\/avatar\/30356884a3f3c8fc46d79e29092ae1c90ff18833a2a79307ecc2561d3c019758?s=96&d=mm&r=g\",\"caption\":\"Gy\u00f6rgy M\u00e1ria\"},\"url\":\"https:\/\/funzine.hu\/en\/author\/gyorgymaria\/\"}]}<\/script>\n<!-- \/ Yoast SEO plugin. -->","yoast_head_json":{"title":"Experience the World\u2019s Best Young Cellists at Liszt Academy","description":"Discover the world\u2019s finest young cellists and experience the thrill of competition while immersing yourself in enchanting melodies at a breathtaking venue!","robots":{"index":"index","follow":"follow","max-snippet":"max-snippet:-1","max-image-preview":"max-image-preview:large","max-video-preview":"max-video-preview:-1"},"canonical":"https:\/\/funzine.hu\/en\/2025\/09\/01\/culture\/experience-the-worlds-best-young-cellists-at-liszt-academy\/","og_locale":"en_US","og_type":"article","og_title":"Experience the World\u2019s Best Young Cellists at Liszt Academy","og_description":"Discover the world\u2019s finest young cellists and experience the thrill of competition while immersing yourself in enchanting melodies at a breathtaking venue!","og_url":"https:\/\/funzine.hu\/en\/2025\/09\/01\/culture\/experience-the-worlds-best-young-cellists-at-liszt-academy\/","og_site_name":"Funzine","article_publisher":"https:\/\/www.facebook.com\/funzine\/","article_published_time":"2025-09-01T08:24:24+00:00","og_image":[{"width":2560,"height":1708,"url":"https:\/\/funzine.hu\/wp-content\/uploads\/2025\/09\/Varadai_Istvan063_foto_Marco-Borggreve.jpg","type":"image\/jpeg"}],"author":"Gy\u00f6rgy M\u00e1ria","twitter_card":"summary_large_image","twitter_creator":"@funzine","twitter_site":"@funzine","twitter_misc":{"Written by":"Gy\u00f6rgy M\u00e1ria","Est. reading time":"2 minutes"},"schema":{"@context":"https:\/\/schema.org","@graph":[{"@type":"NewsArticle","@id":"https:\/\/funzine.hu\/en\/2025\/09\/01\/culture\/experience-the-worlds-best-young-cellists-at-liszt-academy\/#article","isPartOf":{"@id":"https:\/\/funzine.hu\/en\/2025\/09\/01\/culture\/experience-the-worlds-best-young-cellists-at-liszt-academy\/"},"author":{"name":"Gy\u00f6rgy M\u00e1ria","@id":"https:\/\/funzine.hu\/#\/schema\/person\/0adad9e0251165635b1b6ecdbeb3eb78"},"headline":"Experience the World\u2019s Best Young Cellists at Liszt Academy","datePublished":"2025-09-01T08:24:24+00:00","mainEntityOfPage":{"@id":"https:\/\/funzine.hu\/en\/2025\/09\/01\/culture\/experience-the-worlds-best-young-cellists-at-liszt-academy\/"},"wordCount":163,"image":{"@id":"https:\/\/funzine.hu\/en\/2025\/09\/01\/culture\/experience-the-worlds-best-young-cellists-at-liszt-academy\/#primaryimage"},"thumbnailUrl":"https:\/\/funzine.hu\/wp-content\/uploads\/2025\/09\/Varadai_Istvan063_foto_Marco-Borggreve.jpg","keywords":["concert","Liszt Academy","music"],"articleSection":["Culture"],"inLanguage":"en-US"},{"@type":"WebPage","@id":"https:\/\/funzine.hu\/en\/2025\/09\/01\/culture\/experience-the-worlds-best-young-cellists-at-liszt-academy\/","url":"https:\/\/funzine.hu\/en\/2025\/09\/01\/culture\/experience-the-worlds-best-young-cellists-at-liszt-academy\/","name":"Experience the World\u2019s Best Young Cellists at Liszt Academy","isPartOf":{"@id":"https:\/\/funzine.hu\/#website"},"primaryImageOfPage":{"@id":"https:\/\/funzine.hu\/en\/2025\/09\/01\/culture\/experience-the-worlds-best-young-cellists-at-liszt-academy\/#primaryimage"},"image":{"@id":"https:\/\/funzine.hu\/en\/2025\/09\/01\/culture\/experience-the-worlds-best-young-cellists-at-liszt-academy\/#primaryimage"},"thumbnailUrl":"https:\/\/funzine.hu\/wp-content\/uploads\/2025\/09\/Varadai_Istvan063_foto_Marco-Borggreve.jpg","datePublished":"2025-09-01T08:24:24+00:00","author":{"@id":"https:\/\/funzine.hu\/#\/schema\/person\/0adad9e0251165635b1b6ecdbeb3eb78"},"description":"Discover the world\u2019s finest young cellists and experience the thrill of competition while immersing yourself in enchanting melodies at a breathtaking venue!","breadcrumb":{"@id":"https:\/\/funzine.hu\/en\/2025\/09\/01\/culture\/experience-the-worlds-best-young-cellists-at-liszt-academy\/#breadcrumb"},"inLanguage":"en-US","potentialAction":[{"@type":"ReadAction","target":["https:\/\/funzine.hu\/en\/2025\/09\/01\/culture\/experience-the-worlds-best-young-cellists-at-liszt-academy\/"]}]},{"@type":"ImageObject","inLanguage":"en-US","@id":"https:\/\/funzine.hu\/en\/2025\/09\/01\/culture\/experience-the-worlds-best-young-cellists-at-liszt-academy\/#primaryimage","url":"https:\/\/funzine.hu\/wp-content\/uploads\/2025\/09\/Varadai_Istvan063_foto_Marco-Borggreve.jpg","contentUrl":"https:\/\/funzine.hu\/wp-content\/uploads\/2025\/09\/Varadai_Istvan063_foto_Marco-Borggreve.jpg","width":2560,"height":1708,"caption":"Fot\u00f3: V\u00e1radi Istv\u00e1n"},{"@type":"BreadcrumbList","@id":"https:\/\/funzine.hu\/en\/2025\/09\/01\/culture\/experience-the-worlds-best-young-cellists-at-liszt-academy\/#breadcrumb","itemListElement":[{"@type":"ListItem","position":1,"name":"Home","item":"https:\/\/funzine.hu\/en\/"},{"@type":"ListItem","position":2,"name":"Experience the World\u2019s Best Young Cellists at Liszt Academy"}]},{"@type":"WebSite","@id":"https:\/\/funzine.hu\/#website","url":"https:\/\/funzine.hu\/","name":"Funzine","description":"","potentialAction":[{"@type":"SearchAction","target":{"@type":"EntryPoint","urlTemplate":"https:\/\/funzine.hu\/?s={search_term_string}"},"query-input":{"@type":"PropertyValueSpecification","valueRequired":true,"valueName":"search_term_string"}}],"inLanguage":"en-US"},{"@type":"Person","@id":"https:\/\/funzine.hu\/#\/schema\/person\/0adad9e0251165635b1b6ecdbeb3eb78","name":"Gy\u00f6rgy M\u00e1ria","image":{"@type":"ImageObject","inLanguage":"en-US","@id":"https:\/\/secure.gravatar.com\/avatar\/30356884a3f3c8fc46d79e29092ae1c90ff18833a2a79307ecc2561d3c019758?s=96&d=mm&r=g","url":"https:\/\/secure.gravatar.com\/avatar\/30356884a3f3c8fc46d79e29092ae1c90ff18833a2a79307ecc2561d3c019758?s=96&d=mm&r=g","contentUrl":"https:\/\/secure.gravatar.com\/avatar\/30356884a3f3c8fc46d79e29092ae1c90ff18833a2a79307ecc2561d3c019758?s=96&d=mm&r=g","caption":"Gy\u00f6rgy M\u00e1ria"},"url":"https:\/\/funzine.hu\/en\/author\/gyorgymaria\/"}]}},"amp_enabled":true,"_links":{"self":[{"href":"https:\/\/funzine.hu\/en\/wp-json\/wp\/v2\/posts\/609884","targetHints":{"allow":["GET"]}}],"collection":[{"href":"https:\/\/funzine.hu\/en\/wp-json\/wp\/v2\/posts"}],"about":[{"href":"https:\/\/funzine.hu\/en\/wp-json\/wp\/v2\/types\/post"}],"author":[{"embeddable":true,"href":"https:\/\/funzine.hu\/en\/wp-json\/wp\/v2\/users\/387"}],"replies":[{"embeddable":true,"href":"https:\/\/funzine.hu\/en\/wp-json\/wp\/v2\/comments?post=609884"}],"version-history":[{"count":1,"href":"https:\/\/funzine.hu\/en\/wp-json\/wp\/v2\/posts\/609884\/revisions"}],"predecessor-version":[{"id":609892,"href":"https:\/\/funzine.hu\/en\/wp-json\/wp\/v2\/posts\/609884\/revisions\/609892"}],"wp:featuredmedia":[{"embeddable":true,"href":"https:\/\/funzine.hu\/en\/wp-json\/wp\/v2\/media\/609891"}],"wp:attachment":[{"href":"https:\/\/funzine.hu\/en\/wp-json\/wp\/v2\/media?parent=609884"}],"wp:term":[{"taxonomy":"category","embeddable":true,"href":"https:\/\/funzine.hu\/en\/wp-json\/wp\/v2\/categories?post=609884"},{"taxonomy":"post_tag","embeddable":true,"href":"https:\/\/funzine.hu\/en\/wp-json\/wp\/v2\/tags?post=609884"},{"taxonomy":"post_places","embeddable":true,"href":"https:\/\/funzine.hu\/en\/wp-json\/wp\/v2\/post_places?post=609884"}],"curies":[{"name":"wp","href":"https:\/\/api.w.org\/{rel}","templated":true}]}}