{"id":609842,"date":"2025-09-01T08:00:43","date_gmt":"2025-09-01T06:00:43","guid":{"rendered":"https:\/\/funzine.hu\/?p=609842"},"modified":"2025-09-01T10:32:14","modified_gmt":"2025-09-01T08:32:14","slug":"september-in-the-city-a-funzine-guide","status":"publish","type":"post","link":"https:\/\/funzine.hu\/en\/2025\/09\/01\/goodapest-en-2\/september-in-the-city-a-funzine-guide\/","title":{"rendered":"September in the City: A Funzine Guide"},"content":{"rendered":"<p><strong>As summer fades, Budapest comes alive with crisp air, golden light, and a calendar full of unmissable events. <\/strong><\/p>\n<h3><strong>Budapest Wine Festival<\/strong><\/h3>\n<p>This September, raise your glass at Buda Castle during Hungary\u2019s most prestigious wine festival. From September 11\u201314, the Budapest Wine Festival transforms the historic Castle into a celebration of wine, gastronomy, and culture. Enjoy fine Hungarian and international wines, gourmet food, sunsets over the Danube, and an unforgettable atmosphere to bid farewell to summer. A true highlight of Budapest\u2019s cultural calendar, it brings together wine lovers from around the world.<\/p>\n<p>1014 Budapest, Buda Castle | <strong><a href=\"http:\/\/aborfesztival.hu\/en\">Website<\/a><\/strong><\/p>\n<figure id=\"attachment_609844\" aria-describedby=\"caption-attachment-609844\" style=\"width: 850px\" class=\"wp-caption aligncenter\"><img decoding=\"async\" class=\"size-funzine-large wp-image-609844\" src=\"https:\/\/funzine.hu\/wp-content\/uploads\/2025\/08\/Foto-Budapest-Forfesztival-1200x798.jpg\" alt=\"\" width=\"850\" height=\"565\" srcset=\"https:\/\/funzine.hu\/wp-content\/uploads\/2025\/08\/Foto-Budapest-Forfesztival-1200x798.jpg 1200w, https:\/\/funzine.hu\/wp-content\/uploads\/2025\/08\/Foto-Budapest-Forfesztival-300x200.jpg 300w, https:\/\/funzine.hu\/wp-content\/uploads\/2025\/08\/Foto-Budapest-Forfesztival-1024x681.jpg 1024w, https:\/\/funzine.hu\/wp-content\/uploads\/2025\/08\/Foto-Budapest-Forfesztival-768x511.jpg 768w, https:\/\/funzine.hu\/wp-content\/uploads\/2025\/08\/Foto-Budapest-Forfesztival-1536x1022.jpg 1536w, https:\/\/funzine.hu\/wp-content\/uploads\/2025\/08\/Foto-Budapest-Forfesztival-2048x1362.jpg 2048w, https:\/\/funzine.hu\/wp-content\/uploads\/2025\/08\/Foto-Budapest-Forfesztival-360x240.jpg 360w, https:\/\/funzine.hu\/wp-content\/uploads\/2025\/08\/Foto-Budapest-Forfesztival-100x65.jpg 100w\" sizes=\"(max-width: 850px) 100vw, 850px\" \/><figcaption id=\"caption-attachment-609844\" class=\"wp-caption-text\">Photo: Budapest Wine Festival<\/figcaption><\/figure>\n<h3><strong>AmfiFest<\/strong><\/h3>\n<p>On September 13\u201314, the ancient amphitheater of \u00d3buda comes alive again with AmfiFest, Budapest\u2019s largest Roman festival. Gladiators, legionaries, Roman citizens, and barbarian hordes will all return to the arena, which rivals the Colosseum in scale. The historic site will once more echo with battle reenactments, parades of legionaries, and demonstrations of ancient rituals, including gladiators stepping into the ring several times over the weekend.<\/p>\n<p>1035 Budapest, Pacsirtamez\u0151 utca 2-14. | <strong><a href=\"http:\/\/esernyos.hu\">Website<\/a><\/strong><\/p>\n<figure id=\"attachment_609843\" aria-describedby=\"caption-attachment-609843\" style=\"width: 850px\" class=\"wp-caption aligncenter\"><img decoding=\"async\" class=\"size-funzine-large wp-image-609843\" src=\"https:\/\/funzine.hu\/wp-content\/uploads\/2025\/08\/Amfifeszt-Foto-Szilagyi-Nora-1200x801.jpg\" alt=\"\" width=\"850\" height=\"567\" srcset=\"https:\/\/funzine.hu\/wp-content\/uploads\/2025\/08\/Amfifeszt-Foto-Szilagyi-Nora-1200x801.jpg 1200w, https:\/\/funzine.hu\/wp-content\/uploads\/2025\/08\/Amfifeszt-Foto-Szilagyi-Nora-300x200.jpg 300w, https:\/\/funzine.hu\/wp-content\/uploads\/2025\/08\/Amfifeszt-Foto-Szilagyi-Nora-1024x684.jpg 1024w, https:\/\/funzine.hu\/wp-content\/uploads\/2025\/08\/Amfifeszt-Foto-Szilagyi-Nora-768x513.jpg 768w, https:\/\/funzine.hu\/wp-content\/uploads\/2025\/08\/Amfifeszt-Foto-Szilagyi-Nora-1536x1025.jpg 1536w, https:\/\/funzine.hu\/wp-content\/uploads\/2025\/08\/Amfifeszt-Foto-Szilagyi-Nora-2048x1367.jpg 2048w, https:\/\/funzine.hu\/wp-content\/uploads\/2025\/08\/Amfifeszt-Foto-Szilagyi-Nora-360x240.jpg 360w\" sizes=\"(max-width: 850px) 100vw, 850px\" \/><figcaption id=\"caption-attachment-609843\" class=\"wp-caption-text\">Photo: Nora Szil\u00e1gyi<\/figcaption><\/figure>\n<h3><strong>TimeOut Market Budapest<\/strong><\/h3>\n<p>On September 20, Budapest welcomes its very own Time Out Market at Blaha Lujza Square, inside the historic Corvin Department Store. But what exactly is Time Out Market? It\u2019s a concept already established in 11 countries, created to showcase the very best of a city\u2019s culinary and cultural scene in one place. The vibrant new venue will feature 11 kitchens, 3 bars, 5 event spaces, and over 500 seats, bringing together the city\u2019s best gastronomy and cultural experiences. From the first announcement it was revealed that Szaletly, 101Bistro, Pingrumba, and Anyuk\u00e1m Mondta will also be present at Time Out Market Budapest. The second list included the participation of CANTEEN by Pesti Istv\u00e1n, Casa Christa, Tuning Burger, Bigfish, and Wines of Hungary. With the most recently announced names, the list has become complete: M\u2019EAT by R\u00e1cz Jen\u0151, LIRA by Ess\u00eancia Restaurant, Hai Nam Pho, and Absolut.<\/p>\n<p>1085 Budapest, Blaha Lujza t\u00e9r 1. | <strong><a href=\"http:\/\/timeout.com\/time-out-market-budapest\">Website<\/a><\/strong><\/p>\n<figure id=\"attachment_609846\" aria-describedby=\"caption-attachment-609846\" style=\"width: 850px\" class=\"wp-caption aligncenter\"><img decoding=\"async\" class=\"size-funzine-large wp-image-609846\" src=\"https:\/\/funzine.hu\/wp-content\/uploads\/2025\/08\/Foto-Pecsi-Gyorgy-Time-Out-Market-Budapest-1-1-1200x800.jpg\" alt=\"\" width=\"850\" height=\"567\" srcset=\"https:\/\/funzine.hu\/wp-content\/uploads\/2025\/08\/Foto-Pecsi-Gyorgy-Time-Out-Market-Budapest-1-1-1200x800.jpg 1200w, https:\/\/funzine.hu\/wp-content\/uploads\/2025\/08\/Foto-Pecsi-Gyorgy-Time-Out-Market-Budapest-1-1-300x200.jpg 300w, https:\/\/funzine.hu\/wp-content\/uploads\/2025\/08\/Foto-Pecsi-Gyorgy-Time-Out-Market-Budapest-1-1-1024x683.jpg 1024w, https:\/\/funzine.hu\/wp-content\/uploads\/2025\/08\/Foto-Pecsi-Gyorgy-Time-Out-Market-Budapest-1-1-768x512.jpg 768w, https:\/\/funzine.hu\/wp-content\/uploads\/2025\/08\/Foto-Pecsi-Gyorgy-Time-Out-Market-Budapest-1-1-1536x1024.jpg 1536w, https:\/\/funzine.hu\/wp-content\/uploads\/2025\/08\/Foto-Pecsi-Gyorgy-Time-Out-Market-Budapest-1-1-2048x1366.jpg 2048w, https:\/\/funzine.hu\/wp-content\/uploads\/2025\/08\/Foto-Pecsi-Gyorgy-Time-Out-Market-Budapest-1-1-360x240.jpg 360w\" sizes=\"(max-width: 850px) 100vw, 850px\" \/><figcaption id=\"caption-attachment-609846\" class=\"wp-caption-text\">Photo: Gy\u00f6rgy P\u00e9csi, Time Out Market Budapest<\/figcaption><\/figure>\n<h3><strong>World Press Photo<\/strong><\/h3>\n<p>From September 26 to November 9, the Biodome hosts the World Press Photo exhibition, bringing the year\u2019s most powerful press photos. Selected from nearly 60,000 entries across 141 countries, the award-winning images capture today\u2019s defining issues\u2014from war and political upheaval to climate change, migration, and stories of resilience. Alongside the main exhibition, three side shows add depth and highlight further important topics.<\/p>\n<p>1146 Budapest, \u00c1llatkerti krt. 16. | <strong><a href=\"http:\/\/worldpressphoto.org\">Website<\/a><\/strong><\/p>\n<figure id=\"attachment_609847\" aria-describedby=\"caption-attachment-609847\" style=\"width: 850px\" class=\"wp-caption aligncenter\"><img decoding=\"async\" class=\"size-funzine-large wp-image-609847\" src=\"https:\/\/funzine.hu\/wp-content\/uploads\/2025\/08\/WPP-Forras-West-Central-and-South-Asia-Stories-Foto-Ali-Jadallah-Anadolu-Agency-1200x800.jpg\" alt=\"\" width=\"850\" height=\"567\" srcset=\"https:\/\/funzine.hu\/wp-content\/uploads\/2025\/08\/WPP-Forras-West-Central-and-South-Asia-Stories-Foto-Ali-Jadallah-Anadolu-Agency-1200x800.jpg 1200w, https:\/\/funzine.hu\/wp-content\/uploads\/2025\/08\/WPP-Forras-West-Central-and-South-Asia-Stories-Foto-Ali-Jadallah-Anadolu-Agency-300x200.jpg 300w, https:\/\/funzine.hu\/wp-content\/uploads\/2025\/08\/WPP-Forras-West-Central-and-South-Asia-Stories-Foto-Ali-Jadallah-Anadolu-Agency-1024x682.jpg 1024w, https:\/\/funzine.hu\/wp-content\/uploads\/2025\/08\/WPP-Forras-West-Central-and-South-Asia-Stories-Foto-Ali-Jadallah-Anadolu-Agency-768x512.jpg 768w, https:\/\/funzine.hu\/wp-content\/uploads\/2025\/08\/WPP-Forras-West-Central-and-South-Asia-Stories-Foto-Ali-Jadallah-Anadolu-Agency-1536x1024.jpg 1536w, https:\/\/funzine.hu\/wp-content\/uploads\/2025\/08\/WPP-Forras-West-Central-and-South-Asia-Stories-Foto-Ali-Jadallah-Anadolu-Agency-2048x1365.jpg 2048w, https:\/\/funzine.hu\/wp-content\/uploads\/2025\/08\/WPP-Forras-West-Central-and-South-Asia-Stories-Foto-Ali-Jadallah-Anadolu-Agency-360x240.jpg 360w\" sizes=\"(max-width: 850px) 100vw, 850px\" \/><figcaption id=\"caption-attachment-609847\" class=\"wp-caption-text\">Photo: WPP &#8211; Ali Jadallah, Anadolu Agency<\/figcaption><\/figure>\n<h3><strong>Cholent Festival<\/strong><\/h3>\n<p>The Cholent Festival returns on September 14, bringing flavors, traditions, and community spirit to the heart of Budapest. This year, the event takes place at V\u00e1rosh\u00e1za park, where visitors can taste sample countless variations of cholent, one of the Jewish cuisine\u2019s most beloved dishes. Now in its ninth edition, the festival is more than a culinary celebration: it\u2019s a chance to experience Jewish culture up close and enjoy the sense of community that surrounds it.<\/p>\n<p>1052 Budapest, K\u00e1roly k\u00f6r\u00fat | <a href=\"http:\/\/fb\/soletfesztival\"><strong>Facebook<\/strong><\/a><\/p>\n<figure id=\"attachment_609845\" aria-describedby=\"caption-attachment-609845\" style=\"width: 850px\" class=\"wp-caption aligncenter\"><img decoding=\"async\" class=\"size-funzine-large wp-image-609845\" src=\"https:\/\/funzine.hu\/wp-content\/uploads\/2025\/08\/Foto-Soletfeztival-1200x799.jpg\" alt=\"\" width=\"850\" height=\"566\" srcset=\"https:\/\/funzine.hu\/wp-content\/uploads\/2025\/08\/Foto-Soletfeztival-1200x799.jpg 1200w, https:\/\/funzine.hu\/wp-content\/uploads\/2025\/08\/Foto-Soletfeztival-300x200.jpg 300w, https:\/\/funzine.hu\/wp-content\/uploads\/2025\/08\/Foto-Soletfeztival-1024x682.jpg 1024w, https:\/\/funzine.hu\/wp-content\/uploads\/2025\/08\/Foto-Soletfeztival-768x511.jpg 768w, https:\/\/funzine.hu\/wp-content\/uploads\/2025\/08\/Foto-Soletfeztival-1536x1022.jpg 1536w, https:\/\/funzine.hu\/wp-content\/uploads\/2025\/08\/Foto-Soletfeztival-360x240.jpg 360w, https:\/\/funzine.hu\/wp-content\/uploads\/2025\/08\/Foto-Soletfeztival.jpg 1600w\" sizes=\"(max-width: 850px) 100vw, 850px\" \/><figcaption id=\"caption-attachment-609845\" class=\"wp-caption-text\">Photo: Cholent Festival<\/figcaption><\/figure>\n","protected":false},"excerpt":{"rendered":"<p>Your guide to the unmissable events lighting up Budapest this September!<\/p>\n","protected":false},"author":21,"featured_media":609844,"comment_status":"closed","ping_status":"closed","sticky":false,"template":"","format":"standard","meta":{"_acf_changed":false,"wprm-recipe-roundup-name":"","wprm-recipe-roundup-description":"","ngg_post_thumbnail":0,"footnotes":""},"categories":[1388],"tags":[17414,13705,11100,12883],"post_places":[],"class_list":["post-609842","post","type-post","status-publish","format-standard","has-post-thumbnail","hentry","category-goodapest-en-2","tag-bucketlist","tag-funzine-guide","tag-september","tag-what-to-do-en"],"acf":{"connected_places":"","del_image":""},"yoast_head":"<!-- This site is optimized with the Yoast SEO plugin v27.2 - https:\/\/yoast.com\/product\/yoast-seo-wordpress\/ -->\n<title>September in the City: A Funzine Guide<\/title>\n<meta name=\"description\" content=\"As summer fades, Budapest comes alive with crisp air, golden light, and a calendar full of unmissable events.\" \/>\n<meta name=\"robots\" content=\"index, follow, max-snippet:-1, max-image-preview:large, max-video-preview:-1\" \/>\n<link rel=\"canonical\" href=\"https:\/\/funzine.hu\/en\/2025\/09\/01\/goodapest-en-2\/september-in-the-city-a-funzine-guide\/\" \/>\n<meta property=\"og:locale\" content=\"en_US\" \/>\n<meta property=\"og:type\" content=\"article\" \/>\n<meta property=\"og:title\" content=\"September in the City: A Funzine Guide\" \/>\n<meta property=\"og:description\" content=\"As summer fades, Budapest comes alive with crisp air, golden light, and a calendar full of unmissable events.\" \/>\n<meta property=\"og:url\" content=\"https:\/\/funzine.hu\/en\/2025\/09\/01\/goodapest-en-2\/september-in-the-city-a-funzine-guide\/\" \/>\n<meta property=\"og:site_name\" content=\"Funzine\" \/>\n<meta property=\"article:publisher\" content=\"https:\/\/www.facebook.com\/funzine\/\" \/>\n<meta property=\"article:published_time\" content=\"2025-09-01T06:00:43+00:00\" \/>\n<meta property=\"article:modified_time\" content=\"2025-09-01T08:32:14+00:00\" \/>\n<meta property=\"og:image\" content=\"https:\/\/funzine.hu\/wp-content\/uploads\/2025\/08\/Foto-Budapest-Forfesztival.jpg\" \/>\n\t<meta property=\"og:image:width\" content=\"2560\" \/>\n\t<meta property=\"og:image:height\" content=\"1703\" \/>\n\t<meta property=\"og:image:type\" content=\"image\/jpeg\" \/>\n<meta name=\"author\" content=\"M\u00e1rton V\u00edzy\" \/>\n<meta name=\"twitter:card\" content=\"summary_large_image\" \/>\n<meta name=\"twitter:creator\" content=\"@funzine\" \/>\n<meta name=\"twitter:site\" content=\"@funzine\" \/>\n<meta name=\"twitter:label1\" content=\"Written by\" \/>\n\t<meta name=\"twitter:data1\" content=\"M\u00e1rton V\u00edzy\" \/>\n\t<meta name=\"twitter:label2\" content=\"Est. reading time\" \/>\n\t<meta name=\"twitter:data2\" content=\"5 minutes\" \/>\n<script type=\"application\/ld+json\" class=\"yoast-schema-graph\">{\"@context\":\"https:\/\/schema.org\",\"@graph\":[{\"@type\":\"NewsArticle\",\"@id\":\"https:\/\/funzine.hu\/en\/2025\/09\/01\/goodapest-en-2\/september-in-the-city-a-funzine-guide\/#article\",\"isPartOf\":{\"@id\":\"https:\/\/funzine.hu\/en\/2025\/09\/01\/goodapest-en-2\/september-in-the-city-a-funzine-guide\/\"},\"author\":{\"name\":\"M\u00e1rton V\u00edzy\",\"@id\":\"https:\/\/funzine.hu\/#\/schema\/person\/b7f80cf0896d42b80803e34695d6baf4\"},\"headline\":\"September in the City: A Funzine Guide\",\"datePublished\":\"2025-09-01T06:00:43+00:00\",\"dateModified\":\"2025-09-01T08:32:14+00:00\",\"mainEntityOfPage\":{\"@id\":\"https:\/\/funzine.hu\/en\/2025\/09\/01\/goodapest-en-2\/september-in-the-city-a-funzine-guide\/\"},\"wordCount\":547,\"image\":{\"@id\":\"https:\/\/funzine.hu\/en\/2025\/09\/01\/goodapest-en-2\/september-in-the-city-a-funzine-guide\/#primaryimage\"},\"thumbnailUrl\":\"https:\/\/funzine.hu\/wp-content\/uploads\/2025\/08\/Foto-Budapest-Forfesztival.jpg\",\"keywords\":[\"bucketlist\",\"Funzine Guide\",\"september\",\"what to do\"],\"articleSection\":[\"Goodapest\"],\"inLanguage\":\"en-US\"},{\"@type\":\"WebPage\",\"@id\":\"https:\/\/funzine.hu\/en\/2025\/09\/01\/goodapest-en-2\/september-in-the-city-a-funzine-guide\/\",\"url\":\"https:\/\/funzine.hu\/en\/2025\/09\/01\/goodapest-en-2\/september-in-the-city-a-funzine-guide\/\",\"name\":\"September in the City: A Funzine Guide\",\"isPartOf\":{\"@id\":\"https:\/\/funzine.hu\/#website\"},\"primaryImageOfPage\":{\"@id\":\"https:\/\/funzine.hu\/en\/2025\/09\/01\/goodapest-en-2\/september-in-the-city-a-funzine-guide\/#primaryimage\"},\"image\":{\"@id\":\"https:\/\/funzine.hu\/en\/2025\/09\/01\/goodapest-en-2\/september-in-the-city-a-funzine-guide\/#primaryimage\"},\"thumbnailUrl\":\"https:\/\/funzine.hu\/wp-content\/uploads\/2025\/08\/Foto-Budapest-Forfesztival.jpg\",\"datePublished\":\"2025-09-01T06:00:43+00:00\",\"dateModified\":\"2025-09-01T08:32:14+00:00\",\"author\":{\"@id\":\"https:\/\/funzine.hu\/#\/schema\/person\/b7f80cf0896d42b80803e34695d6baf4\"},\"description\":\"As summer fades, Budapest comes alive with crisp air, golden light, and a calendar full of unmissable events.\",\"breadcrumb\":{\"@id\":\"https:\/\/funzine.hu\/en\/2025\/09\/01\/goodapest-en-2\/september-in-the-city-a-funzine-guide\/#breadcrumb\"},\"inLanguage\":\"en-US\",\"potentialAction\":[{\"@type\":\"ReadAction\",\"target\":[\"https:\/\/funzine.hu\/en\/2025\/09\/01\/goodapest-en-2\/september-in-the-city-a-funzine-guide\/\"]}]},{\"@type\":\"ImageObject\",\"inLanguage\":\"en-US\",\"@id\":\"https:\/\/funzine.hu\/en\/2025\/09\/01\/goodapest-en-2\/september-in-the-city-a-funzine-guide\/#primaryimage\",\"url\":\"https:\/\/funzine.hu\/wp-content\/uploads\/2025\/08\/Foto-Budapest-Forfesztival.jpg\",\"contentUrl\":\"https:\/\/funzine.hu\/wp-content\/uploads\/2025\/08\/Foto-Budapest-Forfesztival.jpg\",\"width\":2560,\"height\":1703,\"caption\":\"Photo: Budapest Wine Festival\"},{\"@type\":\"BreadcrumbList\",\"@id\":\"https:\/\/funzine.hu\/en\/2025\/09\/01\/goodapest-en-2\/september-in-the-city-a-funzine-guide\/#breadcrumb\",\"itemListElement\":[{\"@type\":\"ListItem\",\"position\":1,\"name\":\"Home\",\"item\":\"https:\/\/funzine.hu\/en\/\"},{\"@type\":\"ListItem\",\"position\":2,\"name\":\"September in the City: A Funzine Guide\"}]},{\"@type\":\"WebSite\",\"@id\":\"https:\/\/funzine.hu\/#website\",\"url\":\"https:\/\/funzine.hu\/\",\"name\":\"Funzine\",\"description\":\"\",\"potentialAction\":[{\"@type\":\"SearchAction\",\"target\":{\"@type\":\"EntryPoint\",\"urlTemplate\":\"https:\/\/funzine.hu\/?s={search_term_string}\"},\"query-input\":{\"@type\":\"PropertyValueSpecification\",\"valueRequired\":true,\"valueName\":\"search_term_string\"}}],\"inLanguage\":\"en-US\"},{\"@type\":\"Person\",\"@id\":\"https:\/\/funzine.hu\/#\/schema\/person\/b7f80cf0896d42b80803e34695d6baf4\",\"name\":\"M\u00e1rton V\u00edzy\",\"image\":{\"@type\":\"ImageObject\",\"inLanguage\":\"en-US\",\"@id\":\"https:\/\/secure.gravatar.com\/avatar\/6b9bf10bb0d33a290043c8d10923d32d3c8015544521c1f9b9c1056864e7ac4a?s=96&d=mm&r=g\",\"url\":\"https:\/\/secure.gravatar.com\/avatar\/6b9bf10bb0d33a290043c8d10923d32d3c8015544521c1f9b9c1056864e7ac4a?s=96&d=mm&r=g\",\"contentUrl\":\"https:\/\/secure.gravatar.com\/avatar\/6b9bf10bb0d33a290043c8d10923d32d3c8015544521c1f9b9c1056864e7ac4a?s=96&d=mm&r=g\",\"caption\":\"M\u00e1rton V\u00edzy\"},\"url\":\"https:\/\/funzine.hu\/en\/author\/vizym\/\"}]}<\/script>\n<!-- \/ Yoast SEO plugin. -->","yoast_head_json":{"title":"September in the City: A Funzine Guide","description":"As summer fades, Budapest comes alive with crisp air, golden light, and a calendar full of unmissable events.","robots":{"index":"index","follow":"follow","max-snippet":"max-snippet:-1","max-image-preview":"max-image-preview:large","max-video-preview":"max-video-preview:-1"},"canonical":"https:\/\/funzine.hu\/en\/2025\/09\/01\/goodapest-en-2\/september-in-the-city-a-funzine-guide\/","og_locale":"en_US","og_type":"article","og_title":"September in the City: A Funzine Guide","og_description":"As summer fades, Budapest comes alive with crisp air, golden light, and a calendar full of unmissable events.","og_url":"https:\/\/funzine.hu\/en\/2025\/09\/01\/goodapest-en-2\/september-in-the-city-a-funzine-guide\/","og_site_name":"Funzine","article_publisher":"https:\/\/www.facebook.com\/funzine\/","article_published_time":"2025-09-01T06:00:43+00:00","article_modified_time":"2025-09-01T08:32:14+00:00","og_image":[{"width":2560,"height":1703,"url":"https:\/\/funzine.hu\/wp-content\/uploads\/2025\/08\/Foto-Budapest-Forfesztival.jpg","type":"image\/jpeg"}],"author":"M\u00e1rton V\u00edzy","twitter_card":"summary_large_image","twitter_creator":"@funzine","twitter_site":"@funzine","twitter_misc":{"Written by":"M\u00e1rton V\u00edzy","Est. reading time":"5 minutes"},"schema":{"@context":"https:\/\/schema.org","@graph":[{"@type":"NewsArticle","@id":"https:\/\/funzine.hu\/en\/2025\/09\/01\/goodapest-en-2\/september-in-the-city-a-funzine-guide\/#article","isPartOf":{"@id":"https:\/\/funzine.hu\/en\/2025\/09\/01\/goodapest-en-2\/september-in-the-city-a-funzine-guide\/"},"author":{"name":"M\u00e1rton V\u00edzy","@id":"https:\/\/funzine.hu\/#\/schema\/person\/b7f80cf0896d42b80803e34695d6baf4"},"headline":"September in the City: A Funzine Guide","datePublished":"2025-09-01T06:00:43+00:00","dateModified":"2025-09-01T08:32:14+00:00","mainEntityOfPage":{"@id":"https:\/\/funzine.hu\/en\/2025\/09\/01\/goodapest-en-2\/september-in-the-city-a-funzine-guide\/"},"wordCount":547,"image":{"@id":"https:\/\/funzine.hu\/en\/2025\/09\/01\/goodapest-en-2\/september-in-the-city-a-funzine-guide\/#primaryimage"},"thumbnailUrl":"https:\/\/funzine.hu\/wp-content\/uploads\/2025\/08\/Foto-Budapest-Forfesztival.jpg","keywords":["bucketlist","Funzine Guide","september","what to do"],"articleSection":["Goodapest"],"inLanguage":"en-US"},{"@type":"WebPage","@id":"https:\/\/funzine.hu\/en\/2025\/09\/01\/goodapest-en-2\/september-in-the-city-a-funzine-guide\/","url":"https:\/\/funzine.hu\/en\/2025\/09\/01\/goodapest-en-2\/september-in-the-city-a-funzine-guide\/","name":"September in the City: A Funzine Guide","isPartOf":{"@id":"https:\/\/funzine.hu\/#website"},"primaryImageOfPage":{"@id":"https:\/\/funzine.hu\/en\/2025\/09\/01\/goodapest-en-2\/september-in-the-city-a-funzine-guide\/#primaryimage"},"image":{"@id":"https:\/\/funzine.hu\/en\/2025\/09\/01\/goodapest-en-2\/september-in-the-city-a-funzine-guide\/#primaryimage"},"thumbnailUrl":"https:\/\/funzine.hu\/wp-content\/uploads\/2025\/08\/Foto-Budapest-Forfesztival.jpg","datePublished":"2025-09-01T06:00:43+00:00","dateModified":"2025-09-01T08:32:14+00:00","author":{"@id":"https:\/\/funzine.hu\/#\/schema\/person\/b7f80cf0896d42b80803e34695d6baf4"},"description":"As summer fades, Budapest comes alive with crisp air, golden light, and a calendar full of unmissable events.","breadcrumb":{"@id":"https:\/\/funzine.hu\/en\/2025\/09\/01\/goodapest-en-2\/september-in-the-city-a-funzine-guide\/#breadcrumb"},"inLanguage":"en-US","potentialAction":[{"@type":"ReadAction","target":["https:\/\/funzine.hu\/en\/2025\/09\/01\/goodapest-en-2\/september-in-the-city-a-funzine-guide\/"]}]},{"@type":"ImageObject","inLanguage":"en-US","@id":"https:\/\/funzine.hu\/en\/2025\/09\/01\/goodapest-en-2\/september-in-the-city-a-funzine-guide\/#primaryimage","url":"https:\/\/funzine.hu\/wp-content\/uploads\/2025\/08\/Foto-Budapest-Forfesztival.jpg","contentUrl":"https:\/\/funzine.hu\/wp-content\/uploads\/2025\/08\/Foto-Budapest-Forfesztival.jpg","width":2560,"height":1703,"caption":"Photo: Budapest Wine Festival"},{"@type":"BreadcrumbList","@id":"https:\/\/funzine.hu\/en\/2025\/09\/01\/goodapest-en-2\/september-in-the-city-a-funzine-guide\/#breadcrumb","itemListElement":[{"@type":"ListItem","position":1,"name":"Home","item":"https:\/\/funzine.hu\/en\/"},{"@type":"ListItem","position":2,"name":"September in the City: A Funzine Guide"}]},{"@type":"WebSite","@id":"https:\/\/funzine.hu\/#website","url":"https:\/\/funzine.hu\/","name":"Funzine","description":"","potentialAction":[{"@type":"SearchAction","target":{"@type":"EntryPoint","urlTemplate":"https:\/\/funzine.hu\/?s={search_term_string}"},"query-input":{"@type":"PropertyValueSpecification","valueRequired":true,"valueName":"search_term_string"}}],"inLanguage":"en-US"},{"@type":"Person","@id":"https:\/\/funzine.hu\/#\/schema\/person\/b7f80cf0896d42b80803e34695d6baf4","name":"M\u00e1rton V\u00edzy","image":{"@type":"ImageObject","inLanguage":"en-US","@id":"https:\/\/secure.gravatar.com\/avatar\/6b9bf10bb0d33a290043c8d10923d32d3c8015544521c1f9b9c1056864e7ac4a?s=96&d=mm&r=g","url":"https:\/\/secure.gravatar.com\/avatar\/6b9bf10bb0d33a290043c8d10923d32d3c8015544521c1f9b9c1056864e7ac4a?s=96&d=mm&r=g","contentUrl":"https:\/\/secure.gravatar.com\/avatar\/6b9bf10bb0d33a290043c8d10923d32d3c8015544521c1f9b9c1056864e7ac4a?s=96&d=mm&r=g","caption":"M\u00e1rton V\u00edzy"},"url":"https:\/\/funzine.hu\/en\/author\/vizym\/"}]}},"amp_enabled":true,"_links":{"self":[{"href":"https:\/\/funzine.hu\/en\/wp-json\/wp\/v2\/posts\/609842","targetHints":{"allow":["GET"]}}],"collection":[{"href":"https:\/\/funzine.hu\/en\/wp-json\/wp\/v2\/posts"}],"about":[{"href":"https:\/\/funzine.hu\/en\/wp-json\/wp\/v2\/types\/post"}],"author":[{"embeddable":true,"href":"https:\/\/funzine.hu\/en\/wp-json\/wp\/v2\/users\/21"}],"replies":[{"embeddable":true,"href":"https:\/\/funzine.hu\/en\/wp-json\/wp\/v2\/comments?post=609842"}],"version-history":[{"count":1,"href":"https:\/\/funzine.hu\/en\/wp-json\/wp\/v2\/posts\/609842\/revisions"}],"predecessor-version":[{"id":609848,"href":"https:\/\/funzine.hu\/en\/wp-json\/wp\/v2\/posts\/609842\/revisions\/609848"}],"wp:featuredmedia":[{"embeddable":true,"href":"https:\/\/funzine.hu\/en\/wp-json\/wp\/v2\/media\/609844"}],"wp:attachment":[{"href":"https:\/\/funzine.hu\/en\/wp-json\/wp\/v2\/media?parent=609842"}],"wp:term":[{"taxonomy":"category","embeddable":true,"href":"https:\/\/funzine.hu\/en\/wp-json\/wp\/v2\/categories?post=609842"},{"taxonomy":"post_tag","embeddable":true,"href":"https:\/\/funzine.hu\/en\/wp-json\/wp\/v2\/tags?post=609842"},{"taxonomy":"post_places","embeddable":true,"href":"https:\/\/funzine.hu\/en\/wp-json\/wp\/v2\/post_places?post=609842"}],"curies":[{"name":"wp","href":"https:\/\/api.w.org\/{rel}","templated":true}]}}