{"id":564695,"date":"2024-06-19T05:33:15","date_gmt":"2024-06-19T03:33:15","guid":{"rendered":"https:\/\/funzine.hu\/?p=564695"},"modified":"2024-06-19T09:37:35","modified_gmt":"2024-06-19T07:37:35","slug":"a-cultural-summer-in-budapest-best-exhibitions-and-museums","status":"publish","type":"post","link":"https:\/\/funzine.hu\/en\/2024\/06\/19\/culture\/a-cultural-summer-in-budapest-best-exhibitions-and-museums\/","title":{"rendered":"A Cultural Summer in Budapest: Best Exhibitions and Museums"},"content":{"rendered":"<p><strong>Discover the best of museums and exhibitions in the city and get lost in Budapest\u2019s cultural scene!<\/strong><\/p>\n<h3><strong>The<\/strong><strong> World of Banksy \/\/ Kir\u00e1ly Street<\/strong><\/h3>\n<p>The exhibition provides a comprehensive overview of the mysterious artist\u2019s body of work to date. Banksy, the world&#8217;s most famous graffiti artist, transcends mere wall sprayings with carefully crafted techniques and underlying, poignant messages, logical and communicative twists that make his portfolio one of the most unique. After displays in Barcelona, Paris, and Dubai, the exhibition has now arrived in Budapest this May. It features an international team of painters who reproduce the images with the same stencil technique, details, and colours every time the exhibition moves to a new location.<\/p>\n<p>1061 Budapest, Kir\u00e1ly utca 26. | <a href=\"https:\/\/theworldofbanksy.hu\/en\/home-banksy\/\" target=\"_blank\" rel=\"noopener\"><strong>Website<\/strong><\/a><\/p>\n<figure id=\"attachment_564697\" aria-describedby=\"caption-attachment-564697\" style=\"width: 850px\" class=\"wp-caption aligncenter\"><img decoding=\"async\" class=\"size-funzine-large wp-image-564697\" src=\"https:\/\/funzine.hu\/wp-content\/uploads\/2024\/06\/World_of_Banksy_1_cDominikGruss-850x567.jpg\" alt=\"\" width=\"850\" height=\"567\" srcset=\"https:\/\/funzine.hu\/wp-content\/uploads\/2024\/06\/World_of_Banksy_1_cDominikGruss-850x567.jpg 850w, https:\/\/funzine.hu\/wp-content\/uploads\/2024\/06\/World_of_Banksy_1_cDominikGruss-300x200.jpg 300w, https:\/\/funzine.hu\/wp-content\/uploads\/2024\/06\/World_of_Banksy_1_cDominikGruss-1024x683.jpg 1024w, https:\/\/funzine.hu\/wp-content\/uploads\/2024\/06\/World_of_Banksy_1_cDominikGruss-768x512.jpg 768w, https:\/\/funzine.hu\/wp-content\/uploads\/2024\/06\/World_of_Banksy_1_cDominikGruss-1536x1025.jpg 1536w, https:\/\/funzine.hu\/wp-content\/uploads\/2024\/06\/World_of_Banksy_1_cDominikGruss-2048x1366.jpg 2048w, https:\/\/funzine.hu\/wp-content\/uploads\/2024\/06\/World_of_Banksy_1_cDominikGruss-360x240.jpg 360w\" sizes=\"(max-width: 850px) 100vw, 850px\" \/><figcaption id=\"caption-attachment-564697\" class=\"wp-caption-text\">Fot\u00f3: World of Banksy\/Dominik Gruss<\/figcaption><\/figure>\n<h3><strong>The Hungarian Bride \/\/ Hungarian National Museum<\/strong><\/h3>\n<p>The new temporary exhibit at the Hungarian National Museum, titled &#8220;The Hungarian Bride,&#8221; showcases the evolving roles and status of women in society over the past 500 years. It equally highlights famous women from Hungarian history, including queens and noblewomen, as well as hopeful, ordinary, or tragically fated unknown girls from the lower social strata, regardless of their religion or ethnicity. Additionally, the exhibition features a special section where visitors can admire the wedding clothing of celebrities, so it is a must-see for anyone interested in history, fashion, and the roles of women in the world!<\/p>\n<p>1088 Budapest, M\u00fazeum k\u00f6r\u00fat 14-16. | <a href=\"https:\/\/mnm.hu\/en\" target=\"_blank\" rel=\"noopener\"><strong>Website<\/strong><\/a><\/p>\n<figure id=\"attachment_564700\" aria-describedby=\"caption-attachment-564700\" style=\"width: 850px\" class=\"wp-caption aligncenter\"><img decoding=\"async\" class=\"size-funzine-large wp-image-564700\" src=\"https:\/\/funzine.hu\/wp-content\/uploads\/2024\/06\/DSC0565-mod-1-pers-850x567.jpg\" alt=\"\" width=\"850\" height=\"567\" srcset=\"https:\/\/funzine.hu\/wp-content\/uploads\/2024\/06\/DSC0565-mod-1-pers-850x567.jpg 850w, https:\/\/funzine.hu\/wp-content\/uploads\/2024\/06\/DSC0565-mod-1-pers-300x200.jpg 300w, https:\/\/funzine.hu\/wp-content\/uploads\/2024\/06\/DSC0565-mod-1-pers-1024x683.jpg 1024w, https:\/\/funzine.hu\/wp-content\/uploads\/2024\/06\/DSC0565-mod-1-pers-768x512.jpg 768w, https:\/\/funzine.hu\/wp-content\/uploads\/2024\/06\/DSC0565-mod-1-pers-1536x1024.jpg 1536w, https:\/\/funzine.hu\/wp-content\/uploads\/2024\/06\/DSC0565-mod-1-pers-360x240.jpg 360w, https:\/\/funzine.hu\/wp-content\/uploads\/2024\/06\/DSC0565-mod-1-pers.jpg 1800w\" sizes=\"(max-width: 850px) 100vw, 850px\" \/><figcaption id=\"caption-attachment-564700\" class=\"wp-caption-text\">Photo: A great shot of<\/figcaption><\/figure>\n<h3>To Be Continued \/\/ Museum of Fine Arts<\/h3>\n<p>In a world filled with mass production and endless TV series, the Museum of Fine Arts new exhibition takes a fresh look at the idea of &#8220;series art&#8221; in fine arts. Dive into how the concept of serial thinking and repetition started, and how artists use these ideas in their work. From the Renaissance to now, you can explore how art has played with patterns, variations, and deviations. Check out the &#8220;To Be Continued&#8230;&#8221; exhibition at the Museum of Fine Arts, open Thursday to Sunday until 15 September, with your regular admission ticket.<\/p>\n<p>1146 Budapest, D\u00f3zsa Gy\u00f6rgy \u00fat 41. |&nbsp;<a href=\"https:\/\/www.mfab.hu\/\" target=\"_blank\" rel=\"noopener\"><strong>Website<\/strong><\/a><\/p>\n<figure id=\"attachment_564712\" aria-describedby=\"caption-attachment-564712\" style=\"width: 850px\" class=\"wp-caption aligncenter\"><img decoding=\"async\" class=\"size-funzine-large wp-image-564712\" src=\"https:\/\/funzine.hu\/wp-content\/uploads\/2024\/06\/434751773_822019633283409_8046095934510187023_n-850x558.jpg\" alt=\"\" width=\"850\" height=\"558\" srcset=\"https:\/\/funzine.hu\/wp-content\/uploads\/2024\/06\/434751773_822019633283409_8046095934510187023_n-850x558.jpg 850w, https:\/\/funzine.hu\/wp-content\/uploads\/2024\/06\/434751773_822019633283409_8046095934510187023_n-300x197.jpg 300w, https:\/\/funzine.hu\/wp-content\/uploads\/2024\/06\/434751773_822019633283409_8046095934510187023_n-1024x673.jpg 1024w, https:\/\/funzine.hu\/wp-content\/uploads\/2024\/06\/434751773_822019633283409_8046095934510187023_n-768x504.jpg 768w, https:\/\/funzine.hu\/wp-content\/uploads\/2024\/06\/434751773_822019633283409_8046095934510187023_n-1536x1009.jpg 1536w, https:\/\/funzine.hu\/wp-content\/uploads\/2024\/06\/434751773_822019633283409_8046095934510187023_n-100x65.jpg 100w, https:\/\/funzine.hu\/wp-content\/uploads\/2024\/06\/434751773_822019633283409_8046095934510187023_n.jpg 2048w\" sizes=\"(max-width: 850px) 100vw, 850px\" \/><figcaption id=\"caption-attachment-564712\" class=\"wp-caption-text\">Photo: Sz\u00e9pm\u0171v\u00e9szeti M\u00fazeum Facebook<\/figcaption><\/figure>\n<h3><strong>House of Unicum<\/strong><\/h3>\n<p>Discover the process behind Hungary&#8217;s famous liquor and delve into its 230-year-old secret recipe at the House of Unicum. During your visit, you\u2019ll learn about the Zwack family, who have been at the heart of this iconic brand. A short film provides an intimate look into the family business, and you can explore the historic distillery, known as the Heart of Unicum, where this legendary drink is crafted. The experience includes a tasting session in the cellar, allowing you to sample four different kinds of Unicum, which you can also purchase in the shop along with Unicum-inspired souvenirs!<\/p>\n<p>1095 Budapest, Dand\u00e1r utca 1. | <a href=\"https:\/\/unicumhaz.hu\/english\/\" target=\"_blank\" rel=\"noopener\"><strong>Website<\/strong><\/a><\/p>\n<figure id=\"attachment_564709\" aria-describedby=\"caption-attachment-564709\" style=\"width: 850px\" class=\"wp-caption aligncenter\"><img decoding=\"async\" class=\"size-funzine-large wp-image-564709\" src=\"https:\/\/funzine.hu\/wp-content\/uploads\/2024\/06\/Unicum-Foto-Egy-jo-kep-az-utazasrol-850x564.jpg\" alt=\"\" width=\"850\" height=\"564\" srcset=\"https:\/\/funzine.hu\/wp-content\/uploads\/2024\/06\/Unicum-Foto-Egy-jo-kep-az-utazasrol-850x564.jpg 850w, https:\/\/funzine.hu\/wp-content\/uploads\/2024\/06\/Unicum-Foto-Egy-jo-kep-az-utazasrol-300x200.jpg 300w, https:\/\/funzine.hu\/wp-content\/uploads\/2024\/06\/Unicum-Foto-Egy-jo-kep-az-utazasrol-768x510.jpg 768w, https:\/\/funzine.hu\/wp-content\/uploads\/2024\/06\/Unicum-Foto-Egy-jo-kep-az-utazasrol-360x240.jpg 360w, https:\/\/funzine.hu\/wp-content\/uploads\/2024\/06\/Unicum-Foto-Egy-jo-kep-az-utazasrol-100x65.jpg 100w, https:\/\/funzine.hu\/wp-content\/uploads\/2024\/06\/Unicum-Foto-Egy-jo-kep-az-utazasrol.jpg 1024w\" sizes=\"(max-width: 850px) 100vw, 850px\" \/><figcaption id=\"caption-attachment-564709\" class=\"wp-caption-text\">Photo: A great shot of<\/figcaption><\/figure>\n<h3><strong>Retro Museum<\/strong><\/h3>\n<p>Located on lively Okt\u00f3ber 6. Street, the Budapest Retro Interactive Museum offers locals and tourists a fun journey into Socialist Hungary. No need to be a retro enthusiast to enjoy exploring the museum&#8217;s eclectic hall-bistro hybrid, featuring red fake leather chairs, vibrant decorations, and retro snacks and drinks from the Communist era. This interactive playground allows visitors to touch, push, and try everything, from astronaut Bertalan Farkas&#8217;s space objects to typical household furnishings. End your visit with a hot sandwich and a Bambi soft drink, bidding farewell to Socialist Hungary.<\/p>\n<p>1051 Budapest, Okt\u00f3ber 6. utca 4. | <a href=\"https:\/\/bpretro.com\/en\" target=\"_blank\" rel=\"noopener\"><strong>Website<\/strong><\/a><\/p>\n<figure id=\"attachment_564703\" aria-describedby=\"caption-attachment-564703\" style=\"width: 850px\" class=\"wp-caption aligncenter\"><img decoding=\"async\" class=\"size-funzine-large wp-image-564703\" src=\"https:\/\/funzine.hu\/wp-content\/uploads\/2024\/06\/Foto-Retro-Muzeum-850x567.jpg\" alt=\"\" width=\"850\" height=\"567\" srcset=\"https:\/\/funzine.hu\/wp-content\/uploads\/2024\/06\/Foto-Retro-Muzeum-850x567.jpg 850w, https:\/\/funzine.hu\/wp-content\/uploads\/2024\/06\/Foto-Retro-Muzeum-300x200.jpg 300w, https:\/\/funzine.hu\/wp-content\/uploads\/2024\/06\/Foto-Retro-Muzeum-1024x683.jpg 1024w, https:\/\/funzine.hu\/wp-content\/uploads\/2024\/06\/Foto-Retro-Muzeum-768x512.jpg 768w, https:\/\/funzine.hu\/wp-content\/uploads\/2024\/06\/Foto-Retro-Muzeum-360x240.jpg 360w, https:\/\/funzine.hu\/wp-content\/uploads\/2024\/06\/Foto-Retro-Muzeum.jpg 1134w\" sizes=\"(max-width: 850px) 100vw, 850px\" \/><figcaption id=\"caption-attachment-564703\" class=\"wp-caption-text\">Photo: Retro M\u00fazeum<\/figcaption><\/figure>\n<h3><strong>Light Art Museum<\/strong><\/h3>\n<p>Prepare to be mesmerized as the Light Art Museum unveils its latest exhibit at the expansive Hold Street Market this summer! Discover the multifaceted nature of light at LAM Budapest&#8217;s immersive space, where light installations and projections unveil its physical, technological, and cultural significance. Delve into the exhibited artworks for fresh perspectives on light, exploring everything from supernovas to black holes, artificial environments to parallel universes, programmed networks to radiant glass creations, and Northern Lights captured in crystal structures.<\/p>\n<p>1054 Budapest, Hold utca 13. | <a href=\"https:\/\/lam.xyz\/\" target=\"_blank\" rel=\"noopener\"><strong>Website<\/strong><\/a><\/p>\n<figure id=\"attachment_564706\" aria-describedby=\"caption-attachment-564706\" style=\"width: 850px\" class=\"wp-caption aligncenter\"><img decoding=\"async\" class=\"size-funzine-large wp-image-564706\" src=\"https:\/\/funzine.hu\/wp-content\/uploads\/2024\/06\/LAM-Foto-Light-Art-Museum-Budapest-850x567.jpg\" alt=\"\" width=\"850\" height=\"567\" srcset=\"https:\/\/funzine.hu\/wp-content\/uploads\/2024\/06\/LAM-Foto-Light-Art-Museum-Budapest-850x567.jpg 850w, https:\/\/funzine.hu\/wp-content\/uploads\/2024\/06\/LAM-Foto-Light-Art-Museum-Budapest-300x200.jpg 300w, https:\/\/funzine.hu\/wp-content\/uploads\/2024\/06\/LAM-Foto-Light-Art-Museum-Budapest-1024x683.jpg 1024w, https:\/\/funzine.hu\/wp-content\/uploads\/2024\/06\/LAM-Foto-Light-Art-Museum-Budapest-768x512.jpg 768w, https:\/\/funzine.hu\/wp-content\/uploads\/2024\/06\/LAM-Foto-Light-Art-Museum-Budapest-1536x1024.jpg 1536w, https:\/\/funzine.hu\/wp-content\/uploads\/2024\/06\/LAM-Foto-Light-Art-Museum-Budapest-360x240.jpg 360w, https:\/\/funzine.hu\/wp-content\/uploads\/2024\/06\/LAM-Foto-Light-Art-Museum-Budapest.jpg 2048w\" sizes=\"(max-width: 850px) 100vw, 850px\" \/><figcaption id=\"caption-attachment-564706\" class=\"wp-caption-text\">Photo: Light Art Museum Budapest<\/figcaption><\/figure>\n<h3>Make time to visit Budapest&#8217;s unique House of Music and its fantastic displays:<\/h3>\n<div class=\" content_cards_card content_cards_domain_funzine-hu\">\n\t\t\t<div class=\"content_cards_image\">\n\t\t\t\t<a class=\"content_cards_image_link\" href=\"https:\/\/funzine.hu\/en\/2024\/06\/11\/culture\/experience-the-rhythm-at-budapests-exceptional-house-of-music-hungary\/\" target=\"_blank\">\n\t\t\t\t\t<img decoding=\"async\" src=\"https:\/\/funzine.hu\/wp-content\/uploads\/2024\/06\/DSC5293-mod.jpg\" alt=\"Experience the Rhythm at Budapest&#039;s Exceptional House of Music Hungary\">\t\t\t\t<\/a>\n\t\t<\/div>\n\t\n\t<div class=\"content_cards_title\">\n\t\t<a class=\"content_cards_title_link\" href=\"https:\/\/funzine.hu\/en\/2024\/06\/11\/culture\/experience-the-rhythm-at-budapests-exceptional-house-of-music-hungary\/\" target=\"_blank\">\n\t\t\tExperience the Rhythm at Budapest's Exceptional House of Music Hungary\t\t<\/a>\n\t<\/div>\n\t<div class=\"content_cards_description\">\n\t\t<a class=\"content_cards_description_link\" href=\"https:\/\/funzine.hu\/en\/2024\/06\/11\/culture\/experience-the-rhythm-at-budapests-exceptional-house-of-music-hungary\/\" target=\"_blank\">\n\t\t\t<p>This cultural hub invites visitors to embark on a journey through the diverse world of music.<\/p>\n\t\t<\/a>\n\t<\/div>\n\t<div class=\"content_cards_site_name\">\n\t\t<img decoding=\"async\" src=\"https:\/\/funzine.hu\/wp-content\/uploads\/2017\/09\/cropped-FUNZINE_Facebook_Profil_Logo_01-1-32x32.jpg\" alt=\"Funzine\" class=\"content_cards_favicon\"\/>\t\tFunzine\t<\/div>\n<\/div>\n","protected":false},"excerpt":{"rendered":"<p>Discover the best of museums and exhibitions in the city and get lost in Budapest\u2019s cultural scene!<\/p>\n","protected":false},"author":106,"featured_media":564706,"comment_status":"closed","ping_status":"closed","sticky":false,"template":"","format":"standard","meta":{"_acf_changed":false,"wprm-recipe-roundup-name":"","wprm-recipe-roundup-description":"","ngg_post_thumbnail":0,"footnotes":""},"categories":[1255],"tags":[1334,1328,1332],"post_places":[],"class_list":["post-564695","post","type-post","status-publish","format-standard","has-post-thumbnail","hentry","category-culture","tag-art","tag-exhibition","tag-museum"],"acf":{"connected_places":"","del_image":""},"yoast_head":"<!-- This site is optimized with the Yoast SEO plugin v27.2 - https:\/\/yoast.com\/product\/yoast-seo-wordpress\/ -->\n<title>A Cultural Summer in Budapest: Best Exhibitions and Museums<\/title>\n<meta name=\"robots\" content=\"index, follow, max-snippet:-1, max-image-preview:large, max-video-preview:-1\" \/>\n<link rel=\"canonical\" href=\"https:\/\/funzine.hu\/en\/2024\/06\/19\/culture\/a-cultural-summer-in-budapest-best-exhibitions-and-museums\/\" \/>\n<meta property=\"og:locale\" content=\"en_US\" \/>\n<meta property=\"og:type\" content=\"article\" \/>\n<meta property=\"og:title\" content=\"A Cultural Summer in Budapest: Best Exhibitions and Museums\" \/>\n<meta property=\"og:description\" content=\"Discover the best of museums and exhibitions in the city and get lost in Budapest\u2019s cultural scene!\" \/>\n<meta property=\"og:url\" content=\"https:\/\/funzine.hu\/en\/2024\/06\/19\/culture\/a-cultural-summer-in-budapest-best-exhibitions-and-museums\/\" \/>\n<meta property=\"og:site_name\" content=\"Funzine\" \/>\n<meta property=\"article:publisher\" content=\"https:\/\/www.facebook.com\/funzine\/\" \/>\n<meta property=\"article:published_time\" content=\"2024-06-19T03:33:15+00:00\" \/>\n<meta property=\"article:modified_time\" content=\"2024-06-19T07:37:35+00:00\" \/>\n<meta property=\"og:image\" content=\"https:\/\/funzine.hu\/wp-content\/uploads\/2024\/06\/LAM-Foto-Light-Art-Museum-Budapest.jpg\" \/>\n\t<meta property=\"og:image:width\" content=\"2048\" \/>\n\t<meta property=\"og:image:height\" content=\"1365\" \/>\n\t<meta property=\"og:image:type\" content=\"image\/jpeg\" \/>\n<meta name=\"author\" content=\"Gyenis-Sutus Dolli\" \/>\n<meta name=\"twitter:card\" content=\"summary_large_image\" \/>\n<meta name=\"twitter:creator\" content=\"@funzine\" \/>\n<meta name=\"twitter:site\" content=\"@funzine\" \/>\n<meta name=\"twitter:label1\" content=\"Written by\" \/>\n\t<meta name=\"twitter:data1\" content=\"Gyenis-Sutus Dolli\" \/>\n\t<meta name=\"twitter:label2\" content=\"Est. reading time\" \/>\n\t<meta name=\"twitter:data2\" content=\"6 minutes\" \/>\n<script type=\"application\/ld+json\" class=\"yoast-schema-graph\">{\"@context\":\"https:\/\/schema.org\",\"@graph\":[{\"@type\":\"NewsArticle\",\"@id\":\"https:\/\/funzine.hu\/en\/2024\/06\/19\/culture\/a-cultural-summer-in-budapest-best-exhibitions-and-museums\/#article\",\"isPartOf\":{\"@id\":\"https:\/\/funzine.hu\/en\/2024\/06\/19\/culture\/a-cultural-summer-in-budapest-best-exhibitions-and-museums\/\"},\"author\":{\"name\":\"Gyenis-Sutus Dolli\",\"@id\":\"https:\/\/funzine.hu\/#\/schema\/person\/04926d26ca5f08149128409cb81a9462\"},\"headline\":\"A Cultural Summer in Budapest: Best Exhibitions and Museums\",\"datePublished\":\"2024-06-19T03:33:15+00:00\",\"dateModified\":\"2024-06-19T07:37:35+00:00\",\"mainEntityOfPage\":{\"@id\":\"https:\/\/funzine.hu\/en\/2024\/06\/19\/culture\/a-cultural-summer-in-budapest-best-exhibitions-and-museums\/\"},\"wordCount\":741,\"image\":{\"@id\":\"https:\/\/funzine.hu\/en\/2024\/06\/19\/culture\/a-cultural-summer-in-budapest-best-exhibitions-and-museums\/#primaryimage\"},\"thumbnailUrl\":\"https:\/\/funzine.hu\/wp-content\/uploads\/2024\/06\/LAM-Foto-Light-Art-Museum-Budapest.jpg\",\"keywords\":[\"art\",\"exhibition\",\"museum\"],\"articleSection\":[\"Culture\"],\"inLanguage\":\"en-US\"},{\"@type\":\"WebPage\",\"@id\":\"https:\/\/funzine.hu\/en\/2024\/06\/19\/culture\/a-cultural-summer-in-budapest-best-exhibitions-and-museums\/\",\"url\":\"https:\/\/funzine.hu\/en\/2024\/06\/19\/culture\/a-cultural-summer-in-budapest-best-exhibitions-and-museums\/\",\"name\":\"A Cultural Summer in Budapest: Best Exhibitions and Museums\",\"isPartOf\":{\"@id\":\"https:\/\/funzine.hu\/#website\"},\"primaryImageOfPage\":{\"@id\":\"https:\/\/funzine.hu\/en\/2024\/06\/19\/culture\/a-cultural-summer-in-budapest-best-exhibitions-and-museums\/#primaryimage\"},\"image\":{\"@id\":\"https:\/\/funzine.hu\/en\/2024\/06\/19\/culture\/a-cultural-summer-in-budapest-best-exhibitions-and-museums\/#primaryimage\"},\"thumbnailUrl\":\"https:\/\/funzine.hu\/wp-content\/uploads\/2024\/06\/LAM-Foto-Light-Art-Museum-Budapest.jpg\",\"datePublished\":\"2024-06-19T03:33:15+00:00\",\"dateModified\":\"2024-06-19T07:37:35+00:00\",\"author\":{\"@id\":\"https:\/\/funzine.hu\/#\/schema\/person\/04926d26ca5f08149128409cb81a9462\"},\"breadcrumb\":{\"@id\":\"https:\/\/funzine.hu\/en\/2024\/06\/19\/culture\/a-cultural-summer-in-budapest-best-exhibitions-and-museums\/#breadcrumb\"},\"inLanguage\":\"en-US\",\"potentialAction\":[{\"@type\":\"ReadAction\",\"target\":[\"https:\/\/funzine.hu\/en\/2024\/06\/19\/culture\/a-cultural-summer-in-budapest-best-exhibitions-and-museums\/\"]}]},{\"@type\":\"ImageObject\",\"inLanguage\":\"en-US\",\"@id\":\"https:\/\/funzine.hu\/en\/2024\/06\/19\/culture\/a-cultural-summer-in-budapest-best-exhibitions-and-museums\/#primaryimage\",\"url\":\"https:\/\/funzine.hu\/wp-content\/uploads\/2024\/06\/LAM-Foto-Light-Art-Museum-Budapest.jpg\",\"contentUrl\":\"https:\/\/funzine.hu\/wp-content\/uploads\/2024\/06\/LAM-Foto-Light-Art-Museum-Budapest.jpg\",\"width\":2048,\"height\":1365,\"caption\":\"Photo: Light Art Museum Budapest\"},{\"@type\":\"BreadcrumbList\",\"@id\":\"https:\/\/funzine.hu\/en\/2024\/06\/19\/culture\/a-cultural-summer-in-budapest-best-exhibitions-and-museums\/#breadcrumb\",\"itemListElement\":[{\"@type\":\"ListItem\",\"position\":1,\"name\":\"Home\",\"item\":\"https:\/\/funzine.hu\/en\/\"},{\"@type\":\"ListItem\",\"position\":2,\"name\":\"A Cultural Summer in Budapest: Best Exhibitions and Museums\"}]},{\"@type\":\"WebSite\",\"@id\":\"https:\/\/funzine.hu\/#website\",\"url\":\"https:\/\/funzine.hu\/\",\"name\":\"Funzine\",\"description\":\"\",\"potentialAction\":[{\"@type\":\"SearchAction\",\"target\":{\"@type\":\"EntryPoint\",\"urlTemplate\":\"https:\/\/funzine.hu\/?s={search_term_string}\"},\"query-input\":{\"@type\":\"PropertyValueSpecification\",\"valueRequired\":true,\"valueName\":\"search_term_string\"}}],\"inLanguage\":\"en-US\"},{\"@type\":\"Person\",\"@id\":\"https:\/\/funzine.hu\/#\/schema\/person\/04926d26ca5f08149128409cb81a9462\",\"name\":\"Gyenis-Sutus Dolli\",\"image\":{\"@type\":\"ImageObject\",\"inLanguage\":\"en-US\",\"@id\":\"https:\/\/secure.gravatar.com\/avatar\/1512b592524a251efa69b9642c67fb12cff1783cc34643e337dc080865e1efbc?s=96&d=mm&r=g\",\"url\":\"https:\/\/secure.gravatar.com\/avatar\/1512b592524a251efa69b9642c67fb12cff1783cc34643e337dc080865e1efbc?s=96&d=mm&r=g\",\"contentUrl\":\"https:\/\/secure.gravatar.com\/avatar\/1512b592524a251efa69b9642c67fb12cff1783cc34643e337dc080865e1efbc?s=96&d=mm&r=g\",\"caption\":\"Gyenis-Sutus Dolli\"},\"url\":\"https:\/\/funzine.hu\/en\/author\/dollisutus\/\"}]}<\/script>\n<!-- \/ Yoast SEO plugin. -->","yoast_head_json":{"title":"A Cultural Summer in Budapest: Best Exhibitions and Museums","robots":{"index":"index","follow":"follow","max-snippet":"max-snippet:-1","max-image-preview":"max-image-preview:large","max-video-preview":"max-video-preview:-1"},"canonical":"https:\/\/funzine.hu\/en\/2024\/06\/19\/culture\/a-cultural-summer-in-budapest-best-exhibitions-and-museums\/","og_locale":"en_US","og_type":"article","og_title":"A Cultural Summer in Budapest: Best Exhibitions and Museums","og_description":"Discover the best of museums and exhibitions in the city and get lost in Budapest\u2019s cultural scene!","og_url":"https:\/\/funzine.hu\/en\/2024\/06\/19\/culture\/a-cultural-summer-in-budapest-best-exhibitions-and-museums\/","og_site_name":"Funzine","article_publisher":"https:\/\/www.facebook.com\/funzine\/","article_published_time":"2024-06-19T03:33:15+00:00","article_modified_time":"2024-06-19T07:37:35+00:00","og_image":[{"width":2048,"height":1365,"url":"https:\/\/funzine.hu\/wp-content\/uploads\/2024\/06\/LAM-Foto-Light-Art-Museum-Budapest.jpg","type":"image\/jpeg"}],"author":"Gyenis-Sutus Dolli","twitter_card":"summary_large_image","twitter_creator":"@funzine","twitter_site":"@funzine","twitter_misc":{"Written by":"Gyenis-Sutus Dolli","Est. reading time":"6 minutes"},"schema":{"@context":"https:\/\/schema.org","@graph":[{"@type":"NewsArticle","@id":"https:\/\/funzine.hu\/en\/2024\/06\/19\/culture\/a-cultural-summer-in-budapest-best-exhibitions-and-museums\/#article","isPartOf":{"@id":"https:\/\/funzine.hu\/en\/2024\/06\/19\/culture\/a-cultural-summer-in-budapest-best-exhibitions-and-museums\/"},"author":{"name":"Gyenis-Sutus Dolli","@id":"https:\/\/funzine.hu\/#\/schema\/person\/04926d26ca5f08149128409cb81a9462"},"headline":"A Cultural Summer in Budapest: Best Exhibitions and Museums","datePublished":"2024-06-19T03:33:15+00:00","dateModified":"2024-06-19T07:37:35+00:00","mainEntityOfPage":{"@id":"https:\/\/funzine.hu\/en\/2024\/06\/19\/culture\/a-cultural-summer-in-budapest-best-exhibitions-and-museums\/"},"wordCount":741,"image":{"@id":"https:\/\/funzine.hu\/en\/2024\/06\/19\/culture\/a-cultural-summer-in-budapest-best-exhibitions-and-museums\/#primaryimage"},"thumbnailUrl":"https:\/\/funzine.hu\/wp-content\/uploads\/2024\/06\/LAM-Foto-Light-Art-Museum-Budapest.jpg","keywords":["art","exhibition","museum"],"articleSection":["Culture"],"inLanguage":"en-US"},{"@type":"WebPage","@id":"https:\/\/funzine.hu\/en\/2024\/06\/19\/culture\/a-cultural-summer-in-budapest-best-exhibitions-and-museums\/","url":"https:\/\/funzine.hu\/en\/2024\/06\/19\/culture\/a-cultural-summer-in-budapest-best-exhibitions-and-museums\/","name":"A Cultural Summer in Budapest: Best Exhibitions and Museums","isPartOf":{"@id":"https:\/\/funzine.hu\/#website"},"primaryImageOfPage":{"@id":"https:\/\/funzine.hu\/en\/2024\/06\/19\/culture\/a-cultural-summer-in-budapest-best-exhibitions-and-museums\/#primaryimage"},"image":{"@id":"https:\/\/funzine.hu\/en\/2024\/06\/19\/culture\/a-cultural-summer-in-budapest-best-exhibitions-and-museums\/#primaryimage"},"thumbnailUrl":"https:\/\/funzine.hu\/wp-content\/uploads\/2024\/06\/LAM-Foto-Light-Art-Museum-Budapest.jpg","datePublished":"2024-06-19T03:33:15+00:00","dateModified":"2024-06-19T07:37:35+00:00","author":{"@id":"https:\/\/funzine.hu\/#\/schema\/person\/04926d26ca5f08149128409cb81a9462"},"breadcrumb":{"@id":"https:\/\/funzine.hu\/en\/2024\/06\/19\/culture\/a-cultural-summer-in-budapest-best-exhibitions-and-museums\/#breadcrumb"},"inLanguage":"en-US","potentialAction":[{"@type":"ReadAction","target":["https:\/\/funzine.hu\/en\/2024\/06\/19\/culture\/a-cultural-summer-in-budapest-best-exhibitions-and-museums\/"]}]},{"@type":"ImageObject","inLanguage":"en-US","@id":"https:\/\/funzine.hu\/en\/2024\/06\/19\/culture\/a-cultural-summer-in-budapest-best-exhibitions-and-museums\/#primaryimage","url":"https:\/\/funzine.hu\/wp-content\/uploads\/2024\/06\/LAM-Foto-Light-Art-Museum-Budapest.jpg","contentUrl":"https:\/\/funzine.hu\/wp-content\/uploads\/2024\/06\/LAM-Foto-Light-Art-Museum-Budapest.jpg","width":2048,"height":1365,"caption":"Photo: Light Art Museum Budapest"},{"@type":"BreadcrumbList","@id":"https:\/\/funzine.hu\/en\/2024\/06\/19\/culture\/a-cultural-summer-in-budapest-best-exhibitions-and-museums\/#breadcrumb","itemListElement":[{"@type":"ListItem","position":1,"name":"Home","item":"https:\/\/funzine.hu\/en\/"},{"@type":"ListItem","position":2,"name":"A Cultural Summer in Budapest: Best Exhibitions and Museums"}]},{"@type":"WebSite","@id":"https:\/\/funzine.hu\/#website","url":"https:\/\/funzine.hu\/","name":"Funzine","description":"","potentialAction":[{"@type":"SearchAction","target":{"@type":"EntryPoint","urlTemplate":"https:\/\/funzine.hu\/?s={search_term_string}"},"query-input":{"@type":"PropertyValueSpecification","valueRequired":true,"valueName":"search_term_string"}}],"inLanguage":"en-US"},{"@type":"Person","@id":"https:\/\/funzine.hu\/#\/schema\/person\/04926d26ca5f08149128409cb81a9462","name":"Gyenis-Sutus Dolli","image":{"@type":"ImageObject","inLanguage":"en-US","@id":"https:\/\/secure.gravatar.com\/avatar\/1512b592524a251efa69b9642c67fb12cff1783cc34643e337dc080865e1efbc?s=96&d=mm&r=g","url":"https:\/\/secure.gravatar.com\/avatar\/1512b592524a251efa69b9642c67fb12cff1783cc34643e337dc080865e1efbc?s=96&d=mm&r=g","contentUrl":"https:\/\/secure.gravatar.com\/avatar\/1512b592524a251efa69b9642c67fb12cff1783cc34643e337dc080865e1efbc?s=96&d=mm&r=g","caption":"Gyenis-Sutus Dolli"},"url":"https:\/\/funzine.hu\/en\/author\/dollisutus\/"}]}},"amp_enabled":true,"_links":{"self":[{"href":"https:\/\/funzine.hu\/en\/wp-json\/wp\/v2\/posts\/564695","targetHints":{"allow":["GET"]}}],"collection":[{"href":"https:\/\/funzine.hu\/en\/wp-json\/wp\/v2\/posts"}],"about":[{"href":"https:\/\/funzine.hu\/en\/wp-json\/wp\/v2\/types\/post"}],"author":[{"embeddable":true,"href":"https:\/\/funzine.hu\/en\/wp-json\/wp\/v2\/users\/106"}],"replies":[{"embeddable":true,"href":"https:\/\/funzine.hu\/en\/wp-json\/wp\/v2\/comments?post=564695"}],"version-history":[{"count":1,"href":"https:\/\/funzine.hu\/en\/wp-json\/wp\/v2\/posts\/564695\/revisions"}],"predecessor-version":[{"id":564715,"href":"https:\/\/funzine.hu\/en\/wp-json\/wp\/v2\/posts\/564695\/revisions\/564715"}],"wp:featuredmedia":[{"embeddable":true,"href":"https:\/\/funzine.hu\/en\/wp-json\/wp\/v2\/media\/564706"}],"wp:attachment":[{"href":"https:\/\/funzine.hu\/en\/wp-json\/wp\/v2\/media?parent=564695"}],"wp:term":[{"taxonomy":"category","embeddable":true,"href":"https:\/\/funzine.hu\/en\/wp-json\/wp\/v2\/categories?post=564695"},{"taxonomy":"post_tag","embeddable":true,"href":"https:\/\/funzine.hu\/en\/wp-json\/wp\/v2\/tags?post=564695"},{"taxonomy":"post_places","embeddable":true,"href":"https:\/\/funzine.hu\/en\/wp-json\/wp\/v2\/post_places?post=564695"}],"curies":[{"name":"wp","href":"https:\/\/api.w.org\/{rel}","templated":true}]}}