{"id":564343,"date":"2024-06-15T05:45:03","date_gmt":"2024-06-15T03:45:03","guid":{"rendered":"https:\/\/funzine.hu\/?p=564343"},"modified":"2024-06-14T10:57:00","modified_gmt":"2024-06-14T08:57:00","slug":"budapests-secret-gardens-you-will-love-this-summer","status":"publish","type":"post","link":"https:\/\/funzine.hu\/en\/2024\/06\/15\/goodapest-en-2\/budapests-secret-gardens-you-will-love-this-summer\/","title":{"rendered":"Budapest\u2019s Secret Gardens You Will Love This Summer"},"content":{"rendered":"<p><strong>From secret gardens to whimsical oases, we\u2019ve curated a list of the city\u2019s most enchanting outdoor spots. Whether you\u2019re a burger lover, a sports aficionado, or a sucker for Mexican delights, these hidden gems have something for everyone.<\/strong><\/p>\n<h3><strong>Este11<\/strong><\/h3>\n<p>Explore the secret oasis of Este11 by the shores of Feneketlen Lake and make your summer nights unforgettable under the majestic chestnut trees! Indulge in heavenly bites, sizzling potatoes, a plethora of burger creations, special cocktails, and a diverse range of local and international wines. Just a jump from Vill\u00e1nyi Street, this outdoor hangout is buzzing with top-notch live music gigs, DJ sets, and cultural happenings all season long. Get yourself comfortable under the chestnut trees for endless laughs, family toasts, or dance your heart out at one of the concerts. Let&#8217;s make this summer one for the books!<\/p>\n<p>1113 Budapest, Vill\u00e1nyi \u00fat 14. | <a href=\"https:\/\/este11.hu\/\" target=\"_blank\" rel=\"noopener\"><strong>Website<\/strong><\/a><\/p>\n<figure id=\"attachment_564344\" aria-describedby=\"caption-attachment-564344\" style=\"width: 850px\" class=\"wp-caption aligncenter\"><img decoding=\"async\" class=\"size-funzine-large wp-image-564344\" src=\"https:\/\/funzine.hu\/wp-content\/uploads\/2024\/06\/KEPCSERE-Foto-Este11-850x1275.jpg\" alt=\"\" width=\"850\" height=\"1275\" srcset=\"https:\/\/funzine.hu\/wp-content\/uploads\/2024\/06\/KEPCSERE-Foto-Este11-850x1275.jpg 850w, https:\/\/funzine.hu\/wp-content\/uploads\/2024\/06\/KEPCSERE-Foto-Este11-200x300.jpg 200w, https:\/\/funzine.hu\/wp-content\/uploads\/2024\/06\/KEPCSERE-Foto-Este11-683x1024.jpg 683w, https:\/\/funzine.hu\/wp-content\/uploads\/2024\/06\/KEPCSERE-Foto-Este11-768x1152.jpg 768w, https:\/\/funzine.hu\/wp-content\/uploads\/2024\/06\/KEPCSERE-Foto-Este11-1024x1536.jpg 1024w, https:\/\/funzine.hu\/wp-content\/uploads\/2024\/06\/KEPCSERE-Foto-Este11.jpg 1067w\" sizes=\"(max-width: 850px) 100vw, 850px\" \/><figcaption id=\"caption-attachment-564344\" class=\"wp-caption-text\">Photo: Este11<\/figcaption><\/figure>\n<h3><strong>Tereza<\/strong><\/h3>\n<p>Right in the heart of downtown, you\u2019ll stumble upon the irresistible Mexican urban oasis \u2013 a must-visit gem on Budapest\u2019s culinary map. Tereza, just a hop, skip, and a jump from Oktogon, beckons with the genuine flavours of regional Mexican cuisine. Picture this: after savoring mouthwatering dishes, you\u2019re torn between diving into their wide selection of mezcal and margaritas at one of the bohemian garden tables or soaking up the vibrant vibes inside. And guess what? The summer spirit comes alive on their terrace, complete with a show kitchen, colorful garlands, and twinkling fairy lights.<\/p>\n<p>1065 Budapest, Nagymez\u0151 utca 3. | <a href=\"https:\/\/tereza.hu\/en\" target=\"_blank\" rel=\"noopener\"><strong>Website<\/strong><\/a><\/p>\n<figure id=\"attachment_564347\" aria-describedby=\"caption-attachment-564347\" style=\"width: 850px\" class=\"wp-caption aligncenter\"><img decoding=\"async\" class=\"size-funzine-large wp-image-564347\" src=\"https:\/\/funzine.hu\/wp-content\/uploads\/2024\/06\/terasz-DSC6199-mod-1-pers-850x567.jpg\" alt=\"\" width=\"850\" height=\"567\" srcset=\"https:\/\/funzine.hu\/wp-content\/uploads\/2024\/06\/terasz-DSC6199-mod-1-pers-850x567.jpg 850w, https:\/\/funzine.hu\/wp-content\/uploads\/2024\/06\/terasz-DSC6199-mod-1-pers-300x200.jpg 300w, https:\/\/funzine.hu\/wp-content\/uploads\/2024\/06\/terasz-DSC6199-mod-1-pers-1024x683.jpg 1024w, https:\/\/funzine.hu\/wp-content\/uploads\/2024\/06\/terasz-DSC6199-mod-1-pers-768x512.jpg 768w, https:\/\/funzine.hu\/wp-content\/uploads\/2024\/06\/terasz-DSC6199-mod-1-pers-1536x1024.jpg 1536w, https:\/\/funzine.hu\/wp-content\/uploads\/2024\/06\/terasz-DSC6199-mod-1-pers-360x240.jpg 360w, https:\/\/funzine.hu\/wp-content\/uploads\/2024\/06\/terasz-DSC6199-mod-1-pers.jpg 1800w\" sizes=\"(max-width: 850px) 100vw, 850px\" \/><figcaption id=\"caption-attachment-564347\" class=\"wp-caption-text\">Photo: A great shot of<\/figcaption><\/figure>\n<h3><strong>aMajomhoz<\/strong><\/h3>\n<p>In late April, Buda&#8217;s secret garden, aMajomhoz, swung open its gates, unveiling a great deal of exciting surprises for the new season. Get ready for a visual makeover that&#8217;ll have you glued to the DJ booth&#8217;s backdrop! And as if that&#8217;s not enough, the food and drink offerings have levelled up with the addition of Rebel Burger &amp; More&#8217;s mouthwatering Mexican delights. What\u2019s more, alongside the usual live music parties and dog-friendly events, cultural and literary happenings spice things up this year. Plus, they\u2019ve planted a cozy bookshelf in the lush greenery, where you can trade in your old reads for something fresh and exciting.<\/p>\n<p>1122 Budapest, Maros utca 56. | <a href=\"https:\/\/amajomhoz.hu\/en\/\" target=\"_blank\" rel=\"noopener\"><strong>Website<\/strong><\/a><\/p>\n<figure id=\"attachment_564353\" aria-describedby=\"caption-attachment-564353\" style=\"width: 850px\" class=\"wp-caption aligncenter\"><img decoding=\"async\" class=\"size-funzine-large wp-image-564353\" src=\"https:\/\/funzine.hu\/wp-content\/uploads\/2024\/06\/61857-20230727-20.15-ATTILA-GUNDUZ-24-mm-850x566.jpg\" alt=\"\" width=\"850\" height=\"566\" srcset=\"https:\/\/funzine.hu\/wp-content\/uploads\/2024\/06\/61857-20230727-20.15-ATTILA-GUNDUZ-24-mm-850x566.jpg 850w, https:\/\/funzine.hu\/wp-content\/uploads\/2024\/06\/61857-20230727-20.15-ATTILA-GUNDUZ-24-mm-300x200.jpg 300w, https:\/\/funzine.hu\/wp-content\/uploads\/2024\/06\/61857-20230727-20.15-ATTILA-GUNDUZ-24-mm-1024x682.jpg 1024w, https:\/\/funzine.hu\/wp-content\/uploads\/2024\/06\/61857-20230727-20.15-ATTILA-GUNDUZ-24-mm-768x512.jpg 768w, https:\/\/funzine.hu\/wp-content\/uploads\/2024\/06\/61857-20230727-20.15-ATTILA-GUNDUZ-24-mm-1536x1023.jpg 1536w, https:\/\/funzine.hu\/wp-content\/uploads\/2024\/06\/61857-20230727-20.15-ATTILA-GUNDUZ-24-mm-360x240.jpg 360w, https:\/\/funzine.hu\/wp-content\/uploads\/2024\/06\/61857-20230727-20.15-ATTILA-GUNDUZ-24-mm.jpg 2048w\" sizes=\"(max-width: 850px) 100vw, 850px\" \/><figcaption id=\"caption-attachment-564353\" class=\"wp-caption-text\">Photo: Attila Gunduz<\/figcaption><\/figure>\n<h3><strong>Budapest Garden<\/strong><\/h3>\n<p>Located in the heart of \u00d3buda, Budapest Garden is a vibrant community space known for its wide range of leisure activities. Situated along the Danube riverside, it offers opportunities for volleyball, table tennis, skateboarding, outdoor cooking, and enjoying delicious food and drinks in a charming setting. The garden features three food stalls where you can savour traditional Hungarian treats like l\u00e1ngos and doughnuts, or indulge in delicious fried cheese sandwiches and hamburgers. Just like in previous years, Budapest Garden hosts a free outdoor cinema all summer long, inviting you to enjoy movies under the stars.<\/p>\n<p>1036 Budapest, \u00c1rp\u00e1d fejedelem \u00fatja 125. | <a href=\"https:\/\/budapestgarden.com\/en\" target=\"_blank\" rel=\"noopener\"><strong>Website<\/strong><\/a><\/p>\n<figure id=\"attachment_564359\" aria-describedby=\"caption-attachment-564359\" style=\"width: 850px\" class=\"wp-caption aligncenter\"><img decoding=\"async\" class=\"size-funzine-large wp-image-564359\" src=\"https:\/\/funzine.hu\/wp-content\/uploads\/2024\/06\/DSC1304-mod-850x567.jpg\" alt=\"\" width=\"850\" height=\"567\" srcset=\"https:\/\/funzine.hu\/wp-content\/uploads\/2024\/06\/DSC1304-mod-850x567.jpg 850w, https:\/\/funzine.hu\/wp-content\/uploads\/2024\/06\/DSC1304-mod-300x200.jpg 300w, https:\/\/funzine.hu\/wp-content\/uploads\/2024\/06\/DSC1304-mod-1024x683.jpg 1024w, https:\/\/funzine.hu\/wp-content\/uploads\/2024\/06\/DSC1304-mod-768x512.jpg 768w, https:\/\/funzine.hu\/wp-content\/uploads\/2024\/06\/DSC1304-mod-1536x1024.jpg 1536w, https:\/\/funzine.hu\/wp-content\/uploads\/2024\/06\/DSC1304-mod-360x240.jpg 360w, https:\/\/funzine.hu\/wp-content\/uploads\/2024\/06\/DSC1304-mod.jpg 1800w\" sizes=\"(max-width: 850px) 100vw, 850px\" \/><figcaption id=\"caption-attachment-564359\" class=\"wp-caption-text\">Photo: A great shot of<\/figcaption><\/figure>\n<h3><strong>Bereg Embassy Bar &amp; Cafe<\/strong><\/h3>\n<p>Just a stone&#8217;s throw from Sz\u00e9na Square, tucked away in the peaceful inner garden of Hatty\u00fah\u00e1z, Bereg Embassy Bar &amp; Cafe offers a cozy spot for relaxation and unwinding. Whether you&#8217;re in the mood for an afternoon coffee, a refreshing homemade lemonade, or the perfect craft beer to wind down your evening, your time at Bereg will be exceptional. All you need to do is enjoy the ambiance under the leafy canopy, with the sounds of birds chirping, illuminated by evening lights. Pair this with a great burger, a plate of traditional Bereg goulash, or a light grilled goat cheese, and you have a truly delightful experience.<\/p>\n<p>1015 Budapest, Batthy\u00e1ny u. 49\/b | <a href=\"https:\/\/www.facebook.com\/beregembassy\" target=\"_blank\" rel=\"noopener\"><strong>Facebook<\/strong><\/a><\/p>\n<figure id=\"attachment_564356\" aria-describedby=\"caption-attachment-564356\" style=\"width: 850px\" class=\"wp-caption aligncenter\"><img decoding=\"async\" class=\"size-funzine-large wp-image-564356\" src=\"https:\/\/funzine.hu\/wp-content\/uploads\/2024\/06\/Foto-Bereg-Embassy-Bar-Cafe-850x568.jpg\" alt=\"\" width=\"850\" height=\"568\" srcset=\"https:\/\/funzine.hu\/wp-content\/uploads\/2024\/06\/Foto-Bereg-Embassy-Bar-Cafe-850x568.jpg 850w, https:\/\/funzine.hu\/wp-content\/uploads\/2024\/06\/Foto-Bereg-Embassy-Bar-Cafe-300x200.jpg 300w, https:\/\/funzine.hu\/wp-content\/uploads\/2024\/06\/Foto-Bereg-Embassy-Bar-Cafe-768x513.jpg 768w, https:\/\/funzine.hu\/wp-content\/uploads\/2024\/06\/Foto-Bereg-Embassy-Bar-Cafe-360x240.jpg 360w, https:\/\/funzine.hu\/wp-content\/uploads\/2024\/06\/Foto-Bereg-Embassy-Bar-Cafe.jpg 1024w\" sizes=\"(max-width: 850px) 100vw, 850px\" \/><figcaption id=\"caption-attachment-564356\" class=\"wp-caption-text\">Photo: Bereg Embassy Bar &amp; Cafe<\/figcaption><\/figure>\n<h3>Check out Budapest&#8217;s Most Enchanting Green Areas:<\/h3>\n<div class=\" content_cards_card content_cards_domain_funzine-hu\">\n\t\t\t<div class=\"content_cards_image\">\n\t\t\t\t<a class=\"content_cards_image_link\" href=\"https:\/\/funzine.hu\/en\/2024\/06\/05\/goodapest-en-2\/6-fabulous-parks-to-explore-this-summer\/\" target=\"_blank\">\n\t\t\t\t\t<img decoding=\"async\" src=\"https:\/\/funzine.hu\/wp-content\/uploads\/2024\/06\/2022.10.18-Budapest-II-Millenaris-Szellkapu-Park-osz-DSC4545.jpg\" alt=\"6 Fabulous Parks to Explore This Summer\">\t\t\t\t<\/a>\n\t\t<\/div>\n\t\n\t<div class=\"content_cards_title\">\n\t\t<a class=\"content_cards_title_link\" href=\"https:\/\/funzine.hu\/en\/2024\/06\/05\/goodapest-en-2\/6-fabulous-parks-to-explore-this-summer\/\" target=\"_blank\">\n\t\t\t6 Fabulous Parks to Explore This Summer\t\t<\/a>\n\t<\/div>\n\t<div class=\"content_cards_description\">\n\t\t<a class=\"content_cards_description_link\" href=\"https:\/\/funzine.hu\/en\/2024\/06\/05\/goodapest-en-2\/6-fabulous-parks-to-explore-this-summer\/\" target=\"_blank\">\n\t\t\t<p>Let's head outside and enjoy the beautiful parks, sights and gastro spots the city has to offer!<\/p>\n\t\t<\/a>\n\t<\/div>\n\t<div class=\"content_cards_site_name\">\n\t\t<img decoding=\"async\" src=\"https:\/\/funzine.hu\/wp-content\/uploads\/2017\/09\/cropped-FUNZINE_Facebook_Profil_Logo_01-1-32x32.jpg\" alt=\"Funzine\" class=\"content_cards_favicon\"\/>\t\tFunzine\t<\/div>\n<\/div>\n","protected":false},"excerpt":{"rendered":"<p>From hidden gardens to whimsical oases, we\u2019ve curated a list of the city\u2019s coolest outdoor spots.<\/p>\n","protected":false},"author":106,"featured_media":564347,"comment_status":"closed","ping_status":"closed","sticky":false,"template":"","format":"standard","meta":{"_acf_changed":false,"wprm-recipe-roundup-name":"","wprm-recipe-roundup-description":"","ngg_post_thumbnail":0,"footnotes":""},"categories":[1388],"tags":[394,10790,12017,10742],"post_places":[],"class_list":["post-564343","post","type-post","status-publish","format-standard","has-post-thumbnail","hentry","category-goodapest-en-2","tag-budapest-en","tag-garden","tag-summer-en","tag-terrace"],"acf":{"connected_places":"","del_image":""},"yoast_head":"<!-- This site is optimized with the Yoast SEO plugin v27.2 - https:\/\/yoast.com\/product\/yoast-seo-wordpress\/ -->\n<title>Budapest\u2019s Secret Gardens You Will Love This Summer<\/title>\n<meta name=\"robots\" content=\"index, follow, max-snippet:-1, max-image-preview:large, max-video-preview:-1\" \/>\n<link rel=\"canonical\" href=\"https:\/\/funzine.hu\/en\/2024\/06\/15\/goodapest-en-2\/budapests-secret-gardens-you-will-love-this-summer\/\" \/>\n<meta property=\"og:locale\" content=\"en_US\" \/>\n<meta property=\"og:type\" content=\"article\" \/>\n<meta property=\"og:title\" content=\"Budapest\u2019s Secret Gardens You Will Love This Summer\" \/>\n<meta property=\"og:description\" content=\"From hidden gardens to whimsical oases, we\u2019ve curated a list of the city\u2019s coolest outdoor spots.\" \/>\n<meta property=\"og:url\" content=\"https:\/\/funzine.hu\/en\/2024\/06\/15\/goodapest-en-2\/budapests-secret-gardens-you-will-love-this-summer\/\" \/>\n<meta property=\"og:site_name\" content=\"Funzine\" \/>\n<meta property=\"article:publisher\" content=\"https:\/\/www.facebook.com\/funzine\/\" \/>\n<meta property=\"article:published_time\" content=\"2024-06-15T03:45:03+00:00\" \/>\n<meta property=\"og:image\" content=\"https:\/\/funzine.hu\/wp-content\/uploads\/2024\/06\/terasz-DSC6199-mod-1-pers-1024x683.jpg\" \/>\n\t<meta property=\"og:image:width\" content=\"1024\" \/>\n\t<meta property=\"og:image:height\" content=\"683\" \/>\n\t<meta property=\"og:image:type\" content=\"image\/jpeg\" \/>\n<meta name=\"author\" content=\"Gyenis-Sutus Dolli\" \/>\n<meta name=\"twitter:card\" content=\"summary_large_image\" \/>\n<meta name=\"twitter:creator\" content=\"@funzine\" \/>\n<meta name=\"twitter:site\" content=\"@funzine\" \/>\n<meta name=\"twitter:label1\" content=\"Written by\" \/>\n\t<meta name=\"twitter:data1\" content=\"Gyenis-Sutus Dolli\" \/>\n\t<meta name=\"twitter:label2\" content=\"Est. reading time\" \/>\n\t<meta name=\"twitter:data2\" content=\"5 minutes\" \/>\n<script type=\"application\/ld+json\" class=\"yoast-schema-graph\">{\"@context\":\"https:\/\/schema.org\",\"@graph\":[{\"@type\":\"NewsArticle\",\"@id\":\"https:\/\/funzine.hu\/en\/2024\/06\/15\/goodapest-en-2\/budapests-secret-gardens-you-will-love-this-summer\/#article\",\"isPartOf\":{\"@id\":\"https:\/\/funzine.hu\/en\/2024\/06\/15\/goodapest-en-2\/budapests-secret-gardens-you-will-love-this-summer\/\"},\"author\":{\"name\":\"Gyenis-Sutus Dolli\",\"@id\":\"https:\/\/funzine.hu\/#\/schema\/person\/04926d26ca5f08149128409cb81a9462\"},\"headline\":\"Budapest\u2019s Secret Gardens You Will Love This Summer\",\"datePublished\":\"2024-06-15T03:45:03+00:00\",\"mainEntityOfPage\":{\"@id\":\"https:\/\/funzine.hu\/en\/2024\/06\/15\/goodapest-en-2\/budapests-secret-gardens-you-will-love-this-summer\/\"},\"wordCount\":677,\"image\":{\"@id\":\"https:\/\/funzine.hu\/en\/2024\/06\/15\/goodapest-en-2\/budapests-secret-gardens-you-will-love-this-summer\/#primaryimage\"},\"thumbnailUrl\":\"https:\/\/funzine.hu\/wp-content\/uploads\/2024\/06\/terasz-DSC6199-mod-1-pers.jpg\",\"keywords\":[\"budapest\",\"garden\",\"summer\",\"terrace\"],\"articleSection\":[\"Goodapest\"],\"inLanguage\":\"en-US\"},{\"@type\":\"WebPage\",\"@id\":\"https:\/\/funzine.hu\/en\/2024\/06\/15\/goodapest-en-2\/budapests-secret-gardens-you-will-love-this-summer\/\",\"url\":\"https:\/\/funzine.hu\/en\/2024\/06\/15\/goodapest-en-2\/budapests-secret-gardens-you-will-love-this-summer\/\",\"name\":\"Budapest\u2019s Secret Gardens You Will Love This Summer\",\"isPartOf\":{\"@id\":\"https:\/\/funzine.hu\/#website\"},\"primaryImageOfPage\":{\"@id\":\"https:\/\/funzine.hu\/en\/2024\/06\/15\/goodapest-en-2\/budapests-secret-gardens-you-will-love-this-summer\/#primaryimage\"},\"image\":{\"@id\":\"https:\/\/funzine.hu\/en\/2024\/06\/15\/goodapest-en-2\/budapests-secret-gardens-you-will-love-this-summer\/#primaryimage\"},\"thumbnailUrl\":\"https:\/\/funzine.hu\/wp-content\/uploads\/2024\/06\/terasz-DSC6199-mod-1-pers.jpg\",\"datePublished\":\"2024-06-15T03:45:03+00:00\",\"author\":{\"@id\":\"https:\/\/funzine.hu\/#\/schema\/person\/04926d26ca5f08149128409cb81a9462\"},\"breadcrumb\":{\"@id\":\"https:\/\/funzine.hu\/en\/2024\/06\/15\/goodapest-en-2\/budapests-secret-gardens-you-will-love-this-summer\/#breadcrumb\"},\"inLanguage\":\"en-US\",\"potentialAction\":[{\"@type\":\"ReadAction\",\"target\":[\"https:\/\/funzine.hu\/en\/2024\/06\/15\/goodapest-en-2\/budapests-secret-gardens-you-will-love-this-summer\/\"]}]},{\"@type\":\"ImageObject\",\"inLanguage\":\"en-US\",\"@id\":\"https:\/\/funzine.hu\/en\/2024\/06\/15\/goodapest-en-2\/budapests-secret-gardens-you-will-love-this-summer\/#primaryimage\",\"url\":\"https:\/\/funzine.hu\/wp-content\/uploads\/2024\/06\/terasz-DSC6199-mod-1-pers.jpg\",\"contentUrl\":\"https:\/\/funzine.hu\/wp-content\/uploads\/2024\/06\/terasz-DSC6199-mod-1-pers.jpg\",\"width\":1800,\"height\":1200,\"caption\":\"Photo: A great shot of\"},{\"@type\":\"BreadcrumbList\",\"@id\":\"https:\/\/funzine.hu\/en\/2024\/06\/15\/goodapest-en-2\/budapests-secret-gardens-you-will-love-this-summer\/#breadcrumb\",\"itemListElement\":[{\"@type\":\"ListItem\",\"position\":1,\"name\":\"Home\",\"item\":\"https:\/\/funzine.hu\/en\/\"},{\"@type\":\"ListItem\",\"position\":2,\"name\":\"Budapest\u2019s Secret Gardens You Will Love This Summer\"}]},{\"@type\":\"WebSite\",\"@id\":\"https:\/\/funzine.hu\/#website\",\"url\":\"https:\/\/funzine.hu\/\",\"name\":\"Funzine\",\"description\":\"\",\"potentialAction\":[{\"@type\":\"SearchAction\",\"target\":{\"@type\":\"EntryPoint\",\"urlTemplate\":\"https:\/\/funzine.hu\/?s={search_term_string}\"},\"query-input\":{\"@type\":\"PropertyValueSpecification\",\"valueRequired\":true,\"valueName\":\"search_term_string\"}}],\"inLanguage\":\"en-US\"},{\"@type\":\"Person\",\"@id\":\"https:\/\/funzine.hu\/#\/schema\/person\/04926d26ca5f08149128409cb81a9462\",\"name\":\"Gyenis-Sutus Dolli\",\"image\":{\"@type\":\"ImageObject\",\"inLanguage\":\"en-US\",\"@id\":\"https:\/\/secure.gravatar.com\/avatar\/1512b592524a251efa69b9642c67fb12cff1783cc34643e337dc080865e1efbc?s=96&d=mm&r=g\",\"url\":\"https:\/\/secure.gravatar.com\/avatar\/1512b592524a251efa69b9642c67fb12cff1783cc34643e337dc080865e1efbc?s=96&d=mm&r=g\",\"contentUrl\":\"https:\/\/secure.gravatar.com\/avatar\/1512b592524a251efa69b9642c67fb12cff1783cc34643e337dc080865e1efbc?s=96&d=mm&r=g\",\"caption\":\"Gyenis-Sutus Dolli\"},\"url\":\"https:\/\/funzine.hu\/en\/author\/dollisutus\/\"}]}<\/script>\n<!-- \/ Yoast SEO plugin. -->","yoast_head_json":{"title":"Budapest\u2019s Secret Gardens You Will Love This Summer","robots":{"index":"index","follow":"follow","max-snippet":"max-snippet:-1","max-image-preview":"max-image-preview:large","max-video-preview":"max-video-preview:-1"},"canonical":"https:\/\/funzine.hu\/en\/2024\/06\/15\/goodapest-en-2\/budapests-secret-gardens-you-will-love-this-summer\/","og_locale":"en_US","og_type":"article","og_title":"Budapest\u2019s Secret Gardens You Will Love This Summer","og_description":"From hidden gardens to whimsical oases, we\u2019ve curated a list of the city\u2019s coolest outdoor spots.","og_url":"https:\/\/funzine.hu\/en\/2024\/06\/15\/goodapest-en-2\/budapests-secret-gardens-you-will-love-this-summer\/","og_site_name":"Funzine","article_publisher":"https:\/\/www.facebook.com\/funzine\/","article_published_time":"2024-06-15T03:45:03+00:00","og_image":[{"width":1024,"height":683,"url":"https:\/\/funzine.hu\/wp-content\/uploads\/2024\/06\/terasz-DSC6199-mod-1-pers-1024x683.jpg","type":"image\/jpeg"}],"author":"Gyenis-Sutus Dolli","twitter_card":"summary_large_image","twitter_creator":"@funzine","twitter_site":"@funzine","twitter_misc":{"Written by":"Gyenis-Sutus Dolli","Est. reading time":"5 minutes"},"schema":{"@context":"https:\/\/schema.org","@graph":[{"@type":"NewsArticle","@id":"https:\/\/funzine.hu\/en\/2024\/06\/15\/goodapest-en-2\/budapests-secret-gardens-you-will-love-this-summer\/#article","isPartOf":{"@id":"https:\/\/funzine.hu\/en\/2024\/06\/15\/goodapest-en-2\/budapests-secret-gardens-you-will-love-this-summer\/"},"author":{"name":"Gyenis-Sutus Dolli","@id":"https:\/\/funzine.hu\/#\/schema\/person\/04926d26ca5f08149128409cb81a9462"},"headline":"Budapest\u2019s Secret Gardens You Will Love This Summer","datePublished":"2024-06-15T03:45:03+00:00","mainEntityOfPage":{"@id":"https:\/\/funzine.hu\/en\/2024\/06\/15\/goodapest-en-2\/budapests-secret-gardens-you-will-love-this-summer\/"},"wordCount":677,"image":{"@id":"https:\/\/funzine.hu\/en\/2024\/06\/15\/goodapest-en-2\/budapests-secret-gardens-you-will-love-this-summer\/#primaryimage"},"thumbnailUrl":"https:\/\/funzine.hu\/wp-content\/uploads\/2024\/06\/terasz-DSC6199-mod-1-pers.jpg","keywords":["budapest","garden","summer","terrace"],"articleSection":["Goodapest"],"inLanguage":"en-US"},{"@type":"WebPage","@id":"https:\/\/funzine.hu\/en\/2024\/06\/15\/goodapest-en-2\/budapests-secret-gardens-you-will-love-this-summer\/","url":"https:\/\/funzine.hu\/en\/2024\/06\/15\/goodapest-en-2\/budapests-secret-gardens-you-will-love-this-summer\/","name":"Budapest\u2019s Secret Gardens You Will Love This Summer","isPartOf":{"@id":"https:\/\/funzine.hu\/#website"},"primaryImageOfPage":{"@id":"https:\/\/funzine.hu\/en\/2024\/06\/15\/goodapest-en-2\/budapests-secret-gardens-you-will-love-this-summer\/#primaryimage"},"image":{"@id":"https:\/\/funzine.hu\/en\/2024\/06\/15\/goodapest-en-2\/budapests-secret-gardens-you-will-love-this-summer\/#primaryimage"},"thumbnailUrl":"https:\/\/funzine.hu\/wp-content\/uploads\/2024\/06\/terasz-DSC6199-mod-1-pers.jpg","datePublished":"2024-06-15T03:45:03+00:00","author":{"@id":"https:\/\/funzine.hu\/#\/schema\/person\/04926d26ca5f08149128409cb81a9462"},"breadcrumb":{"@id":"https:\/\/funzine.hu\/en\/2024\/06\/15\/goodapest-en-2\/budapests-secret-gardens-you-will-love-this-summer\/#breadcrumb"},"inLanguage":"en-US","potentialAction":[{"@type":"ReadAction","target":["https:\/\/funzine.hu\/en\/2024\/06\/15\/goodapest-en-2\/budapests-secret-gardens-you-will-love-this-summer\/"]}]},{"@type":"ImageObject","inLanguage":"en-US","@id":"https:\/\/funzine.hu\/en\/2024\/06\/15\/goodapest-en-2\/budapests-secret-gardens-you-will-love-this-summer\/#primaryimage","url":"https:\/\/funzine.hu\/wp-content\/uploads\/2024\/06\/terasz-DSC6199-mod-1-pers.jpg","contentUrl":"https:\/\/funzine.hu\/wp-content\/uploads\/2024\/06\/terasz-DSC6199-mod-1-pers.jpg","width":1800,"height":1200,"caption":"Photo: A great shot of"},{"@type":"BreadcrumbList","@id":"https:\/\/funzine.hu\/en\/2024\/06\/15\/goodapest-en-2\/budapests-secret-gardens-you-will-love-this-summer\/#breadcrumb","itemListElement":[{"@type":"ListItem","position":1,"name":"Home","item":"https:\/\/funzine.hu\/en\/"},{"@type":"ListItem","position":2,"name":"Budapest\u2019s Secret Gardens You Will Love This Summer"}]},{"@type":"WebSite","@id":"https:\/\/funzine.hu\/#website","url":"https:\/\/funzine.hu\/","name":"Funzine","description":"","potentialAction":[{"@type":"SearchAction","target":{"@type":"EntryPoint","urlTemplate":"https:\/\/funzine.hu\/?s={search_term_string}"},"query-input":{"@type":"PropertyValueSpecification","valueRequired":true,"valueName":"search_term_string"}}],"inLanguage":"en-US"},{"@type":"Person","@id":"https:\/\/funzine.hu\/#\/schema\/person\/04926d26ca5f08149128409cb81a9462","name":"Gyenis-Sutus Dolli","image":{"@type":"ImageObject","inLanguage":"en-US","@id":"https:\/\/secure.gravatar.com\/avatar\/1512b592524a251efa69b9642c67fb12cff1783cc34643e337dc080865e1efbc?s=96&d=mm&r=g","url":"https:\/\/secure.gravatar.com\/avatar\/1512b592524a251efa69b9642c67fb12cff1783cc34643e337dc080865e1efbc?s=96&d=mm&r=g","contentUrl":"https:\/\/secure.gravatar.com\/avatar\/1512b592524a251efa69b9642c67fb12cff1783cc34643e337dc080865e1efbc?s=96&d=mm&r=g","caption":"Gyenis-Sutus Dolli"},"url":"https:\/\/funzine.hu\/en\/author\/dollisutus\/"}]}},"amp_enabled":true,"_links":{"self":[{"href":"https:\/\/funzine.hu\/en\/wp-json\/wp\/v2\/posts\/564343","targetHints":{"allow":["GET"]}}],"collection":[{"href":"https:\/\/funzine.hu\/en\/wp-json\/wp\/v2\/posts"}],"about":[{"href":"https:\/\/funzine.hu\/en\/wp-json\/wp\/v2\/types\/post"}],"author":[{"embeddable":true,"href":"https:\/\/funzine.hu\/en\/wp-json\/wp\/v2\/users\/106"}],"replies":[{"embeddable":true,"href":"https:\/\/funzine.hu\/en\/wp-json\/wp\/v2\/comments?post=564343"}],"version-history":[{"count":1,"href":"https:\/\/funzine.hu\/en\/wp-json\/wp\/v2\/posts\/564343\/revisions"}],"predecessor-version":[{"id":564363,"href":"https:\/\/funzine.hu\/en\/wp-json\/wp\/v2\/posts\/564343\/revisions\/564363"}],"wp:featuredmedia":[{"embeddable":true,"href":"https:\/\/funzine.hu\/en\/wp-json\/wp\/v2\/media\/564347"}],"wp:attachment":[{"href":"https:\/\/funzine.hu\/en\/wp-json\/wp\/v2\/media?parent=564343"}],"wp:term":[{"taxonomy":"category","embeddable":true,"href":"https:\/\/funzine.hu\/en\/wp-json\/wp\/v2\/categories?post=564343"},{"taxonomy":"post_tag","embeddable":true,"href":"https:\/\/funzine.hu\/en\/wp-json\/wp\/v2\/tags?post=564343"},{"taxonomy":"post_places","embeddable":true,"href":"https:\/\/funzine.hu\/en\/wp-json\/wp\/v2\/post_places?post=564343"}],"curies":[{"name":"wp","href":"https:\/\/api.w.org\/{rel}","templated":true}]}}