{"id":558767,"date":"2024-05-17T06:28:15","date_gmt":"2024-05-17T04:28:15","guid":{"rendered":"https:\/\/funzine.hu\/?p=558767"},"modified":"2024-05-11T14:10:12","modified_gmt":"2024-05-11T12:10:12","slug":"early-summer-events-in-budapest","status":"publish","type":"post","link":"https:\/\/funzine.hu\/en\/2024\/05\/17\/goodapest-en-2\/early-summer-events-in-budapest\/","title":{"rendered":"Early Summer Events in Budapest"},"content":{"rendered":"<p><strong>It&#8217;s impossible to get bored in Budapest. Check out what incredible pre-summer events the city has in store for you.<\/strong><\/p>\n<h3>Danube Carnival<\/h3>\n<p>Immerse yourself in the electrifying energy of Danube Carnival, lighting up the city between 7-14 June. Picture this: vibrant folk melodies echoing through the streets, traditional dance performances captivating audiences in every corner&#8230; And a kaleidoscope of colours painting the cityscape. As you explore the festivities, you&#8217;ll not only witness Hungary&#8217;s rich folk music and dance heritage but also discover a melting pot of global folk dance traditions.<\/p>\n<p><a href=\"http:\/\/dunakarneval.hu\/en\" target=\"_blank\" rel=\"noopener\"><strong>Website<\/strong><\/a><\/p>\n<figure id=\"attachment_558768\" aria-describedby=\"caption-attachment-558768\" style=\"width: 850px\" class=\"wp-caption aligncenter\"><img decoding=\"async\" class=\"size-funzine-large wp-image-558768\" src=\"https:\/\/funzine.hu\/wp-content\/uploads\/2024\/05\/KEPCSERE-Foto-Duna-karneval2-e1715427424929-850x567.jpg\" alt=\"Duna karnev\u00e1l\" width=\"850\" height=\"567\" srcset=\"https:\/\/funzine.hu\/wp-content\/uploads\/2024\/05\/KEPCSERE-Foto-Duna-karneval2-e1715427424929-850x567.jpg 850w, https:\/\/funzine.hu\/wp-content\/uploads\/2024\/05\/KEPCSERE-Foto-Duna-karneval2-e1715427424929-300x200.jpg 300w, https:\/\/funzine.hu\/wp-content\/uploads\/2024\/05\/KEPCSERE-Foto-Duna-karneval2-e1715427424929-1024x683.jpg 1024w, https:\/\/funzine.hu\/wp-content\/uploads\/2024\/05\/KEPCSERE-Foto-Duna-karneval2-e1715427424929-768x512.jpg 768w, https:\/\/funzine.hu\/wp-content\/uploads\/2024\/05\/KEPCSERE-Foto-Duna-karneval2-e1715427424929-360x240.jpg 360w, https:\/\/funzine.hu\/wp-content\/uploads\/2024\/05\/KEPCSERE-Foto-Duna-karneval2-e1715427424929.jpg 1200w\" sizes=\"(max-width: 850px) 100vw, 850px\" \/><figcaption id=\"caption-attachment-558768\" class=\"wp-caption-text\">Photo: Duna karnev\u00e1l<\/figcaption><\/figure>\n<h3>Rosalia Wine Festival<\/h3>\n<p>The city\u2019s biggest green space, the City Park&#8217;s annual summer kick-off garden party has become a tradition, famous for its stunning selection of wines and incredible atmosphere. Happening from 31 May to 2 June, this event is a dream come true for ros\u00e9 and bubble lovers, from kids to grown-ups, and even for your furry friends. As always, there&#8217;s also the opportunity for a picnic, which adds an extra flair to the culinary delights.<\/p>\n<p><a href=\"http:\/\/rosalia.hu\/en\" target=\"_blank\" rel=\"noopener\"><strong>Website<\/strong><\/a><\/p>\n<figure id=\"attachment_558771\" aria-describedby=\"caption-attachment-558771\" style=\"width: 850px\" class=\"wp-caption aligncenter\"><img decoding=\"async\" class=\"size-funzine-large wp-image-558771\" src=\"https:\/\/funzine.hu\/wp-content\/uploads\/2024\/05\/Foto-Rosalia-Borpiknik-e1715427567762-850x531.jpg\" alt=\"Rosalia Borpiknik\" width=\"850\" height=\"531\" srcset=\"https:\/\/funzine.hu\/wp-content\/uploads\/2024\/05\/Foto-Rosalia-Borpiknik-e1715427567762-850x531.jpg 850w, https:\/\/funzine.hu\/wp-content\/uploads\/2024\/05\/Foto-Rosalia-Borpiknik-e1715427567762-300x187.jpg 300w, https:\/\/funzine.hu\/wp-content\/uploads\/2024\/05\/Foto-Rosalia-Borpiknik-e1715427567762-1024x639.jpg 1024w, https:\/\/funzine.hu\/wp-content\/uploads\/2024\/05\/Foto-Rosalia-Borpiknik-e1715427567762-768x479.jpg 768w, https:\/\/funzine.hu\/wp-content\/uploads\/2024\/05\/Foto-Rosalia-Borpiknik-e1715427567762.jpg 1200w\" sizes=\"(max-width: 850px) 100vw, 850px\" \/><figcaption id=\"caption-attachment-558771\" class=\"wp-caption-text\">Photo: Rosalia Borpiknik<\/figcaption><\/figure>\n<h3>Divas &amp; Icons<\/h3>\n<p>This awesome exhibition put together by the Victoria and Albert Museum in London is hitting the road as a traveling exhibition for the first time ever, starting at the House of Music Hungary on 18 May and will be available until 15 September. Titled &#8220;Divas &amp; Icons,&#8221; this display dives into the amazing stories and original outfits of legendary performers like Rihanna, Whitney Houston, Cher, Marilyn Monroe and many more. It&#8217;s all about celebrating the incredible power and creativity of women!<\/p>\n<p><a href=\"http:\/\/zenehaza.hu\/en\" target=\"_blank\" rel=\"noopener\"><strong>Website<\/strong><\/a><\/p>\n<figure id=\"attachment_558774\" aria-describedby=\"caption-attachment-558774\" style=\"width: 850px\" class=\"wp-caption aligncenter\"><img decoding=\"async\" class=\"size-funzine-large wp-image-558774\" src=\"https:\/\/funzine.hu\/wp-content\/uploads\/2024\/05\/KEPCSERE-Divak-es-Ikonok-Foto-Magyar-Zene-Haza-scaled-e1715427808733-850x567.jpg\" alt=\"D\u00edv\u00e1k \u00e9s Ikonok \" width=\"850\" height=\"567\" srcset=\"https:\/\/funzine.hu\/wp-content\/uploads\/2024\/05\/KEPCSERE-Divak-es-Ikonok-Foto-Magyar-Zene-Haza-scaled-e1715427808733-850x567.jpg 850w, https:\/\/funzine.hu\/wp-content\/uploads\/2024\/05\/KEPCSERE-Divak-es-Ikonok-Foto-Magyar-Zene-Haza-scaled-e1715427808733-300x200.jpg 300w, https:\/\/funzine.hu\/wp-content\/uploads\/2024\/05\/KEPCSERE-Divak-es-Ikonok-Foto-Magyar-Zene-Haza-scaled-e1715427808733-1024x683.jpg 1024w, https:\/\/funzine.hu\/wp-content\/uploads\/2024\/05\/KEPCSERE-Divak-es-Ikonok-Foto-Magyar-Zene-Haza-scaled-e1715427808733-768x512.jpg 768w, https:\/\/funzine.hu\/wp-content\/uploads\/2024\/05\/KEPCSERE-Divak-es-Ikonok-Foto-Magyar-Zene-Haza-scaled-e1715427808733-360x240.jpg 360w, https:\/\/funzine.hu\/wp-content\/uploads\/2024\/05\/KEPCSERE-Divak-es-Ikonok-Foto-Magyar-Zene-Haza-scaled-e1715427808733.jpg 1200w\" sizes=\"(max-width: 850px) 100vw, 850px\" \/><figcaption id=\"caption-attachment-558774\" class=\"wp-caption-text\">Photo: Magyar Zene H\u00e1za<\/figcaption><\/figure>\n<h3>V\u00c1RKERTFESZT<\/h3>\n<p>Celebrate the 10th anniversary of the renovation of the Castle Garden Bazaar at V\u00e1rkertFeszt arts festival from 31 May to 2 June! It will feature fun family events, electrifying concerts, literary programmes, guided tours and special gastronomic surprises in the Castle Garden Bazaar. Explore the complex on the Buda side of the Danube, a bustling cultural hub, adorned with a unique Neo-Renaissance Garden, making it a true gem of the city.<\/p>\n<p><a href=\"http:\/\/varkertbazar.hu\/en\" target=\"_blank\" rel=\"noopener\"><strong>Website<\/strong><\/a><\/p>\n<figure id=\"attachment_558777\" aria-describedby=\"caption-attachment-558777\" style=\"width: 850px\" class=\"wp-caption aligncenter\"><img decoding=\"async\" class=\"size-funzine-large wp-image-558777\" src=\"https:\/\/funzine.hu\/wp-content\/uploads\/2024\/05\/KEPCSERE-Foto-Varkert-Bazar-850x567.jpg\" alt=\"V\u00e1rkert Baz\u00e1r\" width=\"850\" height=\"567\" srcset=\"https:\/\/funzine.hu\/wp-content\/uploads\/2024\/05\/KEPCSERE-Foto-Varkert-Bazar-850x567.jpg 850w, https:\/\/funzine.hu\/wp-content\/uploads\/2024\/05\/KEPCSERE-Foto-Varkert-Bazar-300x200.jpg 300w, https:\/\/funzine.hu\/wp-content\/uploads\/2024\/05\/KEPCSERE-Foto-Varkert-Bazar-1024x683.jpg 1024w, https:\/\/funzine.hu\/wp-content\/uploads\/2024\/05\/KEPCSERE-Foto-Varkert-Bazar-768x512.jpg 768w, https:\/\/funzine.hu\/wp-content\/uploads\/2024\/05\/KEPCSERE-Foto-Varkert-Bazar-360x240.jpg 360w, https:\/\/funzine.hu\/wp-content\/uploads\/2024\/05\/KEPCSERE-Foto-Varkert-Bazar.jpg 1200w\" sizes=\"(max-width: 850px) 100vw, 850px\" \/><figcaption id=\"caption-attachment-558777\" class=\"wp-caption-text\">Photo: V\u00e1rkert Baz\u00e1r<\/figcaption><\/figure>\n","protected":false},"excerpt":{"rendered":"<p>Check out what incredible pre-summer events the city has in store for you.<\/p>\n","protected":false},"author":124,"featured_media":558777,"comment_status":"closed","ping_status":"closed","sticky":false,"template":"","format":"standard","meta":{"_acf_changed":false,"wprm-recipe-roundup-name":"","wprm-recipe-roundup-description":"","ngg_post_thumbnail":0,"footnotes":""},"categories":[1388,833],"tags":[394,9633,12017],"post_places":[],"class_list":["post-558767","post","type-post","status-publish","format-standard","has-post-thumbnail","hentry","category-goodapest-en-2","category-have-fun-en","tag-budapest-en","tag-events","tag-summer-en"],"acf":{"connected_places":"","del_image":""},"yoast_head":"<!-- This site is optimized with the Yoast SEO plugin v27.2 - https:\/\/yoast.com\/product\/yoast-seo-wordpress\/ -->\n<title>Early Summer Events in Budapest<\/title>\n<meta name=\"description\" content=\"Check out what incredible pre-summer events the city has in store for you.\" \/>\n<meta name=\"robots\" content=\"index, follow, max-snippet:-1, max-image-preview:large, max-video-preview:-1\" \/>\n<link rel=\"canonical\" href=\"https:\/\/funzine.hu\/en\/2024\/05\/17\/goodapest-en-2\/early-summer-events-in-budapest\/\" \/>\n<meta property=\"og:locale\" content=\"en_US\" \/>\n<meta property=\"og:type\" content=\"article\" \/>\n<meta property=\"og:title\" content=\"Early Summer Events in Budapest\" \/>\n<meta property=\"og:description\" content=\"Check out what incredible pre-summer events the city has in store for you.\" \/>\n<meta property=\"og:url\" content=\"https:\/\/funzine.hu\/en\/2024\/05\/17\/goodapest-en-2\/early-summer-events-in-budapest\/\" \/>\n<meta property=\"og:site_name\" content=\"Funzine\" \/>\n<meta property=\"article:publisher\" content=\"https:\/\/www.facebook.com\/funzine\/\" \/>\n<meta property=\"article:published_time\" content=\"2024-05-17T04:28:15+00:00\" \/>\n<meta property=\"og:image\" content=\"https:\/\/funzine.hu\/wp-content\/uploads\/2024\/05\/KEPCSERE-Foto-Varkert-Bazar.jpg\" \/>\n\t<meta property=\"og:image:width\" content=\"1200\" \/>\n\t<meta property=\"og:image:height\" content=\"800\" \/>\n\t<meta property=\"og:image:type\" content=\"image\/jpeg\" \/>\n<meta name=\"author\" content=\"Szerencsi \u00c9vi\" \/>\n<meta name=\"twitter:card\" content=\"summary_large_image\" \/>\n<meta name=\"twitter:creator\" content=\"@funzine\" \/>\n<meta name=\"twitter:site\" content=\"@funzine\" \/>\n<meta name=\"twitter:label1\" content=\"Written by\" \/>\n\t<meta name=\"twitter:data1\" content=\"Szerencsi \u00c9vi\" \/>\n\t<meta name=\"twitter:label2\" content=\"Est. reading time\" \/>\n\t<meta name=\"twitter:data2\" content=\"3 minutes\" \/>\n<script type=\"application\/ld+json\" class=\"yoast-schema-graph\">{\"@context\":\"https:\/\/schema.org\",\"@graph\":[{\"@type\":\"NewsArticle\",\"@id\":\"https:\/\/funzine.hu\/en\/2024\/05\/17\/goodapest-en-2\/early-summer-events-in-budapest\/#article\",\"isPartOf\":{\"@id\":\"https:\/\/funzine.hu\/en\/2024\/05\/17\/goodapest-en-2\/early-summer-events-in-budapest\/\"},\"author\":{\"name\":\"Szerencsi \u00c9vi\",\"@id\":\"https:\/\/funzine.hu\/#\/schema\/person\/0810e58f1bdd55c403ab7eddf38bc21f\"},\"headline\":\"Early Summer Events in Budapest\",\"datePublished\":\"2024-05-17T04:28:15+00:00\",\"mainEntityOfPage\":{\"@id\":\"https:\/\/funzine.hu\/en\/2024\/05\/17\/goodapest-en-2\/early-summer-events-in-budapest\/\"},\"wordCount\":380,\"image\":{\"@id\":\"https:\/\/funzine.hu\/en\/2024\/05\/17\/goodapest-en-2\/early-summer-events-in-budapest\/#primaryimage\"},\"thumbnailUrl\":\"https:\/\/funzine.hu\/wp-content\/uploads\/2024\/05\/KEPCSERE-Foto-Varkert-Bazar.jpg\",\"keywords\":[\"budapest\",\"events\",\"summer\"],\"articleSection\":[\"Goodapest\",\"Have fun\"],\"inLanguage\":\"en-US\"},{\"@type\":\"WebPage\",\"@id\":\"https:\/\/funzine.hu\/en\/2024\/05\/17\/goodapest-en-2\/early-summer-events-in-budapest\/\",\"url\":\"https:\/\/funzine.hu\/en\/2024\/05\/17\/goodapest-en-2\/early-summer-events-in-budapest\/\",\"name\":\"Early Summer Events in Budapest\",\"isPartOf\":{\"@id\":\"https:\/\/funzine.hu\/#website\"},\"primaryImageOfPage\":{\"@id\":\"https:\/\/funzine.hu\/en\/2024\/05\/17\/goodapest-en-2\/early-summer-events-in-budapest\/#primaryimage\"},\"image\":{\"@id\":\"https:\/\/funzine.hu\/en\/2024\/05\/17\/goodapest-en-2\/early-summer-events-in-budapest\/#primaryimage\"},\"thumbnailUrl\":\"https:\/\/funzine.hu\/wp-content\/uploads\/2024\/05\/KEPCSERE-Foto-Varkert-Bazar.jpg\",\"datePublished\":\"2024-05-17T04:28:15+00:00\",\"author\":{\"@id\":\"https:\/\/funzine.hu\/#\/schema\/person\/0810e58f1bdd55c403ab7eddf38bc21f\"},\"description\":\"Check out what incredible pre-summer events the city has in store for you.\",\"breadcrumb\":{\"@id\":\"https:\/\/funzine.hu\/en\/2024\/05\/17\/goodapest-en-2\/early-summer-events-in-budapest\/#breadcrumb\"},\"inLanguage\":\"en-US\",\"potentialAction\":[{\"@type\":\"ReadAction\",\"target\":[\"https:\/\/funzine.hu\/en\/2024\/05\/17\/goodapest-en-2\/early-summer-events-in-budapest\/\"]}]},{\"@type\":\"ImageObject\",\"inLanguage\":\"en-US\",\"@id\":\"https:\/\/funzine.hu\/en\/2024\/05\/17\/goodapest-en-2\/early-summer-events-in-budapest\/#primaryimage\",\"url\":\"https:\/\/funzine.hu\/wp-content\/uploads\/2024\/05\/KEPCSERE-Foto-Varkert-Bazar.jpg\",\"contentUrl\":\"https:\/\/funzine.hu\/wp-content\/uploads\/2024\/05\/KEPCSERE-Foto-Varkert-Bazar.jpg\",\"width\":1200,\"height\":800,\"caption\":\"Photo: V\u00e1rkert Baz\u00e1r\"},{\"@type\":\"BreadcrumbList\",\"@id\":\"https:\/\/funzine.hu\/en\/2024\/05\/17\/goodapest-en-2\/early-summer-events-in-budapest\/#breadcrumb\",\"itemListElement\":[{\"@type\":\"ListItem\",\"position\":1,\"name\":\"Home\",\"item\":\"https:\/\/funzine.hu\/en\/\"},{\"@type\":\"ListItem\",\"position\":2,\"name\":\"Early Summer Events in Budapest\"}]},{\"@type\":\"WebSite\",\"@id\":\"https:\/\/funzine.hu\/#website\",\"url\":\"https:\/\/funzine.hu\/\",\"name\":\"Funzine\",\"description\":\"\",\"potentialAction\":[{\"@type\":\"SearchAction\",\"target\":{\"@type\":\"EntryPoint\",\"urlTemplate\":\"https:\/\/funzine.hu\/?s={search_term_string}\"},\"query-input\":{\"@type\":\"PropertyValueSpecification\",\"valueRequired\":true,\"valueName\":\"search_term_string\"}}],\"inLanguage\":\"en-US\"},{\"@type\":\"Person\",\"@id\":\"https:\/\/funzine.hu\/#\/schema\/person\/0810e58f1bdd55c403ab7eddf38bc21f\",\"name\":\"Szerencsi \u00c9vi\",\"image\":{\"@type\":\"ImageObject\",\"inLanguage\":\"en-US\",\"@id\":\"https:\/\/secure.gravatar.com\/avatar\/d2e009342223260e9bb22f2e773c8b6e5659d3a17e1b231a0cf035e92c2c6174?s=96&d=mm&r=g\",\"url\":\"https:\/\/secure.gravatar.com\/avatar\/d2e009342223260e9bb22f2e773c8b6e5659d3a17e1b231a0cf035e92c2c6174?s=96&d=mm&r=g\",\"contentUrl\":\"https:\/\/secure.gravatar.com\/avatar\/d2e009342223260e9bb22f2e773c8b6e5659d3a17e1b231a0cf035e92c2c6174?s=96&d=mm&r=g\",\"caption\":\"Szerencsi \u00c9vi\"},\"url\":\"https:\/\/funzine.hu\/en\/author\/szerencsi-evi\/\"}]}<\/script>\n<!-- \/ Yoast SEO plugin. -->","yoast_head_json":{"title":"Early Summer Events in Budapest","description":"Check out what incredible pre-summer events the city has in store for you.","robots":{"index":"index","follow":"follow","max-snippet":"max-snippet:-1","max-image-preview":"max-image-preview:large","max-video-preview":"max-video-preview:-1"},"canonical":"https:\/\/funzine.hu\/en\/2024\/05\/17\/goodapest-en-2\/early-summer-events-in-budapest\/","og_locale":"en_US","og_type":"article","og_title":"Early Summer Events in Budapest","og_description":"Check out what incredible pre-summer events the city has in store for you.","og_url":"https:\/\/funzine.hu\/en\/2024\/05\/17\/goodapest-en-2\/early-summer-events-in-budapest\/","og_site_name":"Funzine","article_publisher":"https:\/\/www.facebook.com\/funzine\/","article_published_time":"2024-05-17T04:28:15+00:00","og_image":[{"width":1200,"height":800,"url":"https:\/\/funzine.hu\/wp-content\/uploads\/2024\/05\/KEPCSERE-Foto-Varkert-Bazar.jpg","type":"image\/jpeg"}],"author":"Szerencsi \u00c9vi","twitter_card":"summary_large_image","twitter_creator":"@funzine","twitter_site":"@funzine","twitter_misc":{"Written by":"Szerencsi \u00c9vi","Est. reading time":"3 minutes"},"schema":{"@context":"https:\/\/schema.org","@graph":[{"@type":"NewsArticle","@id":"https:\/\/funzine.hu\/en\/2024\/05\/17\/goodapest-en-2\/early-summer-events-in-budapest\/#article","isPartOf":{"@id":"https:\/\/funzine.hu\/en\/2024\/05\/17\/goodapest-en-2\/early-summer-events-in-budapest\/"},"author":{"name":"Szerencsi \u00c9vi","@id":"https:\/\/funzine.hu\/#\/schema\/person\/0810e58f1bdd55c403ab7eddf38bc21f"},"headline":"Early Summer Events in Budapest","datePublished":"2024-05-17T04:28:15+00:00","mainEntityOfPage":{"@id":"https:\/\/funzine.hu\/en\/2024\/05\/17\/goodapest-en-2\/early-summer-events-in-budapest\/"},"wordCount":380,"image":{"@id":"https:\/\/funzine.hu\/en\/2024\/05\/17\/goodapest-en-2\/early-summer-events-in-budapest\/#primaryimage"},"thumbnailUrl":"https:\/\/funzine.hu\/wp-content\/uploads\/2024\/05\/KEPCSERE-Foto-Varkert-Bazar.jpg","keywords":["budapest","events","summer"],"articleSection":["Goodapest","Have fun"],"inLanguage":"en-US"},{"@type":"WebPage","@id":"https:\/\/funzine.hu\/en\/2024\/05\/17\/goodapest-en-2\/early-summer-events-in-budapest\/","url":"https:\/\/funzine.hu\/en\/2024\/05\/17\/goodapest-en-2\/early-summer-events-in-budapest\/","name":"Early Summer Events in Budapest","isPartOf":{"@id":"https:\/\/funzine.hu\/#website"},"primaryImageOfPage":{"@id":"https:\/\/funzine.hu\/en\/2024\/05\/17\/goodapest-en-2\/early-summer-events-in-budapest\/#primaryimage"},"image":{"@id":"https:\/\/funzine.hu\/en\/2024\/05\/17\/goodapest-en-2\/early-summer-events-in-budapest\/#primaryimage"},"thumbnailUrl":"https:\/\/funzine.hu\/wp-content\/uploads\/2024\/05\/KEPCSERE-Foto-Varkert-Bazar.jpg","datePublished":"2024-05-17T04:28:15+00:00","author":{"@id":"https:\/\/funzine.hu\/#\/schema\/person\/0810e58f1bdd55c403ab7eddf38bc21f"},"description":"Check out what incredible pre-summer events the city has in store for you.","breadcrumb":{"@id":"https:\/\/funzine.hu\/en\/2024\/05\/17\/goodapest-en-2\/early-summer-events-in-budapest\/#breadcrumb"},"inLanguage":"en-US","potentialAction":[{"@type":"ReadAction","target":["https:\/\/funzine.hu\/en\/2024\/05\/17\/goodapest-en-2\/early-summer-events-in-budapest\/"]}]},{"@type":"ImageObject","inLanguage":"en-US","@id":"https:\/\/funzine.hu\/en\/2024\/05\/17\/goodapest-en-2\/early-summer-events-in-budapest\/#primaryimage","url":"https:\/\/funzine.hu\/wp-content\/uploads\/2024\/05\/KEPCSERE-Foto-Varkert-Bazar.jpg","contentUrl":"https:\/\/funzine.hu\/wp-content\/uploads\/2024\/05\/KEPCSERE-Foto-Varkert-Bazar.jpg","width":1200,"height":800,"caption":"Photo: V\u00e1rkert Baz\u00e1r"},{"@type":"BreadcrumbList","@id":"https:\/\/funzine.hu\/en\/2024\/05\/17\/goodapest-en-2\/early-summer-events-in-budapest\/#breadcrumb","itemListElement":[{"@type":"ListItem","position":1,"name":"Home","item":"https:\/\/funzine.hu\/en\/"},{"@type":"ListItem","position":2,"name":"Early Summer Events in Budapest"}]},{"@type":"WebSite","@id":"https:\/\/funzine.hu\/#website","url":"https:\/\/funzine.hu\/","name":"Funzine","description":"","potentialAction":[{"@type":"SearchAction","target":{"@type":"EntryPoint","urlTemplate":"https:\/\/funzine.hu\/?s={search_term_string}"},"query-input":{"@type":"PropertyValueSpecification","valueRequired":true,"valueName":"search_term_string"}}],"inLanguage":"en-US"},{"@type":"Person","@id":"https:\/\/funzine.hu\/#\/schema\/person\/0810e58f1bdd55c403ab7eddf38bc21f","name":"Szerencsi \u00c9vi","image":{"@type":"ImageObject","inLanguage":"en-US","@id":"https:\/\/secure.gravatar.com\/avatar\/d2e009342223260e9bb22f2e773c8b6e5659d3a17e1b231a0cf035e92c2c6174?s=96&d=mm&r=g","url":"https:\/\/secure.gravatar.com\/avatar\/d2e009342223260e9bb22f2e773c8b6e5659d3a17e1b231a0cf035e92c2c6174?s=96&d=mm&r=g","contentUrl":"https:\/\/secure.gravatar.com\/avatar\/d2e009342223260e9bb22f2e773c8b6e5659d3a17e1b231a0cf035e92c2c6174?s=96&d=mm&r=g","caption":"Szerencsi \u00c9vi"},"url":"https:\/\/funzine.hu\/en\/author\/szerencsi-evi\/"}]}},"amp_enabled":true,"_links":{"self":[{"href":"https:\/\/funzine.hu\/en\/wp-json\/wp\/v2\/posts\/558767","targetHints":{"allow":["GET"]}}],"collection":[{"href":"https:\/\/funzine.hu\/en\/wp-json\/wp\/v2\/posts"}],"about":[{"href":"https:\/\/funzine.hu\/en\/wp-json\/wp\/v2\/types\/post"}],"author":[{"embeddable":true,"href":"https:\/\/funzine.hu\/en\/wp-json\/wp\/v2\/users\/124"}],"replies":[{"embeddable":true,"href":"https:\/\/funzine.hu\/en\/wp-json\/wp\/v2\/comments?post=558767"}],"version-history":[{"count":2,"href":"https:\/\/funzine.hu\/en\/wp-json\/wp\/v2\/posts\/558767\/revisions"}],"predecessor-version":[{"id":558782,"href":"https:\/\/funzine.hu\/en\/wp-json\/wp\/v2\/posts\/558767\/revisions\/558782"}],"wp:featuredmedia":[{"embeddable":true,"href":"https:\/\/funzine.hu\/en\/wp-json\/wp\/v2\/media\/558777"}],"wp:attachment":[{"href":"https:\/\/funzine.hu\/en\/wp-json\/wp\/v2\/media?parent=558767"}],"wp:term":[{"taxonomy":"category","embeddable":true,"href":"https:\/\/funzine.hu\/en\/wp-json\/wp\/v2\/categories?post=558767"},{"taxonomy":"post_tag","embeddable":true,"href":"https:\/\/funzine.hu\/en\/wp-json\/wp\/v2\/tags?post=558767"},{"taxonomy":"post_places","embeddable":true,"href":"https:\/\/funzine.hu\/en\/wp-json\/wp\/v2\/post_places?post=558767"}],"curies":[{"name":"wp","href":"https:\/\/api.w.org\/{rel}","templated":true}]}}