{"id":346830,"date":"2019-09-30T05:00:34","date_gmt":"2019-09-30T04:00:34","guid":{"rendered":"https:\/\/funzine.hu\/?p=346830"},"modified":"2019-09-27T14:04:59","modified_gmt":"2019-09-27T13:04:59","slug":"everything-about-the-world-press-photo-exhibition-2019","status":"publish","type":"post","link":"https:\/\/funzine.hu\/en\/2019\/09\/30\/culture\/everything-about-the-world-press-photo-exhibition-2019\/","title":{"rendered":"Everything about the World Press Photo Exhibition"},"content":{"rendered":"<p><strong>Stunning, impressive, shocking: it would be hard to find better words to describe the photographs of World Press Photo Exhibition. <\/strong><\/p>\n<p>The global platform of visual journalism and storytelling was founded in 1955 with the aim of connecting the audience and professionals. As an annual photo competition, it became the world\u2019s most prominent one of its kind, not only attracting the attention of millions of people worldwide but also initiating a dialogue that resonates with the viewers.<\/p>\n<figure id=\"attachment_346831\" aria-describedby=\"caption-attachment-346831\" style=\"width: 850px\" class=\"wp-caption aligncenter\"><img decoding=\"async\" class=\"size-funzine-large wp-image-346831\" src=\"https:\/\/funzine.hu\/wp-content\/uploads\/2019\/09\/003_Catalina-Martin-Chico_Panos-850x567.jpg\" alt=\"\" width=\"850\" height=\"567\" \/><figcaption id=\"caption-attachment-346831\" class=\"wp-caption-text\">Photo by Catalina Martin \/\/ Yorladis and her partner live in a house in a temporary camp in Colinas. They met shortly before the peace process. He had just spent two years in prison which he described as being jointly run by the FARC and paramilitary groups, in other words, basically the same war as outside the walls.<\/figcaption><\/figure>\n<p>Other than the awarding ceremony itself, the yearly festival, held in Amsterdam (the World Press Photo Foundation is a non-profit association located in the Netherlands), creates opportunity for people to participate at meetings and lectures, with unique photos and new perspectives playing a key role. The foundation\u2019s global partners are the Dutch Postcode Lottery, PwC, and WPPF.<\/p>\n<div id=\"envira-gallery-wrap-346835\" class=\"envira-gallery-wrap envira-lazy-loading-enabled envira-layout-mason envira-gallery-theme-base\" itemscope itemtype=\"https:\/\/schema.org\/ImageGallery\"><div class=\"envira-loader\"><div><\/div><div><\/div><div><\/div><div><\/div><\/div><div id=\"envira-gallery-346835\" class=\"envira-gallery-public envira-gallery-2-columns envira-clear enviratope\" data-envira-id=\"346835\" data-gallery-config='{\"type\":\"default\",\"columns\":\"2\",\"gallery_theme\":\"base\",\"justified_margins\":1,\"justified_last_row\":\"nojustify\",\"lazy_loading\":1,\"lazy_loading_delay\":500,\"gutter\":10,\"margin\":10,\"image_size\":\"default\",\"crop_width\":640,\"crop_height\":480,\"crop\":1,\"crop_position\":\"c\",\"additional_copy_0\":0,\"additional_copy_title\":0,\"additional_copy_caption\":0,\"additional_copy_0_mobile\":0,\"additional_copy_title_mobile\":0,\"additional_copy_caption_mobile\":0,\"additional_copy_automatic_0\":0,\"additional_copy_automatic_title\":1,\"additional_copy_automatic_caption\":1,\"additional_copy_automatic_0_mobile\":0,\"additional_copy_automatic_title_mobile\":1,\"additional_copy_automatic_caption_mobile\":1,\"justified_row_height\":150,\"description_position\":\"0\",\"description\":\"\",\"random\":\"0\",\"sort_order\":\"0\",\"sorting_direction\":\"ASC\",\"image_sizes_random\":[],\"isotope\":true,\"lightbox_enabled\":1,\"gallery_link_enabled\":1,\"lightbox_theme\":\"base_dark\",\"lightbox_image_size\":\"default\",\"title_display\":\"float\",\"lightbox_title_caption\":\"title\",\"arrows\":1,\"arrows_position\":\"inside\",\"toolbar\":0,\"toolbar_title\":0,\"toolbar_position\":\"top\",\"loop\":1,\"lightbox_open_close_effect\":\"fade\",\"effect\":\"fade\",\"supersize\":0,\"thumbnails_toggle\":0,\"thumbnails_hide\":0,\"image_counter\":0,\"thumbnails\":1,\"thumbnails_width\":\"auto\",\"thumbnails_height\":\"auto\",\"thumbnails_position\":\"bottom\",\"thumbnails_custom_size\":0,\"mobile\":1,\"mobile_width\":320,\"mobile_height\":240,\"mobile_lightbox\":1,\"mobile_gallery_link_enabled\":0,\"mobile_arrows\":1,\"mobile_toolbar\":1,\"mobile_thumbnails\":1,\"mobile_touchwipe_close\":0,\"mobile_thumbnails_width\":75,\"mobile_thumbnails_height\":50,\"mobile_justified_row_height\":80,\"keyboard\":true,\"classes\":[\"\"],\"rtl\":0,\"slug\":\"world-press\",\"title\":\"world press\",\"layout\":\"mason\",\"gallery_id\":\"346835\"}' data-gallery-images='[{\"status\":\"active\",\"src\":\"https:\\\/\\\/funzine.hu\\\/wp-content\\\/uploads\\\/2019\\\/09\\\/018_Lorenzo-Tugnoli_Contrasto_for-The-Washington.jpg\",\"title\":\"Yemen Crisis by Lorenzo Tugnoli\",\"link\":\"https:\\\/\\\/funzine.hu\\\/wp-content\\\/uploads\\\/2019\\\/09\\\/018_Lorenzo-Tugnoli_Contrasto_for-The-Washington.jpg\",\"alt\":\"\",\"caption\":\"Yemen Crisis by Lorenzo Tugnoli\",\"thumb\":\"https:\\\/\\\/funzine.hu\\\/wp-content\\\/uploads\\\/2019\\\/09\\\/018_Lorenzo-Tugnoli_Contrasto_for-The-Washington-75x50_c.jpg\",\"meta\":{\"aperture\":\"8\",\"credit\":\"Photo by Lorenzo Tugnoli\\\/ The Washington Post\\\/ Contrasto\",\"camera\":\"ILCE-7RM2\",\"caption\":\"HODEIDA, YEMEN - DECEMBER 13th, 2018:\\rWafa Ahmed Hathim, 25, lost her left leg when a mortar landed on her house in the Rabasa neighborhood, just a mile from the front line. \\rHer nephew and sister died in the attach and seven family members were injured. \\rThe attach took place on December 8th while the Coalition and the Houthi rebels were negotiating peace in Sweden.\\rWafa have just completed her studies to become a nurse. Her father Ahmed Hatem spent most of his saving to help her attend university and now she is worried that she will not be able to find a job.\\rPhoto by Lorenzo Tugnoli\\\/ The Washington Post\\\/ Contrasto\",\"created_timestamp\":\"1544687027\",\"copyright\":\"Photo by Lorenzo Tugnoli\\\/ The Washington Post\\\/ Contrasto\",\"focal_length\":\"35\",\"iso\":\"1600\",\"shutter_speed\":\"0.004\",\"title\":\"Yemen Crisis\",\"orientation\":\"1\",\"resized_images\":null},\"thumbnail\":\"https:\\\/\\\/funzine.hu\\\/wp-content\\\/uploads\\\/2019\\\/09\\\/018_Lorenzo-Tugnoli_Contrasto_for-The-Washington-150x150.jpg\",\"medium\":\"https:\\\/\\\/funzine.hu\\\/wp-content\\\/uploads\\\/2019\\\/09\\\/018_Lorenzo-Tugnoli_Contrasto_for-The-Washington-300x200.jpg\",\"medium_large\":\"https:\\\/\\\/funzine.hu\\\/wp-content\\\/uploads\\\/2019\\\/09\\\/018_Lorenzo-Tugnoli_Contrasto_for-The-Washington-768x512.jpg\",\"large\":\"https:\\\/\\\/funzine.hu\\\/wp-content\\\/uploads\\\/2019\\\/09\\\/018_Lorenzo-Tugnoli_Contrasto_for-The-Washington-1024x683.jpg\",\"1536x1536\":\"https:\\\/\\\/funzine.hu\\\/wp-content\\\/uploads\\\/2019\\\/09\\\/018_Lorenzo-Tugnoli_Contrasto_for-The-Washington.jpg\",\"2048x2048\":\"https:\\\/\\\/funzine.hu\\\/wp-content\\\/uploads\\\/2019\\\/09\\\/018_Lorenzo-Tugnoli_Contrasto_for-The-Washington.jpg\",\"alm-thumbnail\":\"https:\\\/\\\/funzine.hu\\\/wp-content\\\/uploads\\\/2019\\\/09\\\/018_Lorenzo-Tugnoli_Contrasto_for-The-Washington.jpg\",\"wprm-metadata-1_1\":\"https:\\\/\\\/funzine.hu\\\/wp-content\\\/uploads\\\/2019\\\/09\\\/018_Lorenzo-Tugnoli_Contrasto_for-The-Washington-500x500.jpg\",\"wprm-metadata-4_3\":\"https:\\\/\\\/funzine.hu\\\/wp-content\\\/uploads\\\/2019\\\/09\\\/018_Lorenzo-Tugnoli_Contrasto_for-The-Washington-500x375.jpg\",\"wprm-metadata-16_9\":\"https:\\\/\\\/funzine.hu\\\/wp-content\\\/uploads\\\/2019\\\/09\\\/018_Lorenzo-Tugnoli_Contrasto_for-The-Washington-480x270.jpg\",\"featured-big\":\"https:\\\/\\\/funzine.hu\\\/wp-content\\\/uploads\\\/2019\\\/09\\\/018_Lorenzo-Tugnoli_Contrasto_for-The-Washington-950x700.jpg\",\"funzine-large\":\"https:\\\/\\\/funzine.hu\\\/wp-content\\\/uploads\\\/2019\\\/09\\\/018_Lorenzo-Tugnoli_Contrasto_for-The-Washington-850x567.jpg\",\"img-825x510\":\"https:\\\/\\\/funzine.hu\\\/wp-content\\\/uploads\\\/2019\\\/09\\\/018_Lorenzo-Tugnoli_Contrasto_for-The-Washington-825x510.jpg\",\"img-759x600\":\"https:\\\/\\\/funzine.hu\\\/wp-content\\\/uploads\\\/2019\\\/09\\\/018_Lorenzo-Tugnoli_Contrasto_for-The-Washington-759x600.jpg\",\"img-759x300\":\"https:\\\/\\\/funzine.hu\\\/wp-content\\\/uploads\\\/2019\\\/09\\\/018_Lorenzo-Tugnoli_Contrasto_for-The-Washington-759x300.jpg\",\"img-480x350\":\"https:\\\/\\\/funzine.hu\\\/wp-content\\\/uploads\\\/2019\\\/09\\\/018_Lorenzo-Tugnoli_Contrasto_for-The-Washington-480x350.jpg\",\"img-378x300\":\"https:\\\/\\\/funzine.hu\\\/wp-content\\\/uploads\\\/2019\\\/09\\\/018_Lorenzo-Tugnoli_Contrasto_for-The-Washington-378x300.jpg\",\"img-360x240\":\"https:\\\/\\\/funzine.hu\\\/wp-content\\\/uploads\\\/2019\\\/09\\\/018_Lorenzo-Tugnoli_Contrasto_for-The-Washington-360x240.jpg\",\"img-300x200\":\"https:\\\/\\\/funzine.hu\\\/wp-content\\\/uploads\\\/2019\\\/09\\\/018_Lorenzo-Tugnoli_Contrasto_for-The-Washington-300x200.jpg\",\"img-393x447\":\"https:\\\/\\\/funzine.hu\\\/wp-content\\\/uploads\\\/2019\\\/09\\\/018_Lorenzo-Tugnoli_Contrasto_for-The-Washington-393x447.jpg\",\"img-393x300\":\"https:\\\/\\\/funzine.hu\\\/wp-content\\\/uploads\\\/2019\\\/09\\\/018_Lorenzo-Tugnoli_Contrasto_for-The-Washington-393x297.jpg\",\"img-970x300\":\"https:\\\/\\\/funzine.hu\\\/wp-content\\\/uploads\\\/2019\\\/09\\\/018_Lorenzo-Tugnoli_Contrasto_for-The-Washington-970x300.jpg\",\"full\":\"https:\\\/\\\/funzine.hu\\\/wp-content\\\/uploads\\\/2019\\\/09\\\/018_Lorenzo-Tugnoli_Contrasto_for-The-Washington.jpg\",\"index\":0,\"id\":346842,\"video\":false,\"opts\":{\"caption\":\"Yemen Crisis by Lorenzo Tugnoli\",\"thumb\":\"https:\\\/\\\/funzine.hu\\\/wp-content\\\/uploads\\\/2019\\\/09\\\/018_Lorenzo-Tugnoli_Contrasto_for-The-Washington-75x50_c.jpg\",\"title\":\"Yemen Crisis by Lorenzo Tugnoli\"},\"gallery_id\":\"346835\"},{\"status\":\"active\",\"src\":\"https:\\\/\\\/funzine.hu\\\/wp-content\\\/uploads\\\/2019\\\/09\\\/017_Lorenzo-Tugnoli_Contrasto_for-The-Washington.jpg\",\"title\":\"Yemen Crisis by Lorenzo Tugnoli\",\"link\":\"https:\\\/\\\/funzine.hu\\\/wp-content\\\/uploads\\\/2019\\\/09\\\/017_Lorenzo-Tugnoli_Contrasto_for-The-Washington.jpg\",\"alt\":\"\",\"caption\":\"Yemen Crisis by Lorenzo Tugnoli\",\"thumb\":\"https:\\\/\\\/funzine.hu\\\/wp-content\\\/uploads\\\/2019\\\/09\\\/017_Lorenzo-Tugnoli_Contrasto_for-The-Washington-75x50_c.jpg\",\"meta\":{\"aperture\":\"4\",\"credit\":\"Photo by Lorenzo Tugnoli\\\/ The Washington Post\\\/ Contrasto\",\"camera\":\"ILCE-7RM2\",\"caption\":\"TAIZ, YEMEN - NOVEMBER 26th, 2018:\\rA militiaman stands in a frontline position in the area called al-Zunuj on the northern front of Taiz.\\rThe frontline that encircle the city has not moved significantly in the past two years. Humanitarian aid and supplies can be delivered into the city only through a single road still under the control of the coalition.\\rPhoto by Lorenzo Tugnoli\\\/ The Washington Post\\\/ Contrasto\",\"created_timestamp\":\"1543236298\",\"copyright\":\"Photo by Lorenzo Tugnoli\\\/ The Washington Post\\\/ Contrasto\",\"focal_length\":\"46\",\"iso\":\"1600\",\"shutter_speed\":\"0.025\",\"title\":\"Yemen Crisis\",\"orientation\":\"1\",\"resized_images\":null},\"thumbnail\":\"https:\\\/\\\/funzine.hu\\\/wp-content\\\/uploads\\\/2019\\\/09\\\/017_Lorenzo-Tugnoli_Contrasto_for-The-Washington-150x150.jpg\",\"medium\":\"https:\\\/\\\/funzine.hu\\\/wp-content\\\/uploads\\\/2019\\\/09\\\/017_Lorenzo-Tugnoli_Contrasto_for-The-Washington-300x200.jpg\",\"medium_large\":\"https:\\\/\\\/funzine.hu\\\/wp-content\\\/uploads\\\/2019\\\/09\\\/017_Lorenzo-Tugnoli_Contrasto_for-The-Washington-768x512.jpg\",\"large\":\"https:\\\/\\\/funzine.hu\\\/wp-content\\\/uploads\\\/2019\\\/09\\\/017_Lorenzo-Tugnoli_Contrasto_for-The-Washington-1024x683.jpg\",\"1536x1536\":\"https:\\\/\\\/funzine.hu\\\/wp-content\\\/uploads\\\/2019\\\/09\\\/017_Lorenzo-Tugnoli_Contrasto_for-The-Washington.jpg\",\"2048x2048\":\"https:\\\/\\\/funzine.hu\\\/wp-content\\\/uploads\\\/2019\\\/09\\\/017_Lorenzo-Tugnoli_Contrasto_for-The-Washington.jpg\",\"alm-thumbnail\":\"https:\\\/\\\/funzine.hu\\\/wp-content\\\/uploads\\\/2019\\\/09\\\/017_Lorenzo-Tugnoli_Contrasto_for-The-Washington.jpg\",\"wprm-metadata-1_1\":\"https:\\\/\\\/funzine.hu\\\/wp-content\\\/uploads\\\/2019\\\/09\\\/017_Lorenzo-Tugnoli_Contrasto_for-The-Washington-500x500.jpg\",\"wprm-metadata-4_3\":\"https:\\\/\\\/funzine.hu\\\/wp-content\\\/uploads\\\/2019\\\/09\\\/017_Lorenzo-Tugnoli_Contrasto_for-The-Washington-500x375.jpg\",\"wprm-metadata-16_9\":\"https:\\\/\\\/funzine.hu\\\/wp-content\\\/uploads\\\/2019\\\/09\\\/017_Lorenzo-Tugnoli_Contrasto_for-The-Washington-480x270.jpg\",\"featured-big\":\"https:\\\/\\\/funzine.hu\\\/wp-content\\\/uploads\\\/2019\\\/09\\\/017_Lorenzo-Tugnoli_Contrasto_for-The-Washington-950x700.jpg\",\"funzine-large\":\"https:\\\/\\\/funzine.hu\\\/wp-content\\\/uploads\\\/2019\\\/09\\\/017_Lorenzo-Tugnoli_Contrasto_for-The-Washington-850x567.jpg\",\"img-825x510\":\"https:\\\/\\\/funzine.hu\\\/wp-content\\\/uploads\\\/2019\\\/09\\\/017_Lorenzo-Tugnoli_Contrasto_for-The-Washington-825x510.jpg\",\"img-759x600\":\"https:\\\/\\\/funzine.hu\\\/wp-content\\\/uploads\\\/2019\\\/09\\\/017_Lorenzo-Tugnoli_Contrasto_for-The-Washington-759x600.jpg\",\"img-759x300\":\"https:\\\/\\\/funzine.hu\\\/wp-content\\\/uploads\\\/2019\\\/09\\\/017_Lorenzo-Tugnoli_Contrasto_for-The-Washington-759x300.jpg\",\"img-480x350\":\"https:\\\/\\\/funzine.hu\\\/wp-content\\\/uploads\\\/2019\\\/09\\\/017_Lorenzo-Tugnoli_Contrasto_for-The-Washington-480x350.jpg\",\"img-378x300\":\"https:\\\/\\\/funzine.hu\\\/wp-content\\\/uploads\\\/2019\\\/09\\\/017_Lorenzo-Tugnoli_Contrasto_for-The-Washington-378x300.jpg\",\"img-360x240\":\"https:\\\/\\\/funzine.hu\\\/wp-content\\\/uploads\\\/2019\\\/09\\\/017_Lorenzo-Tugnoli_Contrasto_for-The-Washington-360x240.jpg\",\"img-300x200\":\"https:\\\/\\\/funzine.hu\\\/wp-content\\\/uploads\\\/2019\\\/09\\\/017_Lorenzo-Tugnoli_Contrasto_for-The-Washington-300x200.jpg\",\"img-393x447\":\"https:\\\/\\\/funzine.hu\\\/wp-content\\\/uploads\\\/2019\\\/09\\\/017_Lorenzo-Tugnoli_Contrasto_for-The-Washington-393x447.jpg\",\"img-393x300\":\"https:\\\/\\\/funzine.hu\\\/wp-content\\\/uploads\\\/2019\\\/09\\\/017_Lorenzo-Tugnoli_Contrasto_for-The-Washington-393x297.jpg\",\"img-970x300\":\"https:\\\/\\\/funzine.hu\\\/wp-content\\\/uploads\\\/2019\\\/09\\\/017_Lorenzo-Tugnoli_Contrasto_for-The-Washington-970x300.jpg\",\"full\":\"https:\\\/\\\/funzine.hu\\\/wp-content\\\/uploads\\\/2019\\\/09\\\/017_Lorenzo-Tugnoli_Contrasto_for-The-Washington.jpg\",\"index\":1,\"id\":346840,\"video\":false,\"opts\":{\"caption\":\"Yemen Crisis by Lorenzo Tugnoli\",\"thumb\":\"https:\\\/\\\/funzine.hu\\\/wp-content\\\/uploads\\\/2019\\\/09\\\/017_Lorenzo-Tugnoli_Contrasto_for-The-Washington-75x50_c.jpg\",\"title\":\"Yemen Crisis by Lorenzo Tugnoli\"},\"gallery_id\":\"346835\"},{\"status\":\"active\",\"src\":\"https:\\\/\\\/funzine.hu\\\/wp-content\\\/uploads\\\/2019\\\/09\\\/016_Lorenzo-Tugnoli_Contrasto_for-The-Washington.jpg\",\"title\":\"Yemen Crisis by Lorenzo Tugnoli\",\"link\":\"https:\\\/\\\/funzine.hu\\\/wp-content\\\/uploads\\\/2019\\\/09\\\/016_Lorenzo-Tugnoli_Contrasto_for-The-Washington.jpg\",\"alt\":\"\",\"caption\":\"Yemen Crisis by Lorenzo Tugnoli\",\"thumb\":\"https:\\\/\\\/funzine.hu\\\/wp-content\\\/uploads\\\/2019\\\/09\\\/016_Lorenzo-Tugnoli_Contrasto_for-The-Washington-75x50_c.jpg\",\"meta\":{\"aperture\":\"4.5\",\"credit\":\"Photo by Lorenzo Tugnoli\\\/ The Washington Post\\\/ Contrasto\",\"camera\":\"ILCE-7RM2\",\"caption\":\"ADEN, YEMEN - MAY 21st, 2018:\\rTaif Fares gasps for air in the Intensive Care Unit of  the al-Sadaqa Hospital. She was born with a heart disorder requiring constant care. There are no doctors in the hospital and availability of oxygen and medicines has been discontinuous. Taif died few days after this photo was taken.  \\rA violent confrontation between a member of the militia that control al-Sadaqa hospital and a doctor on May 14th led to a strike of all the doctors in the hospital. They demand the militia to leave the hospital. The strike created a dangerous situation for many of the patients. Children in the Intensive Care Unit and in the malnutrition wards couldn&&#163;39;t see a doctor for days.   \\rPhoto by Lorenzo Tugnoli\\\/ The Washington Post\\\/ Contrasto\",\"created_timestamp\":\"1526907785\",\"copyright\":\"Photo by Lorenzo Tugnoli\\\/ The Washington Post\\\/ Contrasto\",\"focal_length\":\"35\",\"iso\":\"1600\",\"shutter_speed\":\"0.0125\",\"title\":\"Yemen Crisis\",\"orientation\":\"1\",\"resized_images\":null},\"thumbnail\":\"https:\\\/\\\/funzine.hu\\\/wp-content\\\/uploads\\\/2019\\\/09\\\/016_Lorenzo-Tugnoli_Contrasto_for-The-Washington-150x150.jpg\",\"medium\":\"https:\\\/\\\/funzine.hu\\\/wp-content\\\/uploads\\\/2019\\\/09\\\/016_Lorenzo-Tugnoli_Contrasto_for-The-Washington-300x200.jpg\",\"medium_large\":\"https:\\\/\\\/funzine.hu\\\/wp-content\\\/uploads\\\/2019\\\/09\\\/016_Lorenzo-Tugnoli_Contrasto_for-The-Washington-768x512.jpg\",\"large\":\"https:\\\/\\\/funzine.hu\\\/wp-content\\\/uploads\\\/2019\\\/09\\\/016_Lorenzo-Tugnoli_Contrasto_for-The-Washington-1024x683.jpg\",\"1536x1536\":\"https:\\\/\\\/funzine.hu\\\/wp-content\\\/uploads\\\/2019\\\/09\\\/016_Lorenzo-Tugnoli_Contrasto_for-The-Washington.jpg\",\"2048x2048\":\"https:\\\/\\\/funzine.hu\\\/wp-content\\\/uploads\\\/2019\\\/09\\\/016_Lorenzo-Tugnoli_Contrasto_for-The-Washington.jpg\",\"alm-thumbnail\":\"https:\\\/\\\/funzine.hu\\\/wp-content\\\/uploads\\\/2019\\\/09\\\/016_Lorenzo-Tugnoli_Contrasto_for-The-Washington.jpg\",\"wprm-metadata-1_1\":\"https:\\\/\\\/funzine.hu\\\/wp-content\\\/uploads\\\/2019\\\/09\\\/016_Lorenzo-Tugnoli_Contrasto_for-The-Washington-500x500.jpg\",\"wprm-metadata-4_3\":\"https:\\\/\\\/funzine.hu\\\/wp-content\\\/uploads\\\/2019\\\/09\\\/016_Lorenzo-Tugnoli_Contrasto_for-The-Washington-500x375.jpg\",\"wprm-metadata-16_9\":\"https:\\\/\\\/funzine.hu\\\/wp-content\\\/uploads\\\/2019\\\/09\\\/016_Lorenzo-Tugnoli_Contrasto_for-The-Washington-480x270.jpg\",\"featured-big\":\"https:\\\/\\\/funzine.hu\\\/wp-content\\\/uploads\\\/2019\\\/09\\\/016_Lorenzo-Tugnoli_Contrasto_for-The-Washington-950x700.jpg\",\"funzine-large\":\"https:\\\/\\\/funzine.hu\\\/wp-content\\\/uploads\\\/2019\\\/09\\\/016_Lorenzo-Tugnoli_Contrasto_for-The-Washington-850x567.jpg\",\"img-825x510\":\"https:\\\/\\\/funzine.hu\\\/wp-content\\\/uploads\\\/2019\\\/09\\\/016_Lorenzo-Tugnoli_Contrasto_for-The-Washington-825x510.jpg\",\"img-759x600\":\"https:\\\/\\\/funzine.hu\\\/wp-content\\\/uploads\\\/2019\\\/09\\\/016_Lorenzo-Tugnoli_Contrasto_for-The-Washington-759x600.jpg\",\"img-759x300\":\"https:\\\/\\\/funzine.hu\\\/wp-content\\\/uploads\\\/2019\\\/09\\\/016_Lorenzo-Tugnoli_Contrasto_for-The-Washington-759x300.jpg\",\"img-480x350\":\"https:\\\/\\\/funzine.hu\\\/wp-content\\\/uploads\\\/2019\\\/09\\\/016_Lorenzo-Tugnoli_Contrasto_for-The-Washington-480x350.jpg\",\"img-378x300\":\"https:\\\/\\\/funzine.hu\\\/wp-content\\\/uploads\\\/2019\\\/09\\\/016_Lorenzo-Tugnoli_Contrasto_for-The-Washington-378x300.jpg\",\"img-360x240\":\"https:\\\/\\\/funzine.hu\\\/wp-content\\\/uploads\\\/2019\\\/09\\\/016_Lorenzo-Tugnoli_Contrasto_for-The-Washington-360x240.jpg\",\"img-300x200\":\"https:\\\/\\\/funzine.hu\\\/wp-content\\\/uploads\\\/2019\\\/09\\\/016_Lorenzo-Tugnoli_Contrasto_for-The-Washington-300x200.jpg\",\"img-393x447\":\"https:\\\/\\\/funzine.hu\\\/wp-content\\\/uploads\\\/2019\\\/09\\\/016_Lorenzo-Tugnoli_Contrasto_for-The-Washington-393x447.jpg\",\"img-393x300\":\"https:\\\/\\\/funzine.hu\\\/wp-content\\\/uploads\\\/2019\\\/09\\\/016_Lorenzo-Tugnoli_Contrasto_for-The-Washington-393x297.jpg\",\"img-970x300\":\"https:\\\/\\\/funzine.hu\\\/wp-content\\\/uploads\\\/2019\\\/09\\\/016_Lorenzo-Tugnoli_Contrasto_for-The-Washington-970x300.jpg\",\"full\":\"https:\\\/\\\/funzine.hu\\\/wp-content\\\/uploads\\\/2019\\\/09\\\/016_Lorenzo-Tugnoli_Contrasto_for-The-Washington.jpg\",\"index\":2,\"id\":346838,\"video\":false,\"opts\":{\"caption\":\"Yemen Crisis by Lorenzo Tugnoli\",\"thumb\":\"https:\\\/\\\/funzine.hu\\\/wp-content\\\/uploads\\\/2019\\\/09\\\/016_Lorenzo-Tugnoli_Contrasto_for-The-Washington-75x50_c.jpg\",\"title\":\"Yemen Crisis by Lorenzo Tugnoli\"},\"gallery_id\":\"346835\"},{\"status\":\"active\",\"src\":\"https:\\\/\\\/funzine.hu\\\/wp-content\\\/uploads\\\/2019\\\/09\\\/015_Lorenzo-Tugnoli_Contrasto_for-The-Washington-Post.jpg\",\"title\":\"Yemen Crisis by Lorenzo Tugnoli\",\"link\":\"https:\\\/\\\/funzine.hu\\\/wp-content\\\/uploads\\\/2019\\\/09\\\/015_Lorenzo-Tugnoli_Contrasto_for-The-Washington-Post.jpg\",\"alt\":\"\",\"caption\":\"Yemen Crisis by Lorenzo Tugnoli\",\"thumb\":\"https:\\\/\\\/funzine.hu\\\/wp-content\\\/uploads\\\/2019\\\/09\\\/015_Lorenzo-Tugnoli_Contrasto_for-The-Washington-Post-75x50_c.jpg\",\"meta\":{\"aperture\":\"6.3\",\"credit\":\"Photo by Lorenzo Tugnoli\\\/ The Washington Post\\\/ Contrasto\",\"camera\":\"ILCE-7RM2\",\"caption\":\"AZZAN, YEMEN - MAY 22nd, 2018:\\rA veiled woman begs outside a grocery store in the village of Azzan.\\rThe village of Azzan was under the control of Al-Qaeda until the Shabwani elite forces liberated the area in December 2017. This armed group is aligned with a coalition led by Saudi Arabia and the UAE and is operating in the area in the fight against Al-Qaeda.\\r\\rOver the past year, the shadow war between al-Qaeda and local Yemeni fighters has intensified, largely out of sight and out of the headlines. While much attention has been paid to a separate Yemeni civil war pitting northern rebels against the internationally recognised government, the battle being waged by U.S.-backed Yemeni forces against al-Qaeda militants has escalated.\\rBut while the militants have been expelled from some of their strongholds, Yemeni fighters combating the group in the hinterlands of Shabwa and Abyan provinces acknowledge that their recent gains against al-Qaeda are precarious.\\rPhoto by Lorenzo Tugnoli\\\/ The Washington Post\\\/ Contrasto\",\"created_timestamp\":\"1526995484\",\"copyright\":\"Photo by Lorenzo Tugnoli\\\/ The Washington Post\\\/ Contrasto\",\"focal_length\":\"35\",\"iso\":\"800\",\"shutter_speed\":\"0.0003125\",\"title\":\"Yemen Crisis\",\"orientation\":\"1\",\"resized_images\":null},\"thumbnail\":\"https:\\\/\\\/funzine.hu\\\/wp-content\\\/uploads\\\/2019\\\/09\\\/015_Lorenzo-Tugnoli_Contrasto_for-The-Washington-Post-150x150.jpg\",\"medium\":\"https:\\\/\\\/funzine.hu\\\/wp-content\\\/uploads\\\/2019\\\/09\\\/015_Lorenzo-Tugnoli_Contrasto_for-The-Washington-Post-300x200.jpg\",\"medium_large\":\"https:\\\/\\\/funzine.hu\\\/wp-content\\\/uploads\\\/2019\\\/09\\\/015_Lorenzo-Tugnoli_Contrasto_for-The-Washington-Post-768x512.jpg\",\"large\":\"https:\\\/\\\/funzine.hu\\\/wp-content\\\/uploads\\\/2019\\\/09\\\/015_Lorenzo-Tugnoli_Contrasto_for-The-Washington-Post-1024x683.jpg\",\"1536x1536\":\"https:\\\/\\\/funzine.hu\\\/wp-content\\\/uploads\\\/2019\\\/09\\\/015_Lorenzo-Tugnoli_Contrasto_for-The-Washington-Post.jpg\",\"2048x2048\":\"https:\\\/\\\/funzine.hu\\\/wp-content\\\/uploads\\\/2019\\\/09\\\/015_Lorenzo-Tugnoli_Contrasto_for-The-Washington-Post.jpg\",\"alm-thumbnail\":\"https:\\\/\\\/funzine.hu\\\/wp-content\\\/uploads\\\/2019\\\/09\\\/015_Lorenzo-Tugnoli_Contrasto_for-The-Washington-Post.jpg\",\"wprm-metadata-1_1\":\"https:\\\/\\\/funzine.hu\\\/wp-content\\\/uploads\\\/2019\\\/09\\\/015_Lorenzo-Tugnoli_Contrasto_for-The-Washington-Post-500x500.jpg\",\"wprm-metadata-4_3\":\"https:\\\/\\\/funzine.hu\\\/wp-content\\\/uploads\\\/2019\\\/09\\\/015_Lorenzo-Tugnoli_Contrasto_for-The-Washington-Post-500x375.jpg\",\"wprm-metadata-16_9\":\"https:\\\/\\\/funzine.hu\\\/wp-content\\\/uploads\\\/2019\\\/09\\\/015_Lorenzo-Tugnoli_Contrasto_for-The-Washington-Post-480x270.jpg\",\"featured-big\":\"https:\\\/\\\/funzine.hu\\\/wp-content\\\/uploads\\\/2019\\\/09\\\/015_Lorenzo-Tugnoli_Contrasto_for-The-Washington-Post-950x700.jpg\",\"funzine-large\":\"https:\\\/\\\/funzine.hu\\\/wp-content\\\/uploads\\\/2019\\\/09\\\/015_Lorenzo-Tugnoli_Contrasto_for-The-Washington-Post-850x567.jpg\",\"img-825x510\":\"https:\\\/\\\/funzine.hu\\\/wp-content\\\/uploads\\\/2019\\\/09\\\/015_Lorenzo-Tugnoli_Contrasto_for-The-Washington-Post-825x510.jpg\",\"img-759x600\":\"https:\\\/\\\/funzine.hu\\\/wp-content\\\/uploads\\\/2019\\\/09\\\/015_Lorenzo-Tugnoli_Contrasto_for-The-Washington-Post-759x600.jpg\",\"img-759x300\":\"https:\\\/\\\/funzine.hu\\\/wp-content\\\/uploads\\\/2019\\\/09\\\/015_Lorenzo-Tugnoli_Contrasto_for-The-Washington-Post-759x300.jpg\",\"img-480x350\":\"https:\\\/\\\/funzine.hu\\\/wp-content\\\/uploads\\\/2019\\\/09\\\/015_Lorenzo-Tugnoli_Contrasto_for-The-Washington-Post-480x350.jpg\",\"img-378x300\":\"https:\\\/\\\/funzine.hu\\\/wp-content\\\/uploads\\\/2019\\\/09\\\/015_Lorenzo-Tugnoli_Contrasto_for-The-Washington-Post-378x300.jpg\",\"img-360x240\":\"https:\\\/\\\/funzine.hu\\\/wp-content\\\/uploads\\\/2019\\\/09\\\/015_Lorenzo-Tugnoli_Contrasto_for-The-Washington-Post-360x240.jpg\",\"img-300x200\":\"https:\\\/\\\/funzine.hu\\\/wp-content\\\/uploads\\\/2019\\\/09\\\/015_Lorenzo-Tugnoli_Contrasto_for-The-Washington-Post-300x200.jpg\",\"img-393x447\":\"https:\\\/\\\/funzine.hu\\\/wp-content\\\/uploads\\\/2019\\\/09\\\/015_Lorenzo-Tugnoli_Contrasto_for-The-Washington-Post-393x447.jpg\",\"img-393x300\":\"https:\\\/\\\/funzine.hu\\\/wp-content\\\/uploads\\\/2019\\\/09\\\/015_Lorenzo-Tugnoli_Contrasto_for-The-Washington-Post-393x297.jpg\",\"img-970x300\":\"https:\\\/\\\/funzine.hu\\\/wp-content\\\/uploads\\\/2019\\\/09\\\/015_Lorenzo-Tugnoli_Contrasto_for-The-Washington-Post-970x300.jpg\",\"full\":\"https:\\\/\\\/funzine.hu\\\/wp-content\\\/uploads\\\/2019\\\/09\\\/015_Lorenzo-Tugnoli_Contrasto_for-The-Washington-Post.jpg\",\"index\":3,\"id\":346836,\"video\":false,\"opts\":{\"caption\":\"Yemen Crisis by Lorenzo Tugnoli\",\"thumb\":\"https:\\\/\\\/funzine.hu\\\/wp-content\\\/uploads\\\/2019\\\/09\\\/015_Lorenzo-Tugnoli_Contrasto_for-The-Washington-Post-75x50_c.jpg\",\"title\":\"Yemen Crisis by Lorenzo Tugnoli\"},\"gallery_id\":\"346835\"}]' data-lightbox-theme='{&quot;arrows&quot;:true,&quot;margins&quot;:[120,0],&quot;gutter&quot;:&quot;100&quot;,&quot;thumbs_position&quot;:&quot;bottom&quot;,&quot;base_template&quot;:&quot;&lt;div id=\\&quot;envirabox-346835\\&quot; data-envirabox-id=\\&quot;346835\\&quot; class=\\&quot;envirabox-container envirabox-theme-base_dark envirabox-wrap\\&quot; role=\\&quot;dialog\\&quot;&gt;&lt;div class=\\&quot;envirabox-bg\\&quot;&gt;&lt;\\\/div&gt;&lt;div class=\\&quot;envirabox-outer\\&quot;&gt;&lt;div class=\\&quot;envirabox-inner\\&quot;&gt;&lt;div class=\\&quot;envirabox-caption-wrap\\&quot;&gt;&lt;div class=\\&quot;envirabox-title\\&quot;&gt;&lt;\\\/div&gt;&lt;\\\/div&gt;&lt;div class=\\&quot;envirabox-toolbar\\&quot;&gt;&lt;div class=\\&quot;envira-close-button\\&quot;&gt;&lt;a data-envirabox-close class=\\&quot;envirabox-item envirabox-close envirabox-button--close\\&quot; title=\\&quot;Close\\&quot; href=\\&quot;#\\&quot;&gt;&lt;\\\/a&gt;&lt;\\\/div&gt;&lt;\\\/div&gt;&lt;div class=\\&quot;envirabox-navigation\\&quot;&gt;&lt;a data-envirabox-prev title=\\&quot;Prev\\&quot; class=\\&quot;envirabox-arrow envirabox-arrow--left envirabox-nav envirabox-prev\\&quot; href=\\&quot;#\\&quot;&gt;&lt;span&gt;&lt;\\\/span&gt;&lt;\\\/a&gt;&lt;a data-envirabox-next title=\\&quot;Next\\&quot; class=\\&quot;envirabox-arrow envirabox-arrow--right envirabox-nav envirabox-next\\&quot; href=\\&quot;#\\&quot;&gt;&lt;span&gt;&lt;\\\/span&gt;&lt;\\\/a&gt;&lt;\\\/div&gt;&lt;div class=\\&quot;envirabox-stage\\&quot;&gt;&lt;\\\/div&gt;&lt;\\\/div&gt;&lt;\\\/div&gt;&lt;\\\/div&gt;&quot;,&quot;load_all&quot;:false,&quot;error_template&quot;:&quot;&lt;div class=\\&quot;envirabox-error\\&quot;&gt;&lt;p&gt;{{ERROR}}&lt;p&gt;&lt;\\\/div&gt;&quot;,&quot;inner_caption&quot;:false,&quot;caption_position&quot;:false,&quot;arrow_position&quot;:false,&quot;toolbar&quot;:true,&quot;infobar&quot;:false,&quot;show_smallbtn&quot;:false,&quot;idle_time&quot;:false,&quot;click_content&quot;:false,&quot;click_slide&quot;:false,&quot;click_outside&quot;:false,&quot;animation_duration&quot;:false,&quot;transition_duration&quot;:false,&quot;small_btn_template&quot;:&quot;&lt;a data-envirabox-close class=\\&quot;envirabox-item envirabox-close envirabox-button--close\\&quot; title=\\&quot;Close\\&quot; href=\\&quot;#\\&quot;&gt;&lt;\\\/a&gt;&quot;}' data-parsed-attrs='{\"id\":\"346835\",\"cache\":true}'><div id=\"envira-gallery-item-346842\" class=\"envira-gallery-item envira-gallery-item-1 envira-lazy-load enviratope-item\" style=\"padding-left: 5px; padding-bottom: 10px; padding-right: 5px;\"  itemscope itemtype=\"https:\/\/schema.org\/ImageObject\"><div class=\"envira-gallery-item-inner\"><div class=\"envira-gallery-position-overlay envira-gallery-top-left\"><\/div><div class=\"envira-gallery-position-overlay envira-gallery-top-right\"><\/div><div class=\"envira-gallery-position-overlay envira-gallery-bottom-left\"><\/div><div class=\"envira-gallery-position-overlay envira-gallery-bottom-right\"><\/div><a class=\"envira-gallery-346835 envira-gallery-link\" href=\"https:\/\/funzine.hu\/wp-content\/uploads\/2019\/09\/018_Lorenzo-Tugnoli_Contrasto_for-The-Washington.jpg\" title=\"Yemen Crisis by Lorenzo Tugnoli\" data-caption=\"Yemen Crisis by Lorenzo Tugnoli\" data-envira-item-id=\"346842\" data-envira-retina=\"https:\/\/funzine.hu\/wp-content\/uploads\/2019\/09\/018_Lorenzo-Tugnoli_Contrasto_for-The-Washington.jpg\" data-thumb=\"https:\/\/funzine.hu\/wp-content\/uploads\/2019\/09\/018_Lorenzo-Tugnoli_Contrasto_for-The-Washington-75x50_c.jpg\" data-title=\"Yemen Crisis by Lorenzo Tugnoli\" data-envirabox='346835' itemprop=\"contentUrl\"><div class=\"envira-lazy\" style=\"padding-bottom: 75%;\" data-envira-changed=\"false\" data-width=\"640\" data-height=\"480\"><img decoding=\"async\" src=\"https:\/\/funzine.hu\/wp-content\/uploads\/2019\/09\/018_Lorenzo-Tugnoli_Contrasto_for-The-Washington-640x480_c.jpg\" alt=\"\" class=\"envira-gallery-image envira-gallery-image-1    envira-lazy\" height=\"480\" id=\"envira-gallery-image-346842\" srcset=\"data:image\/gif;base64,R0lGODlhAQABAIAAAP\/\/\/\/\/\/\/yH5BAEKAAEALAAAAAABAAEAAAICTAEAOw==\" tabindex=\"-1\" title=\"Yemen Crisis by Lorenzo Tugnoli\" width=\"640\" data-caption=\"Yemen Crisis by Lorenzo Tugnoli\" data-envira-gallery-id=\"346835\" data-envira-index=\"0\" data-envira-item-id=\"346842\" data-envira-src=\"https:\/\/funzine.hu\/wp-content\/uploads\/2019\/09\/018_Lorenzo-Tugnoli_Contrasto_for-The-Washington-640x480_c.jpg\" data-envira-srcset=\"https:\/\/funzine.hu\/wp-content\/uploads\/2019\/09\/018_Lorenzo-Tugnoli_Contrasto_for-The-Washington-640x480_c.jpg 400w, https:\/\/funzine.hu\/wp-content\/uploads\/2019\/09\/018_Lorenzo-Tugnoli_Contrasto_for-The-Washington-640x480_c.jpg 2x\" data-title=\"Yemen Crisis by Lorenzo Tugnoli\" itemprop=\"thumbnailUrl\"  data-envirabox=\"346835\" \/><\/div><\/a><div class=\"envira-gallery-captioned-data envira-gallery-captioned-data-base\"><\/div><\/div><\/div><div id=\"envira-gallery-item-346840\" class=\"envira-gallery-item envira-gallery-item-2 envira-lazy-load enviratope-item\" style=\"padding-left: 5px; padding-bottom: 10px; padding-right: 5px;\"  itemscope itemtype=\"https:\/\/schema.org\/ImageObject\"><div class=\"envira-gallery-item-inner\"><div class=\"envira-gallery-position-overlay envira-gallery-top-left\"><\/div><div class=\"envira-gallery-position-overlay envira-gallery-top-right\"><\/div><div class=\"envira-gallery-position-overlay envira-gallery-bottom-left\"><\/div><div class=\"envira-gallery-position-overlay envira-gallery-bottom-right\"><\/div><a class=\"envira-gallery-346835 envira-gallery-link\" href=\"https:\/\/funzine.hu\/wp-content\/uploads\/2019\/09\/017_Lorenzo-Tugnoli_Contrasto_for-The-Washington.jpg\" title=\"Yemen Crisis by Lorenzo Tugnoli\" data-caption=\"Yemen Crisis by Lorenzo Tugnoli\" data-envira-item-id=\"346840\" data-envira-retina=\"https:\/\/funzine.hu\/wp-content\/uploads\/2019\/09\/017_Lorenzo-Tugnoli_Contrasto_for-The-Washington.jpg\" data-thumb=\"https:\/\/funzine.hu\/wp-content\/uploads\/2019\/09\/017_Lorenzo-Tugnoli_Contrasto_for-The-Washington-75x50_c.jpg\" data-title=\"Yemen Crisis by Lorenzo Tugnoli\" data-envirabox='346835' itemprop=\"contentUrl\"><div class=\"envira-lazy\" style=\"padding-bottom: 75%;\" data-envira-changed=\"false\" data-width=\"640\" data-height=\"480\"><img decoding=\"async\" src=\"https:\/\/funzine.hu\/wp-content\/uploads\/2019\/09\/017_Lorenzo-Tugnoli_Contrasto_for-The-Washington-640x480_c.jpg\" alt=\"\" class=\"envira-gallery-image envira-gallery-image-2    envira-lazy\" height=\"480\" id=\"envira-gallery-image-346840\" srcset=\"data:image\/gif;base64,R0lGODlhAQABAIAAAP\/\/\/\/\/\/\/yH5BAEKAAEALAAAAAABAAEAAAICTAEAOw==\" tabindex=\"-1\" title=\"Yemen Crisis by Lorenzo Tugnoli\" width=\"640\" data-caption=\"Yemen Crisis by Lorenzo Tugnoli\" data-envira-gallery-id=\"346835\" data-envira-index=\"1\" data-envira-item-id=\"346840\" data-envira-src=\"https:\/\/funzine.hu\/wp-content\/uploads\/2019\/09\/017_Lorenzo-Tugnoli_Contrasto_for-The-Washington-640x480_c.jpg\" data-envira-srcset=\"https:\/\/funzine.hu\/wp-content\/uploads\/2019\/09\/017_Lorenzo-Tugnoli_Contrasto_for-The-Washington-640x480_c.jpg 400w, https:\/\/funzine.hu\/wp-content\/uploads\/2019\/09\/017_Lorenzo-Tugnoli_Contrasto_for-The-Washington-640x480_c.jpg 2x\" data-title=\"Yemen Crisis by Lorenzo Tugnoli\" itemprop=\"thumbnailUrl\"  data-envirabox=\"346835\" \/><\/div><\/a><div class=\"envira-gallery-captioned-data envira-gallery-captioned-data-base\"><\/div><\/div><\/div><div id=\"envira-gallery-item-346838\" class=\"envira-gallery-item envira-gallery-item-3 envira-lazy-load enviratope-item\" style=\"padding-left: 5px; padding-bottom: 10px; padding-right: 5px;\"  itemscope itemtype=\"https:\/\/schema.org\/ImageObject\"><div class=\"envira-gallery-item-inner\"><div class=\"envira-gallery-position-overlay envira-gallery-top-left\"><\/div><div class=\"envira-gallery-position-overlay envira-gallery-top-right\"><\/div><div class=\"envira-gallery-position-overlay envira-gallery-bottom-left\"><\/div><div class=\"envira-gallery-position-overlay envira-gallery-bottom-right\"><\/div><a class=\"envira-gallery-346835 envira-gallery-link\" href=\"https:\/\/funzine.hu\/wp-content\/uploads\/2019\/09\/016_Lorenzo-Tugnoli_Contrasto_for-The-Washington.jpg\" title=\"Yemen Crisis by Lorenzo Tugnoli\" data-caption=\"Yemen Crisis by Lorenzo Tugnoli\" data-envira-item-id=\"346838\" data-envira-retina=\"https:\/\/funzine.hu\/wp-content\/uploads\/2019\/09\/016_Lorenzo-Tugnoli_Contrasto_for-The-Washington.jpg\" data-thumb=\"https:\/\/funzine.hu\/wp-content\/uploads\/2019\/09\/016_Lorenzo-Tugnoli_Contrasto_for-The-Washington-75x50_c.jpg\" data-title=\"Yemen Crisis by Lorenzo Tugnoli\" data-envirabox='346835' itemprop=\"contentUrl\"><div class=\"envira-lazy\" style=\"padding-bottom: 75%;\" data-envira-changed=\"false\" data-width=\"640\" data-height=\"480\"><img decoding=\"async\" src=\"https:\/\/funzine.hu\/wp-content\/uploads\/2019\/09\/016_Lorenzo-Tugnoli_Contrasto_for-The-Washington-640x480_c.jpg\" alt=\"\" class=\"envira-gallery-image envira-gallery-image-3    envira-lazy\" height=\"480\" id=\"envira-gallery-image-346838\" srcset=\"data:image\/gif;base64,R0lGODlhAQABAIAAAP\/\/\/\/\/\/\/yH5BAEKAAEALAAAAAABAAEAAAICTAEAOw==\" tabindex=\"-1\" title=\"Yemen Crisis by Lorenzo Tugnoli\" width=\"640\" data-caption=\"Yemen Crisis by Lorenzo Tugnoli\" data-envira-gallery-id=\"346835\" data-envira-index=\"2\" data-envira-item-id=\"346838\" data-envira-src=\"https:\/\/funzine.hu\/wp-content\/uploads\/2019\/09\/016_Lorenzo-Tugnoli_Contrasto_for-The-Washington-640x480_c.jpg\" data-envira-srcset=\"https:\/\/funzine.hu\/wp-content\/uploads\/2019\/09\/016_Lorenzo-Tugnoli_Contrasto_for-The-Washington-640x480_c.jpg 400w, https:\/\/funzine.hu\/wp-content\/uploads\/2019\/09\/016_Lorenzo-Tugnoli_Contrasto_for-The-Washington-640x480_c.jpg 2x\" data-title=\"Yemen Crisis by Lorenzo Tugnoli\" itemprop=\"thumbnailUrl\"  data-envirabox=\"346835\" \/><\/div><\/a><div class=\"envira-gallery-captioned-data envira-gallery-captioned-data-base\"><\/div><\/div><\/div><div id=\"envira-gallery-item-346836\" class=\"envira-gallery-item envira-gallery-item-4 envira-lazy-load enviratope-item\" style=\"padding-left: 5px; padding-bottom: 10px; padding-right: 5px;\"  itemscope itemtype=\"https:\/\/schema.org\/ImageObject\"><div class=\"envira-gallery-item-inner\"><div class=\"envira-gallery-position-overlay envira-gallery-top-left\"><\/div><div class=\"envira-gallery-position-overlay envira-gallery-top-right\"><\/div><div class=\"envira-gallery-position-overlay envira-gallery-bottom-left\"><\/div><div class=\"envira-gallery-position-overlay envira-gallery-bottom-right\"><\/div><a class=\"envira-gallery-346835 envira-gallery-link\" href=\"https:\/\/funzine.hu\/wp-content\/uploads\/2019\/09\/015_Lorenzo-Tugnoli_Contrasto_for-The-Washington-Post.jpg\" title=\"Yemen Crisis by Lorenzo Tugnoli\" data-caption=\"Yemen Crisis by Lorenzo Tugnoli\" data-envira-item-id=\"346836\" data-envira-retina=\"https:\/\/funzine.hu\/wp-content\/uploads\/2019\/09\/015_Lorenzo-Tugnoli_Contrasto_for-The-Washington-Post.jpg\" data-thumb=\"https:\/\/funzine.hu\/wp-content\/uploads\/2019\/09\/015_Lorenzo-Tugnoli_Contrasto_for-The-Washington-Post-75x50_c.jpg\" data-title=\"Yemen Crisis by Lorenzo Tugnoli\" data-envirabox='346835' itemprop=\"contentUrl\"><div class=\"envira-lazy\" style=\"padding-bottom: 75%;\" data-envira-changed=\"false\" data-width=\"640\" data-height=\"480\"><img decoding=\"async\" src=\"https:\/\/funzine.hu\/wp-content\/uploads\/2019\/09\/015_Lorenzo-Tugnoli_Contrasto_for-The-Washington-Post-640x480_c.jpg\" alt=\"\" class=\"envira-gallery-image envira-gallery-image-4    envira-lazy\" height=\"480\" id=\"envira-gallery-image-346836\" srcset=\"data:image\/gif;base64,R0lGODlhAQABAIAAAP\/\/\/\/\/\/\/yH5BAEKAAEALAAAAAABAAEAAAICTAEAOw==\" tabindex=\"-1\" title=\"Yemen Crisis by Lorenzo Tugnoli\" width=\"640\" data-caption=\"Yemen Crisis by Lorenzo Tugnoli\" data-envira-gallery-id=\"346835\" data-envira-index=\"3\" data-envira-item-id=\"346836\" data-envira-src=\"https:\/\/funzine.hu\/wp-content\/uploads\/2019\/09\/015_Lorenzo-Tugnoli_Contrasto_for-The-Washington-Post-640x480_c.jpg\" data-envira-srcset=\"https:\/\/funzine.hu\/wp-content\/uploads\/2019\/09\/015_Lorenzo-Tugnoli_Contrasto_for-The-Washington-Post-640x480_c.jpg 400w, https:\/\/funzine.hu\/wp-content\/uploads\/2019\/09\/015_Lorenzo-Tugnoli_Contrasto_for-The-Washington-Post-640x480_c.jpg 2x\" data-title=\"Yemen Crisis by Lorenzo Tugnoli\" itemprop=\"thumbnailUrl\"  data-envirabox=\"346835\" \/><\/div><\/a><div class=\"envira-gallery-captioned-data envira-gallery-captioned-data-base\"><\/div><\/div><\/div><\/div><\/div><noscript><img src='https:\/\/funzine.hu\/wp-content\/uploads\/2019\/09\/018_Lorenzo-Tugnoli_Contrasto_for-The-Washington.jpg' alt='' class='envira_noscript_images ' \/><img src='https:\/\/funzine.hu\/wp-content\/uploads\/2019\/09\/017_Lorenzo-Tugnoli_Contrasto_for-The-Washington.jpg' alt='' class='envira_noscript_images ' \/><img src='https:\/\/funzine.hu\/wp-content\/uploads\/2019\/09\/016_Lorenzo-Tugnoli_Contrasto_for-The-Washington.jpg' alt='' class='envira_noscript_images ' \/><img src='https:\/\/funzine.hu\/wp-content\/uploads\/2019\/09\/015_Lorenzo-Tugnoli_Contrasto_for-The-Washington-Post.jpg' alt='' class='envira_noscript_images ' \/><\/noscript>\n<p>The travelling exhibit is present in 114 locations worldwide, of which the Budapest event is the second most visited. Last year more than 45\u00a0000 people saw the award-winning photos in the Hungarian National Museum. Why is it so successful? The exhibition serves as a reliable source of information showcasing the exclusive work of photo and video reporters. True to World Press Photo\u2019s slogan \u201cConnecting the world to the stories that matter\u201d, the audience will be able to witness a very complex visual documentation (tragic stories, touching photo reports from all around the world) of the past year. In 2019 photographers from 129 countries submitted more than 78 000 photos. The best 143 were chosen by an international panel of judges, 21 journalists and reporters, who decided to award 43 photo reporters. One of them, Bence M\u00e1t\u00e9 is a young Hungarian wildlife photographer who received a first prize for the second time. His winning photo, \u201cHarvesting Frogs\u2019 Legs\u201d, depicts the sad truth of frog\u2019s legs being chopped off (and sold for gastronomy purposes) while they are still alive.<\/p>\n<figure id=\"attachment_346833\" aria-describedby=\"caption-attachment-346833\" style=\"width: 850px\" class=\"wp-caption aligncenter\"><img decoding=\"async\" class=\"size-funzine-large wp-image-346833\" src=\"https:\/\/funzine.hu\/wp-content\/uploads\/2019\/09\/035_Wally-Skalij_Los-Angeles-Times-850x567.jpg\" alt=\"\" width=\"850\" height=\"567\" \/><figcaption id=\"caption-attachment-346833\" class=\"wp-caption-text\">Photo by Wally Skalij<\/figcaption><\/figure>\n<p>The World Press Photo Exhibition will be available at the Hungarian National Museum until 23 October, as an important part of the international and Hungarian cultural life, for the 42<sup>nd<\/sup> time in Budapest. The organizer is Tam\u00e1s R\u00e9v\u00e9sz, former judge and rewarded photographer of the competition. Numerous additional, worth-visit programs will also take place, including Hungarian photographer Fl\u00f3ra Borsi\u2019s surreal exhibition, as well as the announcement of the Digital Storytelling competition\u2019s results.<\/p>\n<p>1088 Budapest, 14-16 M\u00fazeum krt.<\/p>\n","protected":false},"excerpt":{"rendered":"<p>The travelling exhibit is present in 114 locations worldwide.<\/p>\n","protected":false},"author":106,"featured_media":346831,"comment_status":"closed","ping_status":"closed","sticky":false,"template":"","format":"standard","meta":{"_acf_changed":false,"wprm-recipe-roundup-name":"","wprm-recipe-roundup-description":"","ngg_post_thumbnail":0,"footnotes":""},"categories":[1255],"tags":[1328,12859,12858],"post_places":[],"class_list":["post-346830","post","type-post","status-publish","format-standard","has-post-thumbnail","hentry","category-culture","tag-exhibition","tag-global-issues","tag-world-press-photo-exhibition"],"acf":{"connected_places":null,"del_image":""},"yoast_head":"<!-- This site is optimized with the Yoast SEO plugin v27.2 - https:\/\/yoast.com\/product\/yoast-seo-wordpress\/ -->\n<title>Everything about the World Press Photo Exhibition<\/title>\n<meta name=\"description\" content=\"Stunning, impressive, shocking: it would be hard to find better words to describe the photographs of World Press Photo Exhibition.\" \/>\n<meta name=\"robots\" content=\"index, follow, max-snippet:-1, max-image-preview:large, max-video-preview:-1\" \/>\n<link rel=\"canonical\" href=\"https:\/\/funzine.hu\/en\/2019\/09\/30\/culture\/everything-about-the-world-press-photo-exhibition-2019\/\" \/>\n<meta property=\"og:locale\" content=\"en_US\" \/>\n<meta property=\"og:type\" content=\"article\" \/>\n<meta property=\"og:title\" content=\"Everything about the World Press Photo Exhibition\" \/>\n<meta property=\"og:description\" content=\"Stunning, impressive, shocking: it would be hard to find better words to describe the photographs of World Press Photo Exhibition.\" \/>\n<meta property=\"og:url\" content=\"https:\/\/funzine.hu\/en\/2019\/09\/30\/culture\/everything-about-the-world-press-photo-exhibition-2019\/\" \/>\n<meta property=\"og:site_name\" content=\"Funzine\" \/>\n<meta property=\"article:publisher\" content=\"https:\/\/www.facebook.com\/funzine\/\" \/>\n<meta property=\"article:published_time\" content=\"2019-09-30T04:00:34+00:00\" \/>\n<meta property=\"og:image\" content=\"https:\/\/funzine.hu\/wp-content\/uploads\/2019\/09\/003_Catalina-Martin-Chico_Panos-e1569588515448.jpg\" \/>\n\t<meta property=\"og:image:width\" content=\"1200\" \/>\n\t<meta property=\"og:image:height\" content=\"800\" \/>\n\t<meta property=\"og:image:type\" content=\"image\/jpeg\" \/>\n<meta name=\"author\" content=\"Gyenis-Sutus Dolli\" \/>\n<meta name=\"twitter:card\" content=\"summary_large_image\" \/>\n<meta name=\"twitter:creator\" content=\"@funzine\" \/>\n<meta name=\"twitter:site\" content=\"@funzine\" \/>\n<meta name=\"twitter:label1\" content=\"Written by\" \/>\n\t<meta name=\"twitter:data1\" content=\"Gyenis-Sutus Dolli\" \/>\n\t<meta name=\"twitter:label2\" content=\"Est. reading time\" \/>\n\t<meta name=\"twitter:data2\" content=\"2 minutes\" \/>\n<script type=\"application\/ld+json\" class=\"yoast-schema-graph\">{\"@context\":\"https:\/\/schema.org\",\"@graph\":[{\"@type\":\"NewsArticle\",\"@id\":\"https:\/\/funzine.hu\/en\/2019\/09\/30\/culture\/everything-about-the-world-press-photo-exhibition-2019\/#article\",\"isPartOf\":{\"@id\":\"https:\/\/funzine.hu\/en\/2019\/09\/30\/culture\/everything-about-the-world-press-photo-exhibition-2019\/\"},\"author\":{\"name\":\"Gyenis-Sutus Dolli\",\"@id\":\"https:\/\/funzine.hu\/#\/schema\/person\/04926d26ca5f08149128409cb81a9462\"},\"headline\":\"Everything about the World Press Photo Exhibition\",\"datePublished\":\"2019-09-30T04:00:34+00:00\",\"mainEntityOfPage\":{\"@id\":\"https:\/\/funzine.hu\/en\/2019\/09\/30\/culture\/everything-about-the-world-press-photo-exhibition-2019\/\"},\"wordCount\":471,\"image\":{\"@id\":\"https:\/\/funzine.hu\/en\/2019\/09\/30\/culture\/everything-about-the-world-press-photo-exhibition-2019\/#primaryimage\"},\"thumbnailUrl\":\"https:\/\/funzine.hu\/wp-content\/uploads\/2019\/09\/003_Catalina-Martin-Chico_Panos-e1569588515448.jpg\",\"keywords\":[\"exhibition\",\"global issues\",\"World Press Photo Exhibition\"],\"articleSection\":[\"Culture\"],\"inLanguage\":\"en-US\"},{\"@type\":\"WebPage\",\"@id\":\"https:\/\/funzine.hu\/en\/2019\/09\/30\/culture\/everything-about-the-world-press-photo-exhibition-2019\/\",\"url\":\"https:\/\/funzine.hu\/en\/2019\/09\/30\/culture\/everything-about-the-world-press-photo-exhibition-2019\/\",\"name\":\"Everything about the World Press Photo Exhibition\",\"isPartOf\":{\"@id\":\"https:\/\/funzine.hu\/#website\"},\"primaryImageOfPage\":{\"@id\":\"https:\/\/funzine.hu\/en\/2019\/09\/30\/culture\/everything-about-the-world-press-photo-exhibition-2019\/#primaryimage\"},\"image\":{\"@id\":\"https:\/\/funzine.hu\/en\/2019\/09\/30\/culture\/everything-about-the-world-press-photo-exhibition-2019\/#primaryimage\"},\"thumbnailUrl\":\"https:\/\/funzine.hu\/wp-content\/uploads\/2019\/09\/003_Catalina-Martin-Chico_Panos-e1569588515448.jpg\",\"datePublished\":\"2019-09-30T04:00:34+00:00\",\"author\":{\"@id\":\"https:\/\/funzine.hu\/#\/schema\/person\/04926d26ca5f08149128409cb81a9462\"},\"description\":\"Stunning, impressive, shocking: it would be hard to find better words to describe the photographs of World Press Photo Exhibition.\",\"breadcrumb\":{\"@id\":\"https:\/\/funzine.hu\/en\/2019\/09\/30\/culture\/everything-about-the-world-press-photo-exhibition-2019\/#breadcrumb\"},\"inLanguage\":\"en-US\",\"potentialAction\":[{\"@type\":\"ReadAction\",\"target\":[\"https:\/\/funzine.hu\/en\/2019\/09\/30\/culture\/everything-about-the-world-press-photo-exhibition-2019\/\"]}]},{\"@type\":\"ImageObject\",\"inLanguage\":\"en-US\",\"@id\":\"https:\/\/funzine.hu\/en\/2019\/09\/30\/culture\/everything-about-the-world-press-photo-exhibition-2019\/#primaryimage\",\"url\":\"https:\/\/funzine.hu\/wp-content\/uploads\/2019\/09\/003_Catalina-Martin-Chico_Panos-e1569588515448.jpg\",\"contentUrl\":\"https:\/\/funzine.hu\/wp-content\/uploads\/2019\/09\/003_Catalina-Martin-Chico_Panos-e1569588515448.jpg\",\"width\":1200,\"height\":800,\"caption\":\"Photo by Catalina Martin \/\/ Yorladis and her partner live in a house in a temporary camp in Colinas. They met shortly before the peace process. He had just spent two years in prison which he described as being jointly run by the FARC and paramilitary groups, in other words, basically the same war as outside the walls.\"},{\"@type\":\"BreadcrumbList\",\"@id\":\"https:\/\/funzine.hu\/en\/2019\/09\/30\/culture\/everything-about-the-world-press-photo-exhibition-2019\/#breadcrumb\",\"itemListElement\":[{\"@type\":\"ListItem\",\"position\":1,\"name\":\"Home\",\"item\":\"https:\/\/funzine.hu\/en\/\"},{\"@type\":\"ListItem\",\"position\":2,\"name\":\"Everything about the World Press Photo Exhibition\"}]},{\"@type\":\"WebSite\",\"@id\":\"https:\/\/funzine.hu\/#website\",\"url\":\"https:\/\/funzine.hu\/\",\"name\":\"Funzine\",\"description\":\"\",\"potentialAction\":[{\"@type\":\"SearchAction\",\"target\":{\"@type\":\"EntryPoint\",\"urlTemplate\":\"https:\/\/funzine.hu\/?s={search_term_string}\"},\"query-input\":{\"@type\":\"PropertyValueSpecification\",\"valueRequired\":true,\"valueName\":\"search_term_string\"}}],\"inLanguage\":\"en-US\"},{\"@type\":\"Person\",\"@id\":\"https:\/\/funzine.hu\/#\/schema\/person\/04926d26ca5f08149128409cb81a9462\",\"name\":\"Gyenis-Sutus Dolli\",\"image\":{\"@type\":\"ImageObject\",\"inLanguage\":\"en-US\",\"@id\":\"https:\/\/secure.gravatar.com\/avatar\/1512b592524a251efa69b9642c67fb12cff1783cc34643e337dc080865e1efbc?s=96&d=mm&r=g\",\"url\":\"https:\/\/secure.gravatar.com\/avatar\/1512b592524a251efa69b9642c67fb12cff1783cc34643e337dc080865e1efbc?s=96&d=mm&r=g\",\"contentUrl\":\"https:\/\/secure.gravatar.com\/avatar\/1512b592524a251efa69b9642c67fb12cff1783cc34643e337dc080865e1efbc?s=96&d=mm&r=g\",\"caption\":\"Gyenis-Sutus Dolli\"},\"url\":\"https:\/\/funzine.hu\/en\/author\/dollisutus\/\"}]}<\/script>\n<!-- \/ Yoast SEO plugin. -->","yoast_head_json":{"title":"Everything about the World Press Photo Exhibition","description":"Stunning, impressive, shocking: it would be hard to find better words to describe the photographs of World Press Photo Exhibition.","robots":{"index":"index","follow":"follow","max-snippet":"max-snippet:-1","max-image-preview":"max-image-preview:large","max-video-preview":"max-video-preview:-1"},"canonical":"https:\/\/funzine.hu\/en\/2019\/09\/30\/culture\/everything-about-the-world-press-photo-exhibition-2019\/","og_locale":"en_US","og_type":"article","og_title":"Everything about the World Press Photo Exhibition","og_description":"Stunning, impressive, shocking: it would be hard to find better words to describe the photographs of World Press Photo Exhibition.","og_url":"https:\/\/funzine.hu\/en\/2019\/09\/30\/culture\/everything-about-the-world-press-photo-exhibition-2019\/","og_site_name":"Funzine","article_publisher":"https:\/\/www.facebook.com\/funzine\/","article_published_time":"2019-09-30T04:00:34+00:00","og_image":[{"width":1200,"height":800,"url":"https:\/\/funzine.hu\/wp-content\/uploads\/2019\/09\/003_Catalina-Martin-Chico_Panos-e1569588515448.jpg","type":"image\/jpeg"}],"author":"Gyenis-Sutus Dolli","twitter_card":"summary_large_image","twitter_creator":"@funzine","twitter_site":"@funzine","twitter_misc":{"Written by":"Gyenis-Sutus Dolli","Est. reading time":"2 minutes"},"schema":{"@context":"https:\/\/schema.org","@graph":[{"@type":"NewsArticle","@id":"https:\/\/funzine.hu\/en\/2019\/09\/30\/culture\/everything-about-the-world-press-photo-exhibition-2019\/#article","isPartOf":{"@id":"https:\/\/funzine.hu\/en\/2019\/09\/30\/culture\/everything-about-the-world-press-photo-exhibition-2019\/"},"author":{"name":"Gyenis-Sutus Dolli","@id":"https:\/\/funzine.hu\/#\/schema\/person\/04926d26ca5f08149128409cb81a9462"},"headline":"Everything about the World Press Photo Exhibition","datePublished":"2019-09-30T04:00:34+00:00","mainEntityOfPage":{"@id":"https:\/\/funzine.hu\/en\/2019\/09\/30\/culture\/everything-about-the-world-press-photo-exhibition-2019\/"},"wordCount":471,"image":{"@id":"https:\/\/funzine.hu\/en\/2019\/09\/30\/culture\/everything-about-the-world-press-photo-exhibition-2019\/#primaryimage"},"thumbnailUrl":"https:\/\/funzine.hu\/wp-content\/uploads\/2019\/09\/003_Catalina-Martin-Chico_Panos-e1569588515448.jpg","keywords":["exhibition","global issues","World Press Photo Exhibition"],"articleSection":["Culture"],"inLanguage":"en-US"},{"@type":"WebPage","@id":"https:\/\/funzine.hu\/en\/2019\/09\/30\/culture\/everything-about-the-world-press-photo-exhibition-2019\/","url":"https:\/\/funzine.hu\/en\/2019\/09\/30\/culture\/everything-about-the-world-press-photo-exhibition-2019\/","name":"Everything about the World Press Photo Exhibition","isPartOf":{"@id":"https:\/\/funzine.hu\/#website"},"primaryImageOfPage":{"@id":"https:\/\/funzine.hu\/en\/2019\/09\/30\/culture\/everything-about-the-world-press-photo-exhibition-2019\/#primaryimage"},"image":{"@id":"https:\/\/funzine.hu\/en\/2019\/09\/30\/culture\/everything-about-the-world-press-photo-exhibition-2019\/#primaryimage"},"thumbnailUrl":"https:\/\/funzine.hu\/wp-content\/uploads\/2019\/09\/003_Catalina-Martin-Chico_Panos-e1569588515448.jpg","datePublished":"2019-09-30T04:00:34+00:00","author":{"@id":"https:\/\/funzine.hu\/#\/schema\/person\/04926d26ca5f08149128409cb81a9462"},"description":"Stunning, impressive, shocking: it would be hard to find better words to describe the photographs of World Press Photo Exhibition.","breadcrumb":{"@id":"https:\/\/funzine.hu\/en\/2019\/09\/30\/culture\/everything-about-the-world-press-photo-exhibition-2019\/#breadcrumb"},"inLanguage":"en-US","potentialAction":[{"@type":"ReadAction","target":["https:\/\/funzine.hu\/en\/2019\/09\/30\/culture\/everything-about-the-world-press-photo-exhibition-2019\/"]}]},{"@type":"ImageObject","inLanguage":"en-US","@id":"https:\/\/funzine.hu\/en\/2019\/09\/30\/culture\/everything-about-the-world-press-photo-exhibition-2019\/#primaryimage","url":"https:\/\/funzine.hu\/wp-content\/uploads\/2019\/09\/003_Catalina-Martin-Chico_Panos-e1569588515448.jpg","contentUrl":"https:\/\/funzine.hu\/wp-content\/uploads\/2019\/09\/003_Catalina-Martin-Chico_Panos-e1569588515448.jpg","width":1200,"height":800,"caption":"Photo by Catalina Martin \/\/ Yorladis and her partner live in a house in a temporary camp in Colinas. They met shortly before the peace process. He had just spent two years in prison which he described as being jointly run by the FARC and paramilitary groups, in other words, basically the same war as outside the walls."},{"@type":"BreadcrumbList","@id":"https:\/\/funzine.hu\/en\/2019\/09\/30\/culture\/everything-about-the-world-press-photo-exhibition-2019\/#breadcrumb","itemListElement":[{"@type":"ListItem","position":1,"name":"Home","item":"https:\/\/funzine.hu\/en\/"},{"@type":"ListItem","position":2,"name":"Everything about the World Press Photo Exhibition"}]},{"@type":"WebSite","@id":"https:\/\/funzine.hu\/#website","url":"https:\/\/funzine.hu\/","name":"Funzine","description":"","potentialAction":[{"@type":"SearchAction","target":{"@type":"EntryPoint","urlTemplate":"https:\/\/funzine.hu\/?s={search_term_string}"},"query-input":{"@type":"PropertyValueSpecification","valueRequired":true,"valueName":"search_term_string"}}],"inLanguage":"en-US"},{"@type":"Person","@id":"https:\/\/funzine.hu\/#\/schema\/person\/04926d26ca5f08149128409cb81a9462","name":"Gyenis-Sutus Dolli","image":{"@type":"ImageObject","inLanguage":"en-US","@id":"https:\/\/secure.gravatar.com\/avatar\/1512b592524a251efa69b9642c67fb12cff1783cc34643e337dc080865e1efbc?s=96&d=mm&r=g","url":"https:\/\/secure.gravatar.com\/avatar\/1512b592524a251efa69b9642c67fb12cff1783cc34643e337dc080865e1efbc?s=96&d=mm&r=g","contentUrl":"https:\/\/secure.gravatar.com\/avatar\/1512b592524a251efa69b9642c67fb12cff1783cc34643e337dc080865e1efbc?s=96&d=mm&r=g","caption":"Gyenis-Sutus Dolli"},"url":"https:\/\/funzine.hu\/en\/author\/dollisutus\/"}]}},"amp_enabled":true,"_links":{"self":[{"href":"https:\/\/funzine.hu\/en\/wp-json\/wp\/v2\/posts\/346830","targetHints":{"allow":["GET"]}}],"collection":[{"href":"https:\/\/funzine.hu\/en\/wp-json\/wp\/v2\/posts"}],"about":[{"href":"https:\/\/funzine.hu\/en\/wp-json\/wp\/v2\/types\/post"}],"author":[{"embeddable":true,"href":"https:\/\/funzine.hu\/en\/wp-json\/wp\/v2\/users\/106"}],"replies":[{"embeddable":true,"href":"https:\/\/funzine.hu\/en\/wp-json\/wp\/v2\/comments?post=346830"}],"version-history":[{"count":0,"href":"https:\/\/funzine.hu\/en\/wp-json\/wp\/v2\/posts\/346830\/revisions"}],"wp:featuredmedia":[{"embeddable":true,"href":"https:\/\/funzine.hu\/en\/wp-json\/wp\/v2\/media\/346831"}],"wp:attachment":[{"href":"https:\/\/funzine.hu\/en\/wp-json\/wp\/v2\/media?parent=346830"}],"wp:term":[{"taxonomy":"category","embeddable":true,"href":"https:\/\/funzine.hu\/en\/wp-json\/wp\/v2\/categories?post=346830"},{"taxonomy":"post_tag","embeddable":true,"href":"https:\/\/funzine.hu\/en\/wp-json\/wp\/v2\/tags?post=346830"},{"taxonomy":"post_places","embeddable":true,"href":"https:\/\/funzine.hu\/en\/wp-json\/wp\/v2\/post_places?post=346830"}],"curies":[{"name":"wp","href":"https:\/\/api.w.org\/{rel}","templated":true}]}}