{"id":327783,"date":"2019-02-04T05:00:17","date_gmt":"2019-02-04T04:00:17","guid":{"rendered":"https:\/\/funzine.hu\/?p=327783"},"modified":"2019-01-29T13:23:07","modified_gmt":"2019-01-29T12:23:07","slug":"funzine-insider-this-is-how-we-spend-february","status":"publish","type":"post","link":"https:\/\/funzine.hu\/en\/2019\/02\/04\/goodapest-en-2\/funzine-insider-this-is-how-we-spend-february\/","title":{"rendered":"Funzine Insider: This is How We Spend February"},"content":{"rendered":"<p><strong>Three members of Funzine, including native Budapesters and others who have lived here for some time share their favourite places to be and things to do in the city every month. In February, you can see the hints of Timi, L\u00e9na and Zoli.<\/strong><\/p>\n<h2><strong>Timi<\/strong><\/h2>\n<h3><strong>My favourite place to be: Csillaghegyi Meg\u00e1ll\u00f3<\/strong><\/h3>\n<p>As I live in \u00d3buda I like to spend my free time in District III. One of my favourite breakfast places is Csillaghegyi Meg\u00e1ll\u00f3 that is located at the Csillaghegy suburban railway stop. I believe it is one of the best breakfast places according to Tripadvisor. You\u2019ll find heavenly homemade cakes, avocado and eggplant dips, hot sandwiches, and an excellent coffee and tea selection that can be lifesaving on your way to work or after an exhausting visit to the nearby swimming stadium.<\/p>\n<p><img decoding=\"async\" class=\"aligncenter size-full wp-image-327784\" src=\"https:\/\/funzine.hu\/wp-content\/uploads\/2019\/01\/Timi-place.jpg\" alt=\"\" width=\"640\" height=\"631\" srcset=\"https:\/\/funzine.hu\/wp-content\/uploads\/2019\/01\/Timi-place.jpg 640w, https:\/\/funzine.hu\/wp-content\/uploads\/2019\/01\/Timi-place-300x296.jpg 300w\" sizes=\"(max-width: 640px) 100vw, 640px\" \/><\/p>\n<h3><strong>My favourite thing to do: Swimming stadium visit<\/strong><\/h3>\n<p>When in \u00d3buda, it\u2019s worth visiting the recently renovated and friendly-priced Csillaghegy \u00c1rp\u00e1d Spring Spa, the late Csillaghegy Baths and Swimming Pool that boasts a relaxing sauna world too. The swimming pool temperature is cold enough to wake you up in the morning if you like to start your day with a refreshing morning swim as I do. For me, mornings have a magical aura that I like to enjoy. After the swimming session, I often drop by Csillaghegyi Meg\u00e1ll\u00f3 for a cream cheese hot sandwich.<\/p>\n<p><img decoding=\"async\" class=\"aligncenter size-funzine-large wp-image-327785\" src=\"https:\/\/funzine.hu\/wp-content\/uploads\/2019\/01\/Timi-thing-850x682.jpg\" alt=\"\" width=\"850\" height=\"682\" srcset=\"https:\/\/funzine.hu\/wp-content\/uploads\/2019\/01\/Timi-thing-850x682.jpg 850w, https:\/\/funzine.hu\/wp-content\/uploads\/2019\/01\/Timi-thing-300x241.jpg 300w, https:\/\/funzine.hu\/wp-content\/uploads\/2019\/01\/Timi-thing-768x616.jpg 768w, https:\/\/funzine.hu\/wp-content\/uploads\/2019\/01\/Timi-thing.jpg 960w\" sizes=\"(max-width: 850px) 100vw, 850px\" \/><\/p>\n<h2><strong>L\u00e9na<\/strong><\/h2>\n<h3><strong>My favourite thing to do: Daytrip to Normafa<\/strong><\/h3>\n<p>During February I try to take part in winter programs. If it snows, we visit Normafa with my friends for some sledging, after which we like to sip on a glass of hot wine in the nearby homely ski hut. If the slopes are not covered with snow, we go for a long walk in the forest, eat a strudel at the wooden booth, ride the cog railway to V\u00e1rosmajor, and finish the day with a late lunch at Fi\u00f3ka. I also like skating in the winter. Marczib\u00e1nyi t\u00e9r ice rink is located close to our house, so we often spend a few hours there with the family on weekdays and during the weekend too. For me, the best part of cold winter days is warming up in an infrared sauna.<\/p>\n<h3><strong>My favourite place to be: Tab\u00e1n<\/strong><\/h3>\n<p>Surrounded by Gell\u00e9rt Hill, Naphegy, and V\u00e1rhegy, Tab\u00e1n boasts a lovely park, old little streets and buildings as well as several eateries. It is the place of my teenager years. We used to hang out in R\u00e1cz Kert with my friends in the summer that gave home to wild live music concerts. During winter we frequented Tab\u00e1n Tea House. We also went to Tab\u00e1n Art Cinema that I visit nowadays too. I like that it stayed authentic. The Tab\u00e1n area has hosted many music festivals for several years now: once I heard Frank Zappa live, which was amazing. I can\u2019t wait to go to Tab\u00e1n Festival in the spring and end the day in my favourite restaurant, Aranyszarvas established in 1695.<\/p>\n<h2><strong>Zoli<\/strong><\/h2>\n<h3><strong>My favourite place to be: Moh\u00e1cs<\/strong><\/h3>\n<p>For me, February is about one of the most interesting marching in the country, the Bus\u00f3 Festival of Moh\u00e1cs (or Bus\u00f3j\u00e1r\u00e1s as we call it) that our family will attend this year too. Bus\u00f3j\u00e1r\u00e1s is a common way to bid adieu to the winter season and welcome the coming of spring; it is sometimes paralleled with the Rio Carnival and the Carnival of Venice. At the festival the townspeople ward off the evil spirits of winter in frightening masks, making noise with rattles and bells. On the last Thursday of the Carnival season children wear costumes.<\/p>\n<p><img decoding=\"async\" class=\"aligncenter size-full wp-image-327786\" src=\"https:\/\/funzine.hu\/wp-content\/uploads\/2019\/01\/Zoli-place.jpg\" alt=\"\" width=\"800\" height=\"600\" srcset=\"https:\/\/funzine.hu\/wp-content\/uploads\/2019\/01\/Zoli-place.jpg 800w, https:\/\/funzine.hu\/wp-content\/uploads\/2019\/01\/Zoli-place-300x225.jpg 300w, https:\/\/funzine.hu\/wp-content\/uploads\/2019\/01\/Zoli-place-768x576.jpg 768w\" sizes=\"(max-width: 800px) 100vw, 800px\" \/><\/p>\n<h3><strong>My favourite thing to do: Haydn \u2013 The Creation by Concerto Budapest<\/strong><\/h3>\n<p>In the last 4-5 years I have paid special attention to the concerts of Hungarian violinist and conductor Andr\u00e1s Keller and Concerto Budapest. First I attended one of their summer shows which blew my mind. Depicting the creation of the world, The Creation oratorio by Haydn will be staged in Liszt Academy on 15 and 16 February, which makes it the perfect Valentine Day\u2019s gift. This time the Purcell Choir will be joined by two amazing singers, Andrea Rost and Mikl\u00f3s Sebesty\u00e9n who conquered the stages of the Metropolitan Opera of NYC too.<\/p>\n<p><img decoding=\"async\" class=\"aligncenter size-full wp-image-327787\" src=\"https:\/\/funzine.hu\/wp-content\/uploads\/2019\/01\/Zoli-thing-FOT\u00d3-FELV\u00c9GI-ANDREA.jpg\" alt=\"\" width=\"788\" height=\"556\" srcset=\"https:\/\/funzine.hu\/wp-content\/uploads\/2019\/01\/Zoli-thing-FOT\u00d3-FELV\u00c9GI-ANDREA.jpg 788w, https:\/\/funzine.hu\/wp-content\/uploads\/2019\/01\/Zoli-thing-FOT\u00d3-FELV\u00c9GI-ANDREA-300x212.jpg 300w, https:\/\/funzine.hu\/wp-content\/uploads\/2019\/01\/Zoli-thing-FOT\u00d3-FELV\u00c9GI-ANDREA-768x542.jpg 768w\" sizes=\"(max-width: 788px) 100vw, 788px\" \/><\/p>\n","protected":false},"excerpt":{"rendered":"<p>Our top recommendations for you to try this February.<\/p>\n","protected":false},"author":106,"featured_media":327786,"comment_status":"closed","ping_status":"closed","sticky":false,"template":"","format":"standard","meta":{"_acf_changed":false,"wprm-recipe-roundup-name":"","wprm-recipe-roundup-description":"","ngg_post_thumbnail":0,"footnotes":""},"categories":[1388],"tags":[1185,9279,10745,1378],"post_places":[],"class_list":["post-327783","post","type-post","status-publish","format-standard","has-post-thumbnail","hentry","category-goodapest-en-2","tag-concert","tag-outdoor","tag-programs","tag-winter"],"acf":{"connected_places":null,"del_image":""},"yoast_head":"<!-- This site is optimized with the Yoast SEO plugin v27.2 - https:\/\/yoast.com\/product\/yoast-seo-wordpress\/ -->\n<title>Funzine Insider: This is How We Spend February<\/title>\n<meta name=\"description\" content=\"Three members of Funzine, including native Budapesters and others who have lived here for some time share their favourite places to be and things to do in the city every month. In February, you can see the hints of Timi, L\u00e9na and Zoli.\" \/>\n<meta name=\"robots\" content=\"index, follow, max-snippet:-1, max-image-preview:large, max-video-preview:-1\" \/>\n<link rel=\"canonical\" href=\"https:\/\/funzine.hu\/en\/2019\/02\/04\/goodapest-en-2\/funzine-insider-this-is-how-we-spend-february\/\" \/>\n<meta property=\"og:locale\" content=\"en_US\" \/>\n<meta property=\"og:type\" content=\"article\" \/>\n<meta property=\"og:title\" content=\"Funzine Insider: This is How We Spend February\" \/>\n<meta property=\"og:description\" content=\"Three members of Funzine, including native Budapesters and others who have lived here for some time share their favourite places to be and things to do in the city every month. In February, you can see the hints of Timi, L\u00e9na and Zoli.\" \/>\n<meta property=\"og:url\" content=\"https:\/\/funzine.hu\/en\/2019\/02\/04\/goodapest-en-2\/funzine-insider-this-is-how-we-spend-february\/\" \/>\n<meta property=\"og:site_name\" content=\"Funzine\" \/>\n<meta property=\"article:publisher\" content=\"https:\/\/www.facebook.com\/funzine\/\" \/>\n<meta property=\"article:published_time\" content=\"2019-02-04T04:00:17+00:00\" \/>\n<meta property=\"og:image\" content=\"https:\/\/funzine.hu\/wp-content\/uploads\/2019\/01\/Zoli-place.jpg\" \/>\n\t<meta property=\"og:image:width\" content=\"800\" \/>\n\t<meta property=\"og:image:height\" content=\"600\" \/>\n\t<meta property=\"og:image:type\" content=\"image\/jpeg\" \/>\n<meta name=\"author\" content=\"Gyenis-Sutus Dolli\" \/>\n<meta name=\"twitter:card\" content=\"summary_large_image\" \/>\n<meta name=\"twitter:creator\" content=\"@funzine\" \/>\n<meta name=\"twitter:site\" content=\"@funzine\" \/>\n<meta name=\"twitter:label1\" content=\"Written by\" \/>\n\t<meta name=\"twitter:data1\" content=\"Gyenis-Sutus Dolli\" \/>\n\t<meta name=\"twitter:label2\" content=\"Est. reading time\" \/>\n\t<meta name=\"twitter:data2\" content=\"4 minutes\" \/>\n<script type=\"application\/ld+json\" class=\"yoast-schema-graph\">{\"@context\":\"https:\/\/schema.org\",\"@graph\":[{\"@type\":\"NewsArticle\",\"@id\":\"https:\/\/funzine.hu\/en\/2019\/02\/04\/goodapest-en-2\/funzine-insider-this-is-how-we-spend-february\/#article\",\"isPartOf\":{\"@id\":\"https:\/\/funzine.hu\/en\/2019\/02\/04\/goodapest-en-2\/funzine-insider-this-is-how-we-spend-february\/\"},\"author\":{\"name\":\"Gyenis-Sutus Dolli\",\"@id\":\"https:\/\/funzine.hu\/#\/schema\/person\/04926d26ca5f08149128409cb81a9462\"},\"headline\":\"Funzine Insider: This is How We Spend February\",\"datePublished\":\"2019-02-04T04:00:17+00:00\",\"mainEntityOfPage\":{\"@id\":\"https:\/\/funzine.hu\/en\/2019\/02\/04\/goodapest-en-2\/funzine-insider-this-is-how-we-spend-february\/\"},\"wordCount\":741,\"image\":{\"@id\":\"https:\/\/funzine.hu\/en\/2019\/02\/04\/goodapest-en-2\/funzine-insider-this-is-how-we-spend-february\/#primaryimage\"},\"thumbnailUrl\":\"https:\/\/funzine.hu\/wp-content\/uploads\/2019\/01\/Zoli-place.jpg\",\"keywords\":[\"concert\",\"outdoor\",\"programs\",\"winter\"],\"articleSection\":[\"Goodapest\"],\"inLanguage\":\"en-US\"},{\"@type\":\"WebPage\",\"@id\":\"https:\/\/funzine.hu\/en\/2019\/02\/04\/goodapest-en-2\/funzine-insider-this-is-how-we-spend-february\/\",\"url\":\"https:\/\/funzine.hu\/en\/2019\/02\/04\/goodapest-en-2\/funzine-insider-this-is-how-we-spend-february\/\",\"name\":\"Funzine Insider: This is How We Spend February\",\"isPartOf\":{\"@id\":\"https:\/\/funzine.hu\/#website\"},\"primaryImageOfPage\":{\"@id\":\"https:\/\/funzine.hu\/en\/2019\/02\/04\/goodapest-en-2\/funzine-insider-this-is-how-we-spend-february\/#primaryimage\"},\"image\":{\"@id\":\"https:\/\/funzine.hu\/en\/2019\/02\/04\/goodapest-en-2\/funzine-insider-this-is-how-we-spend-february\/#primaryimage\"},\"thumbnailUrl\":\"https:\/\/funzine.hu\/wp-content\/uploads\/2019\/01\/Zoli-place.jpg\",\"datePublished\":\"2019-02-04T04:00:17+00:00\",\"author\":{\"@id\":\"https:\/\/funzine.hu\/#\/schema\/person\/04926d26ca5f08149128409cb81a9462\"},\"description\":\"Three members of Funzine, including native Budapesters and others who have lived here for some time share their favourite places to be and things to do in the city every month. In February, you can see the hints of Timi, L\u00e9na and Zoli.\",\"breadcrumb\":{\"@id\":\"https:\/\/funzine.hu\/en\/2019\/02\/04\/goodapest-en-2\/funzine-insider-this-is-how-we-spend-february\/#breadcrumb\"},\"inLanguage\":\"en-US\",\"potentialAction\":[{\"@type\":\"ReadAction\",\"target\":[\"https:\/\/funzine.hu\/en\/2019\/02\/04\/goodapest-en-2\/funzine-insider-this-is-how-we-spend-february\/\"]}]},{\"@type\":\"ImageObject\",\"inLanguage\":\"en-US\",\"@id\":\"https:\/\/funzine.hu\/en\/2019\/02\/04\/goodapest-en-2\/funzine-insider-this-is-how-we-spend-february\/#primaryimage\",\"url\":\"https:\/\/funzine.hu\/wp-content\/uploads\/2019\/01\/Zoli-place.jpg\",\"contentUrl\":\"https:\/\/funzine.hu\/wp-content\/uploads\/2019\/01\/Zoli-place.jpg\",\"width\":800,\"height\":600},{\"@type\":\"BreadcrumbList\",\"@id\":\"https:\/\/funzine.hu\/en\/2019\/02\/04\/goodapest-en-2\/funzine-insider-this-is-how-we-spend-february\/#breadcrumb\",\"itemListElement\":[{\"@type\":\"ListItem\",\"position\":1,\"name\":\"Home\",\"item\":\"https:\/\/funzine.hu\/en\/\"},{\"@type\":\"ListItem\",\"position\":2,\"name\":\"Funzine Insider: This is How We Spend February\"}]},{\"@type\":\"WebSite\",\"@id\":\"https:\/\/funzine.hu\/#website\",\"url\":\"https:\/\/funzine.hu\/\",\"name\":\"Funzine\",\"description\":\"\",\"potentialAction\":[{\"@type\":\"SearchAction\",\"target\":{\"@type\":\"EntryPoint\",\"urlTemplate\":\"https:\/\/funzine.hu\/?s={search_term_string}\"},\"query-input\":{\"@type\":\"PropertyValueSpecification\",\"valueRequired\":true,\"valueName\":\"search_term_string\"}}],\"inLanguage\":\"en-US\"},{\"@type\":\"Person\",\"@id\":\"https:\/\/funzine.hu\/#\/schema\/person\/04926d26ca5f08149128409cb81a9462\",\"name\":\"Gyenis-Sutus Dolli\",\"image\":{\"@type\":\"ImageObject\",\"inLanguage\":\"en-US\",\"@id\":\"https:\/\/secure.gravatar.com\/avatar\/1512b592524a251efa69b9642c67fb12cff1783cc34643e337dc080865e1efbc?s=96&d=mm&r=g\",\"url\":\"https:\/\/secure.gravatar.com\/avatar\/1512b592524a251efa69b9642c67fb12cff1783cc34643e337dc080865e1efbc?s=96&d=mm&r=g\",\"contentUrl\":\"https:\/\/secure.gravatar.com\/avatar\/1512b592524a251efa69b9642c67fb12cff1783cc34643e337dc080865e1efbc?s=96&d=mm&r=g\",\"caption\":\"Gyenis-Sutus Dolli\"},\"url\":\"https:\/\/funzine.hu\/en\/author\/dollisutus\/\"}]}<\/script>\n<!-- \/ Yoast SEO plugin. -->","yoast_head_json":{"title":"Funzine Insider: This is How We Spend February","description":"Three members of Funzine, including native Budapesters and others who have lived here for some time share their favourite places to be and things to do in the city every month. In February, you can see the hints of Timi, L\u00e9na and Zoli.","robots":{"index":"index","follow":"follow","max-snippet":"max-snippet:-1","max-image-preview":"max-image-preview:large","max-video-preview":"max-video-preview:-1"},"canonical":"https:\/\/funzine.hu\/en\/2019\/02\/04\/goodapest-en-2\/funzine-insider-this-is-how-we-spend-february\/","og_locale":"en_US","og_type":"article","og_title":"Funzine Insider: This is How We Spend February","og_description":"Three members of Funzine, including native Budapesters and others who have lived here for some time share their favourite places to be and things to do in the city every month. In February, you can see the hints of Timi, L\u00e9na and Zoli.","og_url":"https:\/\/funzine.hu\/en\/2019\/02\/04\/goodapest-en-2\/funzine-insider-this-is-how-we-spend-february\/","og_site_name":"Funzine","article_publisher":"https:\/\/www.facebook.com\/funzine\/","article_published_time":"2019-02-04T04:00:17+00:00","og_image":[{"width":800,"height":600,"url":"https:\/\/funzine.hu\/wp-content\/uploads\/2019\/01\/Zoli-place.jpg","type":"image\/jpeg"}],"author":"Gyenis-Sutus Dolli","twitter_card":"summary_large_image","twitter_creator":"@funzine","twitter_site":"@funzine","twitter_misc":{"Written by":"Gyenis-Sutus Dolli","Est. reading time":"4 minutes"},"schema":{"@context":"https:\/\/schema.org","@graph":[{"@type":"NewsArticle","@id":"https:\/\/funzine.hu\/en\/2019\/02\/04\/goodapest-en-2\/funzine-insider-this-is-how-we-spend-february\/#article","isPartOf":{"@id":"https:\/\/funzine.hu\/en\/2019\/02\/04\/goodapest-en-2\/funzine-insider-this-is-how-we-spend-february\/"},"author":{"name":"Gyenis-Sutus Dolli","@id":"https:\/\/funzine.hu\/#\/schema\/person\/04926d26ca5f08149128409cb81a9462"},"headline":"Funzine Insider: This is How We Spend February","datePublished":"2019-02-04T04:00:17+00:00","mainEntityOfPage":{"@id":"https:\/\/funzine.hu\/en\/2019\/02\/04\/goodapest-en-2\/funzine-insider-this-is-how-we-spend-february\/"},"wordCount":741,"image":{"@id":"https:\/\/funzine.hu\/en\/2019\/02\/04\/goodapest-en-2\/funzine-insider-this-is-how-we-spend-february\/#primaryimage"},"thumbnailUrl":"https:\/\/funzine.hu\/wp-content\/uploads\/2019\/01\/Zoli-place.jpg","keywords":["concert","outdoor","programs","winter"],"articleSection":["Goodapest"],"inLanguage":"en-US"},{"@type":"WebPage","@id":"https:\/\/funzine.hu\/en\/2019\/02\/04\/goodapest-en-2\/funzine-insider-this-is-how-we-spend-february\/","url":"https:\/\/funzine.hu\/en\/2019\/02\/04\/goodapest-en-2\/funzine-insider-this-is-how-we-spend-february\/","name":"Funzine Insider: This is How We Spend February","isPartOf":{"@id":"https:\/\/funzine.hu\/#website"},"primaryImageOfPage":{"@id":"https:\/\/funzine.hu\/en\/2019\/02\/04\/goodapest-en-2\/funzine-insider-this-is-how-we-spend-february\/#primaryimage"},"image":{"@id":"https:\/\/funzine.hu\/en\/2019\/02\/04\/goodapest-en-2\/funzine-insider-this-is-how-we-spend-february\/#primaryimage"},"thumbnailUrl":"https:\/\/funzine.hu\/wp-content\/uploads\/2019\/01\/Zoli-place.jpg","datePublished":"2019-02-04T04:00:17+00:00","author":{"@id":"https:\/\/funzine.hu\/#\/schema\/person\/04926d26ca5f08149128409cb81a9462"},"description":"Three members of Funzine, including native Budapesters and others who have lived here for some time share their favourite places to be and things to do in the city every month. In February, you can see the hints of Timi, L\u00e9na and Zoli.","breadcrumb":{"@id":"https:\/\/funzine.hu\/en\/2019\/02\/04\/goodapest-en-2\/funzine-insider-this-is-how-we-spend-february\/#breadcrumb"},"inLanguage":"en-US","potentialAction":[{"@type":"ReadAction","target":["https:\/\/funzine.hu\/en\/2019\/02\/04\/goodapest-en-2\/funzine-insider-this-is-how-we-spend-february\/"]}]},{"@type":"ImageObject","inLanguage":"en-US","@id":"https:\/\/funzine.hu\/en\/2019\/02\/04\/goodapest-en-2\/funzine-insider-this-is-how-we-spend-february\/#primaryimage","url":"https:\/\/funzine.hu\/wp-content\/uploads\/2019\/01\/Zoli-place.jpg","contentUrl":"https:\/\/funzine.hu\/wp-content\/uploads\/2019\/01\/Zoli-place.jpg","width":800,"height":600},{"@type":"BreadcrumbList","@id":"https:\/\/funzine.hu\/en\/2019\/02\/04\/goodapest-en-2\/funzine-insider-this-is-how-we-spend-february\/#breadcrumb","itemListElement":[{"@type":"ListItem","position":1,"name":"Home","item":"https:\/\/funzine.hu\/en\/"},{"@type":"ListItem","position":2,"name":"Funzine Insider: This is How We Spend February"}]},{"@type":"WebSite","@id":"https:\/\/funzine.hu\/#website","url":"https:\/\/funzine.hu\/","name":"Funzine","description":"","potentialAction":[{"@type":"SearchAction","target":{"@type":"EntryPoint","urlTemplate":"https:\/\/funzine.hu\/?s={search_term_string}"},"query-input":{"@type":"PropertyValueSpecification","valueRequired":true,"valueName":"search_term_string"}}],"inLanguage":"en-US"},{"@type":"Person","@id":"https:\/\/funzine.hu\/#\/schema\/person\/04926d26ca5f08149128409cb81a9462","name":"Gyenis-Sutus Dolli","image":{"@type":"ImageObject","inLanguage":"en-US","@id":"https:\/\/secure.gravatar.com\/avatar\/1512b592524a251efa69b9642c67fb12cff1783cc34643e337dc080865e1efbc?s=96&d=mm&r=g","url":"https:\/\/secure.gravatar.com\/avatar\/1512b592524a251efa69b9642c67fb12cff1783cc34643e337dc080865e1efbc?s=96&d=mm&r=g","contentUrl":"https:\/\/secure.gravatar.com\/avatar\/1512b592524a251efa69b9642c67fb12cff1783cc34643e337dc080865e1efbc?s=96&d=mm&r=g","caption":"Gyenis-Sutus Dolli"},"url":"https:\/\/funzine.hu\/en\/author\/dollisutus\/"}]}},"amp_enabled":true,"_links":{"self":[{"href":"https:\/\/funzine.hu\/en\/wp-json\/wp\/v2\/posts\/327783","targetHints":{"allow":["GET"]}}],"collection":[{"href":"https:\/\/funzine.hu\/en\/wp-json\/wp\/v2\/posts"}],"about":[{"href":"https:\/\/funzine.hu\/en\/wp-json\/wp\/v2\/types\/post"}],"author":[{"embeddable":true,"href":"https:\/\/funzine.hu\/en\/wp-json\/wp\/v2\/users\/106"}],"replies":[{"embeddable":true,"href":"https:\/\/funzine.hu\/en\/wp-json\/wp\/v2\/comments?post=327783"}],"version-history":[{"count":0,"href":"https:\/\/funzine.hu\/en\/wp-json\/wp\/v2\/posts\/327783\/revisions"}],"wp:featuredmedia":[{"embeddable":true,"href":"https:\/\/funzine.hu\/en\/wp-json\/wp\/v2\/media\/327786"}],"wp:attachment":[{"href":"https:\/\/funzine.hu\/en\/wp-json\/wp\/v2\/media?parent=327783"}],"wp:term":[{"taxonomy":"category","embeddable":true,"href":"https:\/\/funzine.hu\/en\/wp-json\/wp\/v2\/categories?post=327783"},{"taxonomy":"post_tag","embeddable":true,"href":"https:\/\/funzine.hu\/en\/wp-json\/wp\/v2\/tags?post=327783"},{"taxonomy":"post_places","embeddable":true,"href":"https:\/\/funzine.hu\/en\/wp-json\/wp\/v2\/post_places?post=327783"}],"curies":[{"name":"wp","href":"https:\/\/api.w.org\/{rel}","templated":true}]}}