{"id":322401,"date":"2018-10-23T05:00:20","date_gmt":"2018-10-23T04:00:20","guid":{"rendered":"https:\/\/funzine.hu\/?p=322401"},"modified":"2018-10-18T12:53:47","modified_gmt":"2018-10-18T11:53:47","slug":"monuments","status":"publish","type":"post","link":"https:\/\/funzine.hu\/en\/2018\/10\/23\/goodapest-en-2\/monuments\/","title":{"rendered":"National Monuments and the Stories Behind Them"},"content":{"rendered":"<p class=\"dropcap\"><strong>In October, Hungary commemorates two national events: the execution of the 13 Martyrs of Arad on 6 October, and the start of the Revolution of 1956 on 23 October. On this occasion, we\u2019ll take you on a tour to some of Budapest\u2019s most striking monuments.<\/strong><\/p>\n<h4>Memento Park<\/h4>\n<p>Situated a few kilometres to the south of Budapest, <strong><a href=\"http:\/\/www.mementopark.hu\/?lang=hu\" target=\"_blank\" rel=\"noopener\">Memento Park<\/a> <\/strong>offers visitors a glimpse of the urban-visual culture of Socialist Hungary through a huge collection of original statues and monuments that once dotted the streets of the Hungarian capital. Easily accessible by bus departing every 10-15<sup>th<\/sup> minutes from Kelenf\u00f6ld metro station, Memento Park is the best way to experience what life was like behind the Iron Curtain, except if you\u2019re in possession of a time machine. The symbolic pieces of art displayed here, including allegorical monuments to the Hungarian-Soviet Friendship, as well as statues of Lenin, Marx, B\u00e9la Kun, and the Liberation Army Soldier (a favourite with visitors) are stark reminders of the tyrannous regime. Besides taking selfies with the giant statues, you can also learn about the 1956 revolution and the fall of communism in 1989, and even sit behind the wheel of a classic Trabant.<\/p>\n<p><img decoding=\"async\" class=\"aligncenter size-funzine-large wp-image-322407\" src=\"https:\/\/funzine.hu\/wp-content\/uploads\/2018\/10\/Memento-Park-enhanced-buzz-wide-11006-1395353955-23-850x566.jpg\" alt=\"\" width=\"850\" height=\"566\" srcset=\"https:\/\/funzine.hu\/wp-content\/uploads\/2018\/10\/Memento-Park-enhanced-buzz-wide-11006-1395353955-23-850x566.jpg 850w, https:\/\/funzine.hu\/wp-content\/uploads\/2018\/10\/Memento-Park-enhanced-buzz-wide-11006-1395353955-23-300x200.jpg 300w, https:\/\/funzine.hu\/wp-content\/uploads\/2018\/10\/Memento-Park-enhanced-buzz-wide-11006-1395353955-23-768x511.jpg 768w, https:\/\/funzine.hu\/wp-content\/uploads\/2018\/10\/Memento-Park-enhanced-buzz-wide-11006-1395353955-23-360x240.jpg 360w, https:\/\/funzine.hu\/wp-content\/uploads\/2018\/10\/Memento-Park-enhanced-buzz-wide-11006-1395353955-23.jpg 990w\" sizes=\"(max-width: 850px) 100vw, 850px\" \/><\/p>\n<h4>Batthy\u00e1ny Sanctuary Lamp<\/h4>\n<p>Located on the corner of B\u00e1thory and Hold utca near the grand Szabads\u00e1g square, this monument commemorates the first Prime Minister of Hungary, Count Lajos Batthy\u00e1ny who was executed in this place on 6 October, 1849 by a firing squad. Batthy\u00e1ny\u2019s last words were: \u201cLong live the motherland! Shoot, hunters!\u201d.The sanctuary lamp sits on the former location of the courtyard of the New Building, a sprawling fortress that eventually became a prison. It was designed by architect M\u00f3ric Pog\u00e1ny as early as 1905, but due to the delays caused by the First World War, the unveiling was held two decades later, on 6 October 1926, in the presence of the last surviving soldier of the Revolution of 1848, Istv\u00e1n Leb\u00f3.<\/p>\n<p><img decoding=\"async\" class=\"aligncenter size-funzine-large wp-image-322406\" src=\"https:\/\/funzine.hu\/wp-content\/uploads\/2018\/10\/batthyany_orokmecses-850x638.jpg\" alt=\"\" width=\"850\" height=\"638\" srcset=\"https:\/\/funzine.hu\/wp-content\/uploads\/2018\/10\/batthyany_orokmecses-850x638.jpg 850w, https:\/\/funzine.hu\/wp-content\/uploads\/2018\/10\/batthyany_orokmecses-300x225.jpg 300w, https:\/\/funzine.hu\/wp-content\/uploads\/2018\/10\/batthyany_orokmecses-768x576.jpg 768w, https:\/\/funzine.hu\/wp-content\/uploads\/2018\/10\/batthyany_orokmecses.jpg 900w\" sizes=\"(max-width: 850px) 100vw, 850px\" \/><\/p>\n<h4>Liberty Statue<\/h4>\n<p>Proudly standing atop Gell\u00e9rt Hill, the Liberty Statue (nicknamed \u201cBottle Opener\u201d) is one of the most famous landmarks of Budapest. It was erected in 1947 in remembrance of the Soviet army which \u201cliberated\u201d Hungary from German occupation in front of the south-eastern bastion of the Citadel. The statue itself (designed by Zsigmond Kisfaludi Str\u00f3bl, depicting a woman holding a palm leaf over her head) is 14 meters tall, and comes with a 26 meters high pedestal overlooking the city from a total height of 275 meters. The original inscription on the base of the statue read \u201cTo the memory of the liberating Soviet heroes, erected by the grateful Hungarian people in 1945\u201d. This was changed after the Communist Era ended in 1989 to read as follows: \u201cTo the memory of all those who sacrificed their lives for the independence, freedom, and prosperity of Hungary\u201d.<\/p>\n<p><img decoding=\"async\" class=\"aligncenter size-funzine-large wp-image-322410\" src=\"https:\/\/funzine.hu\/wp-content\/uploads\/2018\/10\/7048211031_839b26f389_b-850x808.jpg\" alt=\"\" width=\"850\" height=\"808\" srcset=\"https:\/\/funzine.hu\/wp-content\/uploads\/2018\/10\/7048211031_839b26f389_b-850x808.jpg 850w, https:\/\/funzine.hu\/wp-content\/uploads\/2018\/10\/7048211031_839b26f389_b-300x285.jpg 300w, https:\/\/funzine.hu\/wp-content\/uploads\/2018\/10\/7048211031_839b26f389_b-768x731.jpg 768w, https:\/\/funzine.hu\/wp-content\/uploads\/2018\/10\/7048211031_839b26f389_b.jpg 1024w\" sizes=\"(max-width: 850px) 100vw, 850px\" \/><\/p>\n<p>&nbsp;<\/p>\n","protected":false},"excerpt":{"rendered":"<p>In October, Hungary commemorates two national events: the execution of the 13 Martyrs of Arad on 6<\/p>\n","protected":false},"author":124,"featured_media":322410,"comment_status":"closed","ping_status":"closed","sticky":false,"template":"","format":"standard","meta":{"_acf_changed":false,"wprm-recipe-roundup-name":"","wprm-recipe-roundup-description":"","ngg_post_thumbnail":0,"footnotes":""},"categories":[1388],"tags":[394,5949,11234,10718],"post_places":[],"class_list":["post-322401","post","type-post","status-publish","format-standard","has-post-thumbnail","hentry","category-goodapest-en-2","tag-budapest-en","tag-memento-park","tag-national-monuments","tag-tourism"],"acf":{"connected_places":null,"del_image":""},"yoast_head":"<!-- This site is optimized with the Yoast SEO plugin v27.2 - https:\/\/yoast.com\/product\/yoast-seo-wordpress\/ -->\n<title>National Monuments and the Stories Behind Them<\/title>\n<meta name=\"description\" content=\"In October, Hungary commemorates two national events: the execution of the 13 Martyrs of Arad on 6 October, and the start of the Revolution of 1956 on 23 October. On this occasion, we\u2019ll take you on a tour to some of Budapest\u2019s most striking monuments.\" \/>\n<meta name=\"robots\" content=\"index, follow, max-snippet:-1, max-image-preview:large, max-video-preview:-1\" \/>\n<link rel=\"canonical\" href=\"https:\/\/funzine.hu\/en\/2018\/10\/23\/goodapest-en-2\/monuments\/\" \/>\n<meta property=\"og:locale\" content=\"en_US\" \/>\n<meta property=\"og:type\" content=\"article\" \/>\n<meta property=\"og:title\" content=\"National Monuments and the Stories Behind Them\" \/>\n<meta property=\"og:description\" content=\"In October, Hungary commemorates two national events: the execution of the 13 Martyrs of Arad on 6 October, and the start of the Revolution of 1956 on 23 October. On this occasion, we\u2019ll take you on a tour to some of Budapest\u2019s most striking monuments.\" \/>\n<meta property=\"og:url\" content=\"https:\/\/funzine.hu\/en\/2018\/10\/23\/goodapest-en-2\/monuments\/\" \/>\n<meta property=\"og:site_name\" content=\"Funzine\" \/>\n<meta property=\"article:publisher\" content=\"https:\/\/www.facebook.com\/funzine\/\" \/>\n<meta property=\"article:published_time\" content=\"2018-10-23T04:00:20+00:00\" \/>\n<meta property=\"og:image\" content=\"https:\/\/funzine.hu\/wp-content\/uploads\/2018\/10\/7048211031_839b26f389_b.jpg\" \/>\n\t<meta property=\"og:image:width\" content=\"1024\" \/>\n\t<meta property=\"og:image:height\" content=\"974\" \/>\n\t<meta property=\"og:image:type\" content=\"image\/jpeg\" \/>\n<meta name=\"author\" content=\"Szerencsi \u00c9vi\" \/>\n<meta name=\"twitter:card\" content=\"summary_large_image\" \/>\n<meta name=\"twitter:creator\" content=\"@funzine\" \/>\n<meta name=\"twitter:site\" content=\"@funzine\" \/>\n<meta name=\"twitter:label1\" content=\"Written by\" \/>\n\t<meta name=\"twitter:data1\" content=\"Szerencsi \u00c9vi\" \/>\n\t<meta name=\"twitter:label2\" content=\"Est. reading time\" \/>\n\t<meta name=\"twitter:data2\" content=\"2 minutes\" \/>\n<script type=\"application\/ld+json\" class=\"yoast-schema-graph\">{\"@context\":\"https:\/\/schema.org\",\"@graph\":[{\"@type\":\"NewsArticle\",\"@id\":\"https:\/\/funzine.hu\/en\/2018\/10\/23\/goodapest-en-2\/monuments\/#article\",\"isPartOf\":{\"@id\":\"https:\/\/funzine.hu\/en\/2018\/10\/23\/goodapest-en-2\/monuments\/\"},\"author\":{\"name\":\"Szerencsi \u00c9vi\",\"@id\":\"https:\/\/funzine.hu\/#\/schema\/person\/0810e58f1bdd55c403ab7eddf38bc21f\"},\"headline\":\"National Monuments and the Stories Behind Them\",\"datePublished\":\"2018-10-23T04:00:20+00:00\",\"mainEntityOfPage\":{\"@id\":\"https:\/\/funzine.hu\/en\/2018\/10\/23\/goodapest-en-2\/monuments\/\"},\"wordCount\":472,\"image\":{\"@id\":\"https:\/\/funzine.hu\/en\/2018\/10\/23\/goodapest-en-2\/monuments\/#primaryimage\"},\"thumbnailUrl\":\"https:\/\/funzine.hu\/wp-content\/uploads\/2018\/10\/7048211031_839b26f389_b.jpg\",\"keywords\":[\"budapest\",\"Memento Park\",\"national monuments\",\"tourism\"],\"articleSection\":[\"Goodapest\"],\"inLanguage\":\"en-US\"},{\"@type\":\"WebPage\",\"@id\":\"https:\/\/funzine.hu\/en\/2018\/10\/23\/goodapest-en-2\/monuments\/\",\"url\":\"https:\/\/funzine.hu\/en\/2018\/10\/23\/goodapest-en-2\/monuments\/\",\"name\":\"National Monuments and the Stories Behind Them\",\"isPartOf\":{\"@id\":\"https:\/\/funzine.hu\/#website\"},\"primaryImageOfPage\":{\"@id\":\"https:\/\/funzine.hu\/en\/2018\/10\/23\/goodapest-en-2\/monuments\/#primaryimage\"},\"image\":{\"@id\":\"https:\/\/funzine.hu\/en\/2018\/10\/23\/goodapest-en-2\/monuments\/#primaryimage\"},\"thumbnailUrl\":\"https:\/\/funzine.hu\/wp-content\/uploads\/2018\/10\/7048211031_839b26f389_b.jpg\",\"datePublished\":\"2018-10-23T04:00:20+00:00\",\"author\":{\"@id\":\"https:\/\/funzine.hu\/#\/schema\/person\/0810e58f1bdd55c403ab7eddf38bc21f\"},\"description\":\"In October, Hungary commemorates two national events: the execution of the 13 Martyrs of Arad on 6 October, and the start of the Revolution of 1956 on 23 October. On this occasion, we\u2019ll take you on a tour to some of Budapest\u2019s most striking monuments.\",\"breadcrumb\":{\"@id\":\"https:\/\/funzine.hu\/en\/2018\/10\/23\/goodapest-en-2\/monuments\/#breadcrumb\"},\"inLanguage\":\"en-US\",\"potentialAction\":[{\"@type\":\"ReadAction\",\"target\":[\"https:\/\/funzine.hu\/en\/2018\/10\/23\/goodapest-en-2\/monuments\/\"]}]},{\"@type\":\"ImageObject\",\"inLanguage\":\"en-US\",\"@id\":\"https:\/\/funzine.hu\/en\/2018\/10\/23\/goodapest-en-2\/monuments\/#primaryimage\",\"url\":\"https:\/\/funzine.hu\/wp-content\/uploads\/2018\/10\/7048211031_839b26f389_b.jpg\",\"contentUrl\":\"https:\/\/funzine.hu\/wp-content\/uploads\/2018\/10\/7048211031_839b26f389_b.jpg\",\"width\":1024,\"height\":974},{\"@type\":\"BreadcrumbList\",\"@id\":\"https:\/\/funzine.hu\/en\/2018\/10\/23\/goodapest-en-2\/monuments\/#breadcrumb\",\"itemListElement\":[{\"@type\":\"ListItem\",\"position\":1,\"name\":\"Home\",\"item\":\"https:\/\/funzine.hu\/en\/\"},{\"@type\":\"ListItem\",\"position\":2,\"name\":\"National Monuments and the Stories Behind Them\"}]},{\"@type\":\"WebSite\",\"@id\":\"https:\/\/funzine.hu\/#website\",\"url\":\"https:\/\/funzine.hu\/\",\"name\":\"Funzine\",\"description\":\"\",\"potentialAction\":[{\"@type\":\"SearchAction\",\"target\":{\"@type\":\"EntryPoint\",\"urlTemplate\":\"https:\/\/funzine.hu\/?s={search_term_string}\"},\"query-input\":{\"@type\":\"PropertyValueSpecification\",\"valueRequired\":true,\"valueName\":\"search_term_string\"}}],\"inLanguage\":\"en-US\"},{\"@type\":\"Person\",\"@id\":\"https:\/\/funzine.hu\/#\/schema\/person\/0810e58f1bdd55c403ab7eddf38bc21f\",\"name\":\"Szerencsi \u00c9vi\",\"image\":{\"@type\":\"ImageObject\",\"inLanguage\":\"en-US\",\"@id\":\"https:\/\/secure.gravatar.com\/avatar\/d2e009342223260e9bb22f2e773c8b6e5659d3a17e1b231a0cf035e92c2c6174?s=96&d=mm&r=g\",\"url\":\"https:\/\/secure.gravatar.com\/avatar\/d2e009342223260e9bb22f2e773c8b6e5659d3a17e1b231a0cf035e92c2c6174?s=96&d=mm&r=g\",\"contentUrl\":\"https:\/\/secure.gravatar.com\/avatar\/d2e009342223260e9bb22f2e773c8b6e5659d3a17e1b231a0cf035e92c2c6174?s=96&d=mm&r=g\",\"caption\":\"Szerencsi \u00c9vi\"},\"url\":\"https:\/\/funzine.hu\/en\/author\/szerencsi-evi\/\"}]}<\/script>\n<!-- \/ Yoast SEO plugin. -->","yoast_head_json":{"title":"National Monuments and the Stories Behind Them","description":"In October, Hungary commemorates two national events: the execution of the 13 Martyrs of Arad on 6 October, and the start of the Revolution of 1956 on 23 October. On this occasion, we\u2019ll take you on a tour to some of Budapest\u2019s most striking monuments.","robots":{"index":"index","follow":"follow","max-snippet":"max-snippet:-1","max-image-preview":"max-image-preview:large","max-video-preview":"max-video-preview:-1"},"canonical":"https:\/\/funzine.hu\/en\/2018\/10\/23\/goodapest-en-2\/monuments\/","og_locale":"en_US","og_type":"article","og_title":"National Monuments and the Stories Behind Them","og_description":"In October, Hungary commemorates two national events: the execution of the 13 Martyrs of Arad on 6 October, and the start of the Revolution of 1956 on 23 October. On this occasion, we\u2019ll take you on a tour to some of Budapest\u2019s most striking monuments.","og_url":"https:\/\/funzine.hu\/en\/2018\/10\/23\/goodapest-en-2\/monuments\/","og_site_name":"Funzine","article_publisher":"https:\/\/www.facebook.com\/funzine\/","article_published_time":"2018-10-23T04:00:20+00:00","og_image":[{"width":1024,"height":974,"url":"https:\/\/funzine.hu\/wp-content\/uploads\/2018\/10\/7048211031_839b26f389_b.jpg","type":"image\/jpeg"}],"author":"Szerencsi \u00c9vi","twitter_card":"summary_large_image","twitter_creator":"@funzine","twitter_site":"@funzine","twitter_misc":{"Written by":"Szerencsi \u00c9vi","Est. reading time":"2 minutes"},"schema":{"@context":"https:\/\/schema.org","@graph":[{"@type":"NewsArticle","@id":"https:\/\/funzine.hu\/en\/2018\/10\/23\/goodapest-en-2\/monuments\/#article","isPartOf":{"@id":"https:\/\/funzine.hu\/en\/2018\/10\/23\/goodapest-en-2\/monuments\/"},"author":{"name":"Szerencsi \u00c9vi","@id":"https:\/\/funzine.hu\/#\/schema\/person\/0810e58f1bdd55c403ab7eddf38bc21f"},"headline":"National Monuments and the Stories Behind Them","datePublished":"2018-10-23T04:00:20+00:00","mainEntityOfPage":{"@id":"https:\/\/funzine.hu\/en\/2018\/10\/23\/goodapest-en-2\/monuments\/"},"wordCount":472,"image":{"@id":"https:\/\/funzine.hu\/en\/2018\/10\/23\/goodapest-en-2\/monuments\/#primaryimage"},"thumbnailUrl":"https:\/\/funzine.hu\/wp-content\/uploads\/2018\/10\/7048211031_839b26f389_b.jpg","keywords":["budapest","Memento Park","national monuments","tourism"],"articleSection":["Goodapest"],"inLanguage":"en-US"},{"@type":"WebPage","@id":"https:\/\/funzine.hu\/en\/2018\/10\/23\/goodapest-en-2\/monuments\/","url":"https:\/\/funzine.hu\/en\/2018\/10\/23\/goodapest-en-2\/monuments\/","name":"National Monuments and the Stories Behind Them","isPartOf":{"@id":"https:\/\/funzine.hu\/#website"},"primaryImageOfPage":{"@id":"https:\/\/funzine.hu\/en\/2018\/10\/23\/goodapest-en-2\/monuments\/#primaryimage"},"image":{"@id":"https:\/\/funzine.hu\/en\/2018\/10\/23\/goodapest-en-2\/monuments\/#primaryimage"},"thumbnailUrl":"https:\/\/funzine.hu\/wp-content\/uploads\/2018\/10\/7048211031_839b26f389_b.jpg","datePublished":"2018-10-23T04:00:20+00:00","author":{"@id":"https:\/\/funzine.hu\/#\/schema\/person\/0810e58f1bdd55c403ab7eddf38bc21f"},"description":"In October, Hungary commemorates two national events: the execution of the 13 Martyrs of Arad on 6 October, and the start of the Revolution of 1956 on 23 October. On this occasion, we\u2019ll take you on a tour to some of Budapest\u2019s most striking monuments.","breadcrumb":{"@id":"https:\/\/funzine.hu\/en\/2018\/10\/23\/goodapest-en-2\/monuments\/#breadcrumb"},"inLanguage":"en-US","potentialAction":[{"@type":"ReadAction","target":["https:\/\/funzine.hu\/en\/2018\/10\/23\/goodapest-en-2\/monuments\/"]}]},{"@type":"ImageObject","inLanguage":"en-US","@id":"https:\/\/funzine.hu\/en\/2018\/10\/23\/goodapest-en-2\/monuments\/#primaryimage","url":"https:\/\/funzine.hu\/wp-content\/uploads\/2018\/10\/7048211031_839b26f389_b.jpg","contentUrl":"https:\/\/funzine.hu\/wp-content\/uploads\/2018\/10\/7048211031_839b26f389_b.jpg","width":1024,"height":974},{"@type":"BreadcrumbList","@id":"https:\/\/funzine.hu\/en\/2018\/10\/23\/goodapest-en-2\/monuments\/#breadcrumb","itemListElement":[{"@type":"ListItem","position":1,"name":"Home","item":"https:\/\/funzine.hu\/en\/"},{"@type":"ListItem","position":2,"name":"National Monuments and the Stories Behind Them"}]},{"@type":"WebSite","@id":"https:\/\/funzine.hu\/#website","url":"https:\/\/funzine.hu\/","name":"Funzine","description":"","potentialAction":[{"@type":"SearchAction","target":{"@type":"EntryPoint","urlTemplate":"https:\/\/funzine.hu\/?s={search_term_string}"},"query-input":{"@type":"PropertyValueSpecification","valueRequired":true,"valueName":"search_term_string"}}],"inLanguage":"en-US"},{"@type":"Person","@id":"https:\/\/funzine.hu\/#\/schema\/person\/0810e58f1bdd55c403ab7eddf38bc21f","name":"Szerencsi \u00c9vi","image":{"@type":"ImageObject","inLanguage":"en-US","@id":"https:\/\/secure.gravatar.com\/avatar\/d2e009342223260e9bb22f2e773c8b6e5659d3a17e1b231a0cf035e92c2c6174?s=96&d=mm&r=g","url":"https:\/\/secure.gravatar.com\/avatar\/d2e009342223260e9bb22f2e773c8b6e5659d3a17e1b231a0cf035e92c2c6174?s=96&d=mm&r=g","contentUrl":"https:\/\/secure.gravatar.com\/avatar\/d2e009342223260e9bb22f2e773c8b6e5659d3a17e1b231a0cf035e92c2c6174?s=96&d=mm&r=g","caption":"Szerencsi \u00c9vi"},"url":"https:\/\/funzine.hu\/en\/author\/szerencsi-evi\/"}]}},"amp_enabled":true,"_links":{"self":[{"href":"https:\/\/funzine.hu\/en\/wp-json\/wp\/v2\/posts\/322401","targetHints":{"allow":["GET"]}}],"collection":[{"href":"https:\/\/funzine.hu\/en\/wp-json\/wp\/v2\/posts"}],"about":[{"href":"https:\/\/funzine.hu\/en\/wp-json\/wp\/v2\/types\/post"}],"author":[{"embeddable":true,"href":"https:\/\/funzine.hu\/en\/wp-json\/wp\/v2\/users\/124"}],"replies":[{"embeddable":true,"href":"https:\/\/funzine.hu\/en\/wp-json\/wp\/v2\/comments?post=322401"}],"version-history":[{"count":0,"href":"https:\/\/funzine.hu\/en\/wp-json\/wp\/v2\/posts\/322401\/revisions"}],"wp:featuredmedia":[{"embeddable":true,"href":"https:\/\/funzine.hu\/en\/wp-json\/wp\/v2\/media\/322410"}],"wp:attachment":[{"href":"https:\/\/funzine.hu\/en\/wp-json\/wp\/v2\/media?parent=322401"}],"wp:term":[{"taxonomy":"category","embeddable":true,"href":"https:\/\/funzine.hu\/en\/wp-json\/wp\/v2\/categories?post=322401"},{"taxonomy":"post_tag","embeddable":true,"href":"https:\/\/funzine.hu\/en\/wp-json\/wp\/v2\/tags?post=322401"},{"taxonomy":"post_places","embeddable":true,"href":"https:\/\/funzine.hu\/en\/wp-json\/wp\/v2\/post_places?post=322401"}],"curies":[{"name":"wp","href":"https:\/\/api.w.org\/{rel}","templated":true}]}}