{"id":281337,"date":"2017-03-06T13:50:43","date_gmt":"2017-03-06T12:50:43","guid":{"rendered":"http:\/\/funzine.hu\/?p=281337\/"},"modified":"2017-03-13T11:11:01","modified_gmt":"2017-03-13T10:11:01","slug":"paint-green-budapest-guide-st-patricks-day","status":"publish","type":"post","link":"https:\/\/funzine.hu\/en\/2017\/03\/06\/goodapest-en-2\/paint-green-budapest-guide-st-patricks-day\/","title":{"rendered":"Paint it Green: Your Budapest Guide to St. Patrick&#8217;s Day"},"content":{"rendered":"<p class=\"dropcap\"><strong>Are you looking forward to celebrating St. Patrick\u2019s Day? For the first time, you will have a chance to spend not one, but four full days with the greenest parade of the globe, filled with tons of great programmes in the heart of Budapest!<\/strong><\/p>\n<p style=\"text-align: center;\"><\/p>\n<p>The special event series will be organized by the IHBC (Irish Hungarian Business Circle): besides the parade, concerts as well as parties or traditional Irish dance performances will be held in the city. So, put on some green clothes along with your biggest smile, enjoy the numerous happenings all over town, and crown the merriments with the pride of Ireland: a couple of mugs of Guinness! In addition to the highlighted events, close to 80 venues will await you with open arms and delicious beers on 17 March, the Day of St. Patrick: clink your glasses in 50 Budapest locations, or visit one of the 30 countryside participating pubs and play for an authentic St. Patrick\u2019s Day Hat! Sl\u00e1inte!<\/p>\n<p style=\"text-align: center;\"><\/p>\n<p>16 March \u2013 St. Patrick\u2019s Festival Budapest, Akv\u00e1rium Klub \u2013 from 6 PM<\/p>\n<p>17 March \u2013 St. Patrick\u2019s Day Guinness pub promotions<\/p>\n<p>18 March \u2013 International Dance Competition of the Central European Irish Dance Academy &#8211; Folyond\u00e1r Sports Hall (1037 Budapest, Folyond\u00e1r utca 15., <strong><a href=\"http:\/\/www.sport.folyondar.hu\/en\">www.sport.folyondar.hu\/en<\/a><\/strong> )<\/p>\n<p>&#8211;\u00a0 Irish Hungarian Business Circle Gala Dinner\u2013 Marriott Hotel (You can register at <strong><a href=\"http:\/\/www.ihbc.hu\/events\">www.ihbc.hu\/events<\/a><\/strong> )<\/p>\n<p>19 March \u2013 St. Patrick\u2019s Day Parade, Szabads\u00e1g t\u00e9r at 3 PM, after party at Instant (New venue: 1073 Budapest, Ak\u00e1cfa utca 49-51.)<\/p>\n","protected":false},"excerpt":{"rendered":"<p>Are you looking forward to celebrating St. Patrick\u2019s Day? For the first time, you will have a chance<\/p>\n","protected":false},"author":12,"featured_media":281362,"comment_status":"closed","ping_status":"closed","sticky":false,"template":"","format":"standard","meta":{"_acf_changed":false,"wprm-recipe-roundup-name":"","wprm-recipe-roundup-description":"","ngg_post_thumbnail":0,"footnotes":""},"categories":[1388],"tags":[9284,7589,9283,9222,486],"post_places":[],"class_list":["post-281337","post","type-post","status-publish","format-standard","has-post-thumbnail","hentry","category-goodapest-en-2","tag-celebration","tag-guinness","tag-ireland","tag-st-patricks-day","tag-traditions"],"acf":{"connected_places":null,"del_image":""},"yoast_head":"<!-- This site is optimized with the Yoast SEO plugin v27.2 - https:\/\/yoast.com\/product\/yoast-seo-wordpress\/ -->\n<title>Paint it Green: Your Budapest Guide to St. Patrick&#039;s Day<\/title>\n<meta name=\"robots\" content=\"index, follow, max-snippet:-1, max-image-preview:large, max-video-preview:-1\" \/>\n<link rel=\"canonical\" href=\"https:\/\/funzine.hu\/en\/2017\/03\/06\/goodapest-en-2\/paint-green-budapest-guide-st-patricks-day\/\" \/>\n<meta property=\"og:locale\" content=\"en_US\" \/>\n<meta property=\"og:type\" content=\"article\" \/>\n<meta property=\"og:title\" content=\"Paint it Green: Your Budapest Guide to St. Patrick&#039;s Day\" \/>\n<meta property=\"og:description\" content=\"Are you looking forward to celebrating St. Patrick\u2019s Day? For the first time, you will have a chance\" \/>\n<meta property=\"og:url\" content=\"https:\/\/funzine.hu\/en\/2017\/03\/06\/goodapest-en-2\/paint-green-budapest-guide-st-patricks-day\/\" \/>\n<meta property=\"og:site_name\" content=\"Funzine\" \/>\n<meta property=\"article:publisher\" content=\"https:\/\/www.facebook.com\/funzine\/\" \/>\n<meta property=\"article:published_time\" content=\"2017-03-06T12:50:43+00:00\" \/>\n<meta property=\"article:modified_time\" content=\"2017-03-13T10:11:01+00:00\" \/>\n<meta property=\"og:image\" content=\"https:\/\/funzine.hu\/wp-content\/uploads\/2017\/03\/dsc03493-msols_25873006972_o-1.jpg\" \/>\n\t<meta property=\"og:image:width\" content=\"1600\" \/>\n\t<meta property=\"og:image:height\" content=\"1200\" \/>\n\t<meta property=\"og:image:type\" content=\"image\/jpeg\" \/>\n<meta name=\"author\" content=\"D\u00f3ra Mez\u0151\" \/>\n<meta name=\"twitter:card\" content=\"summary_large_image\" \/>\n<meta name=\"twitter:creator\" content=\"@funzine\" \/>\n<meta name=\"twitter:site\" content=\"@funzine\" \/>\n<meta name=\"twitter:label1\" content=\"Written by\" \/>\n\t<meta name=\"twitter:data1\" content=\"D\u00f3ra Mez\u0151\" \/>\n\t<meta name=\"twitter:label2\" content=\"Est. reading time\" \/>\n\t<meta name=\"twitter:data2\" content=\"1 minute\" \/>\n<script type=\"application\/ld+json\" class=\"yoast-schema-graph\">{\"@context\":\"https:\/\/schema.org\",\"@graph\":[{\"@type\":\"NewsArticle\",\"@id\":\"https:\/\/funzine.hu\/en\/2017\/03\/06\/goodapest-en-2\/paint-green-budapest-guide-st-patricks-day\/#article\",\"isPartOf\":{\"@id\":\"https:\/\/funzine.hu\/en\/2017\/03\/06\/goodapest-en-2\/paint-green-budapest-guide-st-patricks-day\/\"},\"author\":{\"name\":\"D\u00f3ra Mez\u0151\",\"@id\":\"https:\/\/funzine.hu\/#\/schema\/person\/228417fa17deaa63be7b9a8915890a29\"},\"headline\":\"Paint it Green: Your Budapest Guide to St. Patrick&#8217;s Day\",\"datePublished\":\"2017-03-06T12:50:43+00:00\",\"dateModified\":\"2017-03-13T10:11:01+00:00\",\"mainEntityOfPage\":{\"@id\":\"https:\/\/funzine.hu\/en\/2017\/03\/06\/goodapest-en-2\/paint-green-budapest-guide-st-patricks-day\/\"},\"wordCount\":257,\"image\":{\"@id\":\"https:\/\/funzine.hu\/en\/2017\/03\/06\/goodapest-en-2\/paint-green-budapest-guide-st-patricks-day\/#primaryimage\"},\"thumbnailUrl\":\"https:\/\/funzine.hu\/wp-content\/uploads\/2017\/03\/dsc03493-msols_25873006972_o-1.jpg\",\"keywords\":[\"celebration\",\"Guinness\",\"Ireland\",\"St. Patrick's Day\",\"traditions\"],\"articleSection\":[\"Goodapest\"],\"inLanguage\":\"en-US\"},{\"@type\":\"WebPage\",\"@id\":\"https:\/\/funzine.hu\/en\/2017\/03\/06\/goodapest-en-2\/paint-green-budapest-guide-st-patricks-day\/\",\"url\":\"https:\/\/funzine.hu\/en\/2017\/03\/06\/goodapest-en-2\/paint-green-budapest-guide-st-patricks-day\/\",\"name\":\"Paint it Green: Your Budapest Guide to St. Patrick's Day\",\"isPartOf\":{\"@id\":\"https:\/\/funzine.hu\/#website\"},\"primaryImageOfPage\":{\"@id\":\"https:\/\/funzine.hu\/en\/2017\/03\/06\/goodapest-en-2\/paint-green-budapest-guide-st-patricks-day\/#primaryimage\"},\"image\":{\"@id\":\"https:\/\/funzine.hu\/en\/2017\/03\/06\/goodapest-en-2\/paint-green-budapest-guide-st-patricks-day\/#primaryimage\"},\"thumbnailUrl\":\"https:\/\/funzine.hu\/wp-content\/uploads\/2017\/03\/dsc03493-msols_25873006972_o-1.jpg\",\"datePublished\":\"2017-03-06T12:50:43+00:00\",\"dateModified\":\"2017-03-13T10:11:01+00:00\",\"author\":{\"@id\":\"https:\/\/funzine.hu\/#\/schema\/person\/228417fa17deaa63be7b9a8915890a29\"},\"breadcrumb\":{\"@id\":\"https:\/\/funzine.hu\/en\/2017\/03\/06\/goodapest-en-2\/paint-green-budapest-guide-st-patricks-day\/#breadcrumb\"},\"inLanguage\":\"en-US\",\"potentialAction\":[{\"@type\":\"ReadAction\",\"target\":[\"https:\/\/funzine.hu\/en\/2017\/03\/06\/goodapest-en-2\/paint-green-budapest-guide-st-patricks-day\/\"]}]},{\"@type\":\"ImageObject\",\"inLanguage\":\"en-US\",\"@id\":\"https:\/\/funzine.hu\/en\/2017\/03\/06\/goodapest-en-2\/paint-green-budapest-guide-st-patricks-day\/#primaryimage\",\"url\":\"https:\/\/funzine.hu\/wp-content\/uploads\/2017\/03\/dsc03493-msols_25873006972_o-1.jpg\",\"contentUrl\":\"https:\/\/funzine.hu\/wp-content\/uploads\/2017\/03\/dsc03493-msols_25873006972_o-1.jpg\",\"width\":1600,\"height\":1200},{\"@type\":\"BreadcrumbList\",\"@id\":\"https:\/\/funzine.hu\/en\/2017\/03\/06\/goodapest-en-2\/paint-green-budapest-guide-st-patricks-day\/#breadcrumb\",\"itemListElement\":[{\"@type\":\"ListItem\",\"position\":1,\"name\":\"Home\",\"item\":\"https:\/\/funzine.hu\/en\/\"},{\"@type\":\"ListItem\",\"position\":2,\"name\":\"Paint it Green: Your Budapest Guide to St. Patrick&#8217;s Day\"}]},{\"@type\":\"WebSite\",\"@id\":\"https:\/\/funzine.hu\/#website\",\"url\":\"https:\/\/funzine.hu\/\",\"name\":\"Funzine\",\"description\":\"\",\"potentialAction\":[{\"@type\":\"SearchAction\",\"target\":{\"@type\":\"EntryPoint\",\"urlTemplate\":\"https:\/\/funzine.hu\/?s={search_term_string}\"},\"query-input\":{\"@type\":\"PropertyValueSpecification\",\"valueRequired\":true,\"valueName\":\"search_term_string\"}}],\"inLanguage\":\"en-US\"},{\"@type\":\"Person\",\"@id\":\"https:\/\/funzine.hu\/#\/schema\/person\/228417fa17deaa63be7b9a8915890a29\",\"name\":\"D\u00f3ra Mez\u0151\",\"image\":{\"@type\":\"ImageObject\",\"inLanguage\":\"en-US\",\"@id\":\"https:\/\/secure.gravatar.com\/avatar\/cc678be3e3f1968d754586f01cee521906cc8988c6770805f931d52c28c1f766?s=96&d=mm&r=g\",\"url\":\"https:\/\/secure.gravatar.com\/avatar\/cc678be3e3f1968d754586f01cee521906cc8988c6770805f931d52c28c1f766?s=96&d=mm&r=g\",\"contentUrl\":\"https:\/\/secure.gravatar.com\/avatar\/cc678be3e3f1968d754586f01cee521906cc8988c6770805f931d52c28c1f766?s=96&d=mm&r=g\",\"caption\":\"D\u00f3ra Mez\u0151\"},\"sameAs\":[\"https:\/\/dorothywritessite.wordpress.com\/\"],\"url\":\"https:\/\/funzine.hu\/en\/author\/doramezo\/\"}]}<\/script>\n<!-- \/ Yoast SEO plugin. -->","yoast_head_json":{"title":"Paint it Green: Your Budapest Guide to St. Patrick's Day","robots":{"index":"index","follow":"follow","max-snippet":"max-snippet:-1","max-image-preview":"max-image-preview:large","max-video-preview":"max-video-preview:-1"},"canonical":"https:\/\/funzine.hu\/en\/2017\/03\/06\/goodapest-en-2\/paint-green-budapest-guide-st-patricks-day\/","og_locale":"en_US","og_type":"article","og_title":"Paint it Green: Your Budapest Guide to St. Patrick's Day","og_description":"Are you looking forward to celebrating St. Patrick\u2019s Day? For the first time, you will have a chance","og_url":"https:\/\/funzine.hu\/en\/2017\/03\/06\/goodapest-en-2\/paint-green-budapest-guide-st-patricks-day\/","og_site_name":"Funzine","article_publisher":"https:\/\/www.facebook.com\/funzine\/","article_published_time":"2017-03-06T12:50:43+00:00","article_modified_time":"2017-03-13T10:11:01+00:00","og_image":[{"width":1600,"height":1200,"url":"https:\/\/funzine.hu\/wp-content\/uploads\/2017\/03\/dsc03493-msols_25873006972_o-1.jpg","type":"image\/jpeg"}],"author":"D\u00f3ra Mez\u0151","twitter_card":"summary_large_image","twitter_creator":"@funzine","twitter_site":"@funzine","twitter_misc":{"Written by":"D\u00f3ra Mez\u0151","Est. reading time":"1 minute"},"schema":{"@context":"https:\/\/schema.org","@graph":[{"@type":"NewsArticle","@id":"https:\/\/funzine.hu\/en\/2017\/03\/06\/goodapest-en-2\/paint-green-budapest-guide-st-patricks-day\/#article","isPartOf":{"@id":"https:\/\/funzine.hu\/en\/2017\/03\/06\/goodapest-en-2\/paint-green-budapest-guide-st-patricks-day\/"},"author":{"name":"D\u00f3ra Mez\u0151","@id":"https:\/\/funzine.hu\/#\/schema\/person\/228417fa17deaa63be7b9a8915890a29"},"headline":"Paint it Green: Your Budapest Guide to St. Patrick&#8217;s Day","datePublished":"2017-03-06T12:50:43+00:00","dateModified":"2017-03-13T10:11:01+00:00","mainEntityOfPage":{"@id":"https:\/\/funzine.hu\/en\/2017\/03\/06\/goodapest-en-2\/paint-green-budapest-guide-st-patricks-day\/"},"wordCount":257,"image":{"@id":"https:\/\/funzine.hu\/en\/2017\/03\/06\/goodapest-en-2\/paint-green-budapest-guide-st-patricks-day\/#primaryimage"},"thumbnailUrl":"https:\/\/funzine.hu\/wp-content\/uploads\/2017\/03\/dsc03493-msols_25873006972_o-1.jpg","keywords":["celebration","Guinness","Ireland","St. Patrick's Day","traditions"],"articleSection":["Goodapest"],"inLanguage":"en-US"},{"@type":"WebPage","@id":"https:\/\/funzine.hu\/en\/2017\/03\/06\/goodapest-en-2\/paint-green-budapest-guide-st-patricks-day\/","url":"https:\/\/funzine.hu\/en\/2017\/03\/06\/goodapest-en-2\/paint-green-budapest-guide-st-patricks-day\/","name":"Paint it Green: Your Budapest Guide to St. Patrick's Day","isPartOf":{"@id":"https:\/\/funzine.hu\/#website"},"primaryImageOfPage":{"@id":"https:\/\/funzine.hu\/en\/2017\/03\/06\/goodapest-en-2\/paint-green-budapest-guide-st-patricks-day\/#primaryimage"},"image":{"@id":"https:\/\/funzine.hu\/en\/2017\/03\/06\/goodapest-en-2\/paint-green-budapest-guide-st-patricks-day\/#primaryimage"},"thumbnailUrl":"https:\/\/funzine.hu\/wp-content\/uploads\/2017\/03\/dsc03493-msols_25873006972_o-1.jpg","datePublished":"2017-03-06T12:50:43+00:00","dateModified":"2017-03-13T10:11:01+00:00","author":{"@id":"https:\/\/funzine.hu\/#\/schema\/person\/228417fa17deaa63be7b9a8915890a29"},"breadcrumb":{"@id":"https:\/\/funzine.hu\/en\/2017\/03\/06\/goodapest-en-2\/paint-green-budapest-guide-st-patricks-day\/#breadcrumb"},"inLanguage":"en-US","potentialAction":[{"@type":"ReadAction","target":["https:\/\/funzine.hu\/en\/2017\/03\/06\/goodapest-en-2\/paint-green-budapest-guide-st-patricks-day\/"]}]},{"@type":"ImageObject","inLanguage":"en-US","@id":"https:\/\/funzine.hu\/en\/2017\/03\/06\/goodapest-en-2\/paint-green-budapest-guide-st-patricks-day\/#primaryimage","url":"https:\/\/funzine.hu\/wp-content\/uploads\/2017\/03\/dsc03493-msols_25873006972_o-1.jpg","contentUrl":"https:\/\/funzine.hu\/wp-content\/uploads\/2017\/03\/dsc03493-msols_25873006972_o-1.jpg","width":1600,"height":1200},{"@type":"BreadcrumbList","@id":"https:\/\/funzine.hu\/en\/2017\/03\/06\/goodapest-en-2\/paint-green-budapest-guide-st-patricks-day\/#breadcrumb","itemListElement":[{"@type":"ListItem","position":1,"name":"Home","item":"https:\/\/funzine.hu\/en\/"},{"@type":"ListItem","position":2,"name":"Paint it Green: Your Budapest Guide to St. Patrick&#8217;s Day"}]},{"@type":"WebSite","@id":"https:\/\/funzine.hu\/#website","url":"https:\/\/funzine.hu\/","name":"Funzine","description":"","potentialAction":[{"@type":"SearchAction","target":{"@type":"EntryPoint","urlTemplate":"https:\/\/funzine.hu\/?s={search_term_string}"},"query-input":{"@type":"PropertyValueSpecification","valueRequired":true,"valueName":"search_term_string"}}],"inLanguage":"en-US"},{"@type":"Person","@id":"https:\/\/funzine.hu\/#\/schema\/person\/228417fa17deaa63be7b9a8915890a29","name":"D\u00f3ra Mez\u0151","image":{"@type":"ImageObject","inLanguage":"en-US","@id":"https:\/\/secure.gravatar.com\/avatar\/cc678be3e3f1968d754586f01cee521906cc8988c6770805f931d52c28c1f766?s=96&d=mm&r=g","url":"https:\/\/secure.gravatar.com\/avatar\/cc678be3e3f1968d754586f01cee521906cc8988c6770805f931d52c28c1f766?s=96&d=mm&r=g","contentUrl":"https:\/\/secure.gravatar.com\/avatar\/cc678be3e3f1968d754586f01cee521906cc8988c6770805f931d52c28c1f766?s=96&d=mm&r=g","caption":"D\u00f3ra Mez\u0151"},"sameAs":["https:\/\/dorothywritessite.wordpress.com\/"],"url":"https:\/\/funzine.hu\/en\/author\/doramezo\/"}]}},"amp_enabled":true,"_links":{"self":[{"href":"https:\/\/funzine.hu\/en\/wp-json\/wp\/v2\/posts\/281337","targetHints":{"allow":["GET"]}}],"collection":[{"href":"https:\/\/funzine.hu\/en\/wp-json\/wp\/v2\/posts"}],"about":[{"href":"https:\/\/funzine.hu\/en\/wp-json\/wp\/v2\/types\/post"}],"author":[{"embeddable":true,"href":"https:\/\/funzine.hu\/en\/wp-json\/wp\/v2\/users\/12"}],"replies":[{"embeddable":true,"href":"https:\/\/funzine.hu\/en\/wp-json\/wp\/v2\/comments?post=281337"}],"version-history":[{"count":0,"href":"https:\/\/funzine.hu\/en\/wp-json\/wp\/v2\/posts\/281337\/revisions"}],"wp:featuredmedia":[{"embeddable":true,"href":"https:\/\/funzine.hu\/en\/wp-json\/wp\/v2\/media\/281362"}],"wp:attachment":[{"href":"https:\/\/funzine.hu\/en\/wp-json\/wp\/v2\/media?parent=281337"}],"wp:term":[{"taxonomy":"category","embeddable":true,"href":"https:\/\/funzine.hu\/en\/wp-json\/wp\/v2\/categories?post=281337"},{"taxonomy":"post_tag","embeddable":true,"href":"https:\/\/funzine.hu\/en\/wp-json\/wp\/v2\/tags?post=281337"},{"taxonomy":"post_places","embeddable":true,"href":"https:\/\/funzine.hu\/en\/wp-json\/wp\/v2\/post_places?post=281337"}],"curies":[{"name":"wp","href":"https:\/\/api.w.org\/{rel}","templated":true}]}}